{"id":9161,"date":"2019-03-28T08:22:52","date_gmt":"2019-03-28T07:22:52","guid":{"rendered":"http:\/\/bisbalpenedes.com\/web\/?p=9161"},"modified":"2019-03-28T08:24:13","modified_gmt":"2019-03-28T07:24:13","slug":"la-junta-de-govern-aprova-el-pagament-de-32-22535e-pel-recurs-contencios-que-una-extreballadora-de-lajuntament-va-interposar-el-2013","status":"publish","type":"post","link":"https:\/\/bisbalpenedes.com\/web\/2019\/03\/28\/la-junta-de-govern-aprova-el-pagament-de-32-22535e-pel-recurs-contencios-que-una-extreballadora-de-lajuntament-va-interposar-el-2013\/","title":{"rendered":"La Junta de Govern aprova el pagament de 32.225,35\u20ac per complir la sent\u00e8ncia judicial del recurs contenci\u00f3s que una extreballadora de l\u2019Ajuntament va interposar el 2013"},"content":{"rendered":"<p style=\"text-align: justify;\"><span style=\"color: #000000;\">En el Ple extraordinari de febrer de 2019 es va aprovar, per unanimitat, l\u2019acompliment d\u2019una sent\u00e8ncia judicial del Jutjat del Contenci\u00f3s \u2013 Administratiu n\u00famero 1 de Tarragona.<\/span><\/p>\n<p style=\"text-align: justify;\"><span style=\"color: #000000;\">El 2013, una treballadora municipal va interposar un recurs contenci\u00f3s, despr\u00e9s que, \u00a0l\u2019abril del 2013, l\u2019Ajuntament acord\u00e9s declarar finalitzada la seva relaci\u00f3 funcionarial interina amb l\u2019Ajuntament. Aquest recurs va ser resolt a favor de l&#8217;extreballadora, de manera ferma, a finals de 2017, amb el seg\u00fcent text:<\/span><\/p>\n<p style=\"text-align: justify; padding-left: 30px;\"><span style=\"color: #000000;\">\u00a0\u201cEs condemna l\u2019Ajuntament de la Bisbal del Pened\u00e8s a abonar a la recorrent les sumes corresponents als salaris deixats de percebre des del dia 25 d\u2019abril de 2013 fins al 30 d\u2019octubre de 2013, minorats en les sumes percebudes en concepte de desocupaci\u00f3 durant el per\u00edode, totes elles considerades brutes; igualment, es condemna l\u2019Ajuntament demandat a abonar a la recorrent l\u2019import de les pagues extraordin\u00e0ries reclamades de desembre de 2012 i juny i desembre de 2013. Tot l\u2019anterior amb les minoracions degudes per quotes de la Seguretat Social i IRPF, havent l\u2019Ajuntament de procedir a les regularitzacions oportunes, i a m\u00e9s meritant les sumes finals l\u2019inter\u00e8s legal del diner des que havien de ser abonades fins al seu efectiu ingr\u00e9s\u201d.<\/span><\/p>\n<p style=\"text-align: justify;\"><span style=\"color: #000000;\">En la Junta de Govern Local del 22 de mar\u00e7 de 2019, va aprovar\u00a0l\u2019execuci\u00f3 d\u2019aquesta sent\u00e8ncia i el pagament dels imports fixats, essent el total de 32.225,35\u20ac.<\/span><\/p>\n<hr \/>\n<p style=\"text-align: justify;\"><span style=\"color: #000000;\"><strong>CASTELLANO |<\/strong> En el Pleno extraordinari de febrero del 2019 se aprob\u00f3, por unanimidad, el cumplimiento de una sentencia judicial del Juzgado del Contencioso \u2013 Administrativo n\u00famero 1 de Tarragona.<\/span><\/p>\n<p style=\"text-align: justify;\"><span style=\"color: #000000;\">El 2013, una trabajadora municipal interpuso un recurso contencioso, despu\u00e9s que, en abril del 2013, el Ayuntamiento acordase declarar finalizada su relaci\u00f3n funcionarial interina con el Auyuntamiento. Este recurso fue resuelto a favor de la extrabajadora, de manera firme, a finales del 2017, con el siguiente texto:<\/span><\/p>\n<p style=\"text-align: justify; padding-left: 30px;\"><span style=\"color: #000000;\">\u00a0\u201cSe condena al Ayuntamiento de la Bisbal del Pened\u00e8s a abonar a la recurrente las sumas correspondientes a los salarios dejados de percibir desde el d\u00eda 25 de abril del 2013 hasta el 30 de octubre del 2013, minorados en las sumas percibidas en concepto de desocupaci\u00f3n durante el periodo, todas ellas consideradas brutas; igualmente, se condena al Ayuntamiento demandado a abonar a la recurrente el importe de las pagas extraordinarias reclamadas de diciembre del 2012 y junio y diciembre del 2013. Todo lo anterior con las minoraciones debidas por cuotas de Seguridad Social e IRPF, debiendo el Ayuntamiento proceder a las regularizaciones oportunas, y adem\u00e1s meritando en las sumas finales el inter\u00e9s legal del dinero desde que deb\u00edan ser abonadas hasta su efectivo ingreso\u201d.<\/span><\/p>\n<p style=\"text-align: justify;\"><span style=\"color: #000000;\">En la Junta de Gobierno Local del 22 de marzo del 2019, se aprob\u00f3 la ejecuci\u00f3n de esta sentencia y el pago de los importes fijados, siendo el total de 32.225,35\u20ac.<\/span><\/p>\n<p>&nbsp;<\/p>\n","protected":false},"excerpt":{"rendered":"<p>En el Ple extraordinari de febrer de 2019 es va aprovar, per unanimitat, l\u2019acompliment d\u2019una sent\u00e8ncia judicial del Jutjat del Contenci\u00f3s \u2013 Administratiu n\u00famero 1 de Tarragona. El 2013, una &hellip; <a href=\"https:\/\/bisbalpenedes.com\/web\/2019\/03\/28\/la-junta-de-govern-aprova-el-pagament-de-32-22535e-pel-recurs-contencios-que-una-extreballadora-de-lajuntament-va-interposar-el-2013\/\" class=\"more-link\">Read More<\/a><\/p>\n","protected":false},"author":4,"featured_media":7089,"comment_status":"closed","ping_status":"closed","sticky":false,"template":"","format":"standard","meta":[],"categories":[2402],"tags":[2896,2897,686,1139],"_links":{"self":[{"href":"https:\/\/bisbalpenedes.com\/web\/wp-json\/wp\/v2\/posts\/9161"}],"collection":[{"href":"https:\/\/bisbalpenedes.com\/web\/wp-json\/wp\/v2\/posts"}],"about":[{"href":"https:\/\/bisbalpenedes.com\/web\/wp-json\/wp\/v2\/types\/post"}],"author":[{"embeddable":true,"href":"https:\/\/bisbalpenedes.com\/web\/wp-json\/wp\/v2\/users\/4"}],"replies":[{"embeddable":true,"href":"https:\/\/bisbalpenedes.com\/web\/wp-json\/wp\/v2\/comments?post=9161"}],"version-history":[{"count":3,"href":"https:\/\/bisbalpenedes.com\/web\/wp-json\/wp\/v2\/posts\/9161\/revisions"}],"predecessor-version":[{"id":9164,"href":"https:\/\/bisbalpenedes.com\/web\/wp-json\/wp\/v2\/posts\/9161\/revisions\/9164"}],"wp:featuredmedia":[{"embeddable":true,"href":"https:\/\/bisbalpenedes.com\/web\/wp-json\/wp\/v2\/media\/7089"}],"wp:attachment":[{"href":"https:\/\/bisbalpenedes.com\/web\/wp-json\/wp\/v2\/media?parent=9161"}],"wp:term":[{"taxonomy":"category","embeddable":true,"href":"https:\/\/bisbalpenedes.com\/web\/wp-json\/wp\/v2\/categories?post=9161"},{"taxonomy":"post_tag","embeddable":true,"href":"https:\/\/bisbalpenedes.com\/web\/wp-json\/wp\/v2\/tags?post=9161"}],"curies":[{"name":"wp","href":"https:\/\/api.w.org\/{rel}","templated":true}]}}