{"id":9153,"date":"2019-03-28T07:56:37","date_gmt":"2019-03-28T06:56:37","guid":{"rendered":"http:\/\/bisbalpenedes.com\/web\/?p=9153"},"modified":"2019-03-28T07:56:37","modified_gmt":"2019-03-28T06:56:37","slug":"dissabte-tindran-lloc-dues-activitats-en-el-marc-del-40e-aniversari-dels-ajuntaments-democratics","status":"publish","type":"post","link":"https:\/\/bisbalpenedes.com\/web\/2019\/03\/28\/dissabte-tindran-lloc-dues-activitats-en-el-marc-del-40e-aniversari-dels-ajuntaments-democratics\/","title":{"rendered":"Dissabte tindran lloc dues activitats en el marc del 40\u00e8 aniversari dels ajuntaments democr\u00e0tics"},"content":{"rendered":"<div class=\"\" data-block=\"true\" data-editor=\"bdq0n\" data-offset-key=\"54omj-0-0\">\n<div class=\"_1mf _1mj\" data-offset-key=\"54omj-0-0\"><span style=\"color: #000000;\">Aquest dissabte, al CMC, tindran lloc dues activitats que s&#8217;emmarquen en el 40\u00e8 aniversari dels ajuntaments democr\u00e0tics.<\/span><\/div>\n<\/div>\n<div class=\"\" data-block=\"true\" data-editor=\"bdq0n\" data-offset-key=\"5ut42-0-0\">\n<div class=\"_1mf _1mj\" data-offset-key=\"5ut42-0-0\">\n<hr \/>\n<\/div>\n<\/div>\n<div class=\"\" data-block=\"true\" data-editor=\"bdq0n\" data-offset-key=\"9nkhp-0-0\">\n<div class=\"_1mf _1mj\" data-offset-key=\"9nkhp-0-0\"><span style=\"color: #000000;\">Este s\u00e1bado, en el CMC, tendr\u00e1n lugar dos actividades que se enmarcan en el 40\u00ba aniversario de los ayuntamientos democr\u00e1ticos.<\/span><\/div>\n<div class=\"_1mf _1mj\" data-offset-key=\"9nkhp-0-0\"><a href=\"http:\/\/bisbalpenedes.com\/web\/wp-content\/uploads\/2019\/03\/CARTELL-ACTES-40-anys-democracia_page-0001.jpg\"><img loading=\"lazy\" class=\"aligncenter size-large wp-image-9157\" src=\"http:\/\/bisbalpenedes.com\/web\/wp-content\/uploads\/2019\/03\/CARTELL-ACTES-40-anys-democracia_page-0001-725x1024.jpg\" alt=\"CARTELL ACTES 40 anys democracia_page-0001\" width=\"630\" height=\"890\" srcset=\"https:\/\/bisbalpenedes.com\/web\/wp-content\/uploads\/2019\/03\/CARTELL-ACTES-40-anys-democracia_page-0001-725x1024.jpg 725w, https:\/\/bisbalpenedes.com\/web\/wp-content\/uploads\/2019\/03\/CARTELL-ACTES-40-anys-democracia_page-0001-600x848.jpg 600w, https:\/\/bisbalpenedes.com\/web\/wp-content\/uploads\/2019\/03\/CARTELL-ACTES-40-anys-democracia_page-0001-212x300.jpg 212w, https:\/\/bisbalpenedes.com\/web\/wp-content\/uploads\/2019\/03\/CARTELL-ACTES-40-anys-democracia_page-0001-768x1085.jpg 768w, https:\/\/bisbalpenedes.com\/web\/wp-content\/uploads\/2019\/03\/CARTELL-ACTES-40-anys-democracia_page-0001.jpg 1241w\" sizes=\"(max-width: 630px) 100vw, 630px\" \/><\/a><\/div>\n<div class=\"_1mf _1mj\" data-offset-key=\"9nkhp-0-0\"><a href=\"http:\/\/bisbalpenedes.com\/web\/wp-content\/uploads\/2019\/03\/cartell-exposicio-democratics_page-0001.jpg\"><img loading=\"lazy\" class=\"aligncenter size-large wp-image-9155\" src=\"http:\/\/bisbalpenedes.com\/web\/wp-content\/uploads\/2019\/03\/cartell-exposicio-democratics_page-0001-725x1024.jpg\" alt=\"cartell exposicio democratics_page-0001\" width=\"630\" height=\"890\" srcset=\"https:\/\/bisbalpenedes.com\/web\/wp-content\/uploads\/2019\/03\/cartell-exposicio-democratics_page-0001-725x1024.jpg 725w, https:\/\/bisbalpenedes.com\/web\/wp-content\/uploads\/2019\/03\/cartell-exposicio-democratics_page-0001-600x848.jpg 600w, https:\/\/bisbalpenedes.com\/web\/wp-content\/uploads\/2019\/03\/cartell-exposicio-democratics_page-0001-212x300.jpg 212w, https:\/\/bisbalpenedes.com\/web\/wp-content\/uploads\/2019\/03\/cartell-exposicio-democratics_page-0001-768x1085.jpg 768w, https:\/\/bisbalpenedes.com\/web\/wp-content\/uploads\/2019\/03\/cartell-exposicio-democratics_page-0001.jpg 1241w\" sizes=\"(max-width: 630px) 100vw, 630px\" \/><\/a><\/div>\n<div class=\"_1mf _1mj\" data-offset-key=\"9nkhp-0-0\"><\/div>\n<\/div>\n","protected":false},"excerpt":{"rendered":"<p>Aquest dissabte, al CMC, tindran lloc dues activitats que s&#8217;emmarquen en el 40\u00e8 aniversari dels ajuntaments democr\u00e0tics. Este s\u00e1bado, en el CMC, tendr\u00e1n lugar dos actividades que se enmarcan en &hellip; <a href=\"https:\/\/bisbalpenedes.com\/web\/2019\/03\/28\/dissabte-tindran-lloc-dues-activitats-en-el-marc-del-40e-aniversari-dels-ajuntaments-democratics\/\" class=\"more-link\">Read More<\/a><\/p>\n","protected":false},"author":4,"featured_media":9157,"comment_status":"closed","ping_status":"closed","sticky":false,"template":"","format":"standard","meta":[],"categories":[13],"tags":[2894,1949,2804,86,2895],"_links":{"self":[{"href":"https:\/\/bisbalpenedes.com\/web\/wp-json\/wp\/v2\/posts\/9153"}],"collection":[{"href":"https:\/\/bisbalpenedes.com\/web\/wp-json\/wp\/v2\/posts"}],"about":[{"href":"https:\/\/bisbalpenedes.com\/web\/wp-json\/wp\/v2\/types\/post"}],"author":[{"embeddable":true,"href":"https:\/\/bisbalpenedes.com\/web\/wp-json\/wp\/v2\/users\/4"}],"replies":[{"embeddable":true,"href":"https:\/\/bisbalpenedes.com\/web\/wp-json\/wp\/v2\/comments?post=9153"}],"version-history":[{"count":1,"href":"https:\/\/bisbalpenedes.com\/web\/wp-json\/wp\/v2\/posts\/9153\/revisions"}],"predecessor-version":[{"id":9158,"href":"https:\/\/bisbalpenedes.com\/web\/wp-json\/wp\/v2\/posts\/9153\/revisions\/9158"}],"wp:featuredmedia":[{"embeddable":true,"href":"https:\/\/bisbalpenedes.com\/web\/wp-json\/wp\/v2\/media\/9157"}],"wp:attachment":[{"href":"https:\/\/bisbalpenedes.com\/web\/wp-json\/wp\/v2\/media?parent=9153"}],"wp:term":[{"taxonomy":"category","embeddable":true,"href":"https:\/\/bisbalpenedes.com\/web\/wp-json\/wp\/v2\/categories?post=9153"},{"taxonomy":"post_tag","embeddable":true,"href":"https:\/\/bisbalpenedes.com\/web\/wp-json\/wp\/v2\/tags?post=9153"}],"curies":[{"name":"wp","href":"https:\/\/api.w.org\/{rel}","templated":true}]}}