{"id":9151,"date":"2019-03-28T07:37:19","date_gmt":"2019-03-28T06:37:19","guid":{"rendered":"http:\/\/bisbalpenedes.com\/web\/?p=9151"},"modified":"2019-03-28T07:37:19","modified_gmt":"2019-03-28T06:37:19","slug":"el-dilluns-1-dabril-a-les-9-30h-tindra-lloc-un-ple-extraordinari","status":"publish","type":"post","link":"https:\/\/bisbalpenedes.com\/web\/2019\/03\/28\/el-dilluns-1-dabril-a-les-9-30h-tindra-lloc-un-ple-extraordinari\/","title":{"rendered":"El dilluns 1 d&#8217;abril a les 9.30h tindr\u00e0 lloc un Ple extraordinari"},"content":{"rendered":"<p style=\"text-align: justify;\"><span style=\"color: #000000;\">El dilluns 1 d&#8217;abril, a les 09:30h, tindr\u00e0 lloc un Ple extraordinari a l&#8217;Ajuntament de la Bisbal del Pened\u00e8s amb el seg\u00fcent<\/span><\/p>\n<p style=\"text-align: justify;\"><span style=\"color: #000000;\"><strong>ORDRE DEL DIA:<\/strong><\/span><\/p>\n<p style=\"text-align: justify;\"><span style=\"color: #000000;\">1- Sorteig dels membres de les meses electorals per les eleccions del 28 d&#8217;abril de 2019<\/span><\/p>\n<p style=\"text-align: justify;\"><span style=\"color: #000000;\">2- Aprovaci\u00f3 del padr\u00f3 municipal d&#8217;habitants (revisi\u00f3 anual)<\/span><\/p>\n<hr \/>\n<p style=\"text-align: justify;\"><span style=\"color: #000000;\"><strong>CASTELLANO |<\/strong> El lunes 1 de abril, a las 9.30h, tendr\u00e1 lugar un Pleno extraordinario en el Ayuntamiento de la Bisbal del Pened\u00e8s con el siguiente\u00a0<\/span><\/p>\n<p style=\"text-align: justify;\"><span style=\"color: #000000;\"><strong>ORDEN DEL D\u00cdA:<\/strong><\/span><\/p>\n<p style=\"text-align: justify;\"><span style=\"color: #000000;\">1- Sorteo de los miembros de las mesas electorales para las elecciones del 28 de abril del 2019<\/span><\/p>\n<p style=\"text-align: justify;\"><span style=\"color: #000000;\">2- Aprobaci\u00f3n del padr\u00f3n municipal de habitantes (revisi\u00f3n anual)<\/span><\/p>\n","protected":false},"excerpt":{"rendered":"<p>El dilluns 1 d&#8217;abril, a les 09:30h, tindr\u00e0 lloc un Ple extraordinari a l&#8217;Ajuntament de la Bisbal del Pened\u00e8s amb el seg\u00fcent ORDRE DEL DIA: 1- Sorteig dels membres de &hellip; <a href=\"https:\/\/bisbalpenedes.com\/web\/2019\/03\/28\/el-dilluns-1-dabril-a-les-9-30h-tindra-lloc-un-ple-extraordinari\/\" class=\"more-link\">Read More<\/a><\/p>\n","protected":false},"author":4,"featured_media":9097,"comment_status":"closed","ping_status":"closed","sticky":false,"template":"","format":"standard","meta":[],"categories":[2250],"tags":[892,946,2893,423],"_links":{"self":[{"href":"https:\/\/bisbalpenedes.com\/web\/wp-json\/wp\/v2\/posts\/9151"}],"collection":[{"href":"https:\/\/bisbalpenedes.com\/web\/wp-json\/wp\/v2\/posts"}],"about":[{"href":"https:\/\/bisbalpenedes.com\/web\/wp-json\/wp\/v2\/types\/post"}],"author":[{"embeddable":true,"href":"https:\/\/bisbalpenedes.com\/web\/wp-json\/wp\/v2\/users\/4"}],"replies":[{"embeddable":true,"href":"https:\/\/bisbalpenedes.com\/web\/wp-json\/wp\/v2\/comments?post=9151"}],"version-history":[{"count":1,"href":"https:\/\/bisbalpenedes.com\/web\/wp-json\/wp\/v2\/posts\/9151\/revisions"}],"predecessor-version":[{"id":9152,"href":"https:\/\/bisbalpenedes.com\/web\/wp-json\/wp\/v2\/posts\/9151\/revisions\/9152"}],"wp:featuredmedia":[{"embeddable":true,"href":"https:\/\/bisbalpenedes.com\/web\/wp-json\/wp\/v2\/media\/9097"}],"wp:attachment":[{"href":"https:\/\/bisbalpenedes.com\/web\/wp-json\/wp\/v2\/media?parent=9151"}],"wp:term":[{"taxonomy":"category","embeddable":true,"href":"https:\/\/bisbalpenedes.com\/web\/wp-json\/wp\/v2\/categories?post=9151"},{"taxonomy":"post_tag","embeddable":true,"href":"https:\/\/bisbalpenedes.com\/web\/wp-json\/wp\/v2\/tags?post=9151"}],"curies":[{"name":"wp","href":"https:\/\/api.w.org\/{rel}","templated":true}]}}