{"id":9124,"date":"2019-03-22T09:55:35","date_gmt":"2019-03-22T08:55:35","guid":{"rendered":"http:\/\/bisbalpenedes.com\/web\/?p=9124"},"modified":"2019-03-22T21:47:41","modified_gmt":"2019-03-22T20:47:41","slug":"una-quarantena-de-bisbalencs-visiiten-la-4a-fira-de-locupacio-de-la-cambra-de-comerc","status":"publish","type":"post","link":"https:\/\/bisbalpenedes.com\/web\/2019\/03\/22\/una-quarantena-de-bisbalencs-visiiten-la-4a-fira-de-locupacio-de-la-cambra-de-comerc\/","title":{"rendered":"Una quarantena de bisbalencs visiten la 4\u00aa Fira de l&#8217;Ocupaci\u00f3 de la Cambra de Comer\u00e7"},"content":{"rendered":"<p style=\"text-align: justify; background: white; margin: 0cm 0cm 7.5pt 0cm;\"><a href=\"http:\/\/bisbalpenedes.com\/web\/wp-content\/uploads\/2019\/03\/cambra-fira-ocupacio-2019-2-1552923611.jpg\"><img loading=\"lazy\" class=\"aligncenter size-medium wp-image-9127\" src=\"http:\/\/bisbalpenedes.com\/web\/wp-content\/uploads\/2019\/03\/cambra-fira-ocupacio-2019-2-1552923611-300x225.jpg\" alt=\"cambra-fira-ocupacio-2019-2-1552923611\" width=\"300\" height=\"225\" srcset=\"https:\/\/bisbalpenedes.com\/web\/wp-content\/uploads\/2019\/03\/cambra-fira-ocupacio-2019-2-1552923611-300x225.jpg 300w, https:\/\/bisbalpenedes.com\/web\/wp-content\/uploads\/2019\/03\/cambra-fira-ocupacio-2019-2-1552923611-600x450.jpg 600w, https:\/\/bisbalpenedes.com\/web\/wp-content\/uploads\/2019\/03\/cambra-fira-ocupacio-2019-2-1552923611-768x576.jpg 768w, https:\/\/bisbalpenedes.com\/web\/wp-content\/uploads\/2019\/03\/cambra-fira-ocupacio-2019-2-1552923611-1024x768.jpg 1024w, https:\/\/bisbalpenedes.com\/web\/wp-content\/uploads\/2019\/03\/cambra-fira-ocupacio-2019-2-1552923611.jpg 1140w\" sizes=\"(max-width: 300px) 100vw, 300px\" \/><\/a><\/p>\n<p style=\"text-align: justify; background: white; margin: 0cm 0cm 7.5pt 0cm;\"><span style=\"font-size: 11.5pt; font-family: Arial, sans-serif; color: #000000;\">Les Regidories de Joventut i Ocupaci\u00f3 i el SOM Bisbal han estat presents, aquest dijous, a la 4\u00aa Fira de l\u2019Ocupaci\u00f3 de la Cambra de Comer\u00e7, un esdeveniment que es desenvolupa dins del \u201cPrograma Integral de Cualificaci\u00f3n y Empleo\u201d i que es converteix en un espai de trobada entre les empreses i aquelles persones que estan buscant feina, amb independ\u00e8ncia de quina sigui la seva edat, formaci\u00f3 i orientaci\u00f3 professional. La Fira, s\u2019ha complementat amb tallers de tem\u00e0tiques diverses orientades a la recerca de feina.<\/span><\/p>\n<p style=\"text-align: justify; background: white; margin: 0cm 0cm 7.5pt 0cm;\"><span style=\"font-size: 11.5pt; font-family: Arial, sans-serif; color: #000000;\">La Fira ha comptat amb la participaci\u00f3 de 42 empreses de la demarcaci\u00f3 de Tarragona i, des de la Bisbal del Pened\u00e8s, han sortit dos autobusos de la Cambra de Comer\u00e7 amb una quarantena de persones demandants de feina.<\/span><\/p>\n<p style=\"text-align: justify; background: white; margin: 0cm 0cm 7.5pt 0cm;\"><span style=\"font-size: 11.5pt; font-family: Arial, sans-serif; color: #000000;\">Des de la Regidoria d\u2019Ocupaci\u00f3 fa dos anys que es treballa amb el Programa Integral de Cualificaci\u00f3n y Empleo (PICE), en col\u00b7laboraci\u00f3 amb la Cambra de Comer\u00e7, formant persones joves demandants de feina. Fins a l\u2019actualitat s\u2019han acollit a aquest pla, a trav\u00e9s del SOM Bisbal, un centenar de persones. La sortida realitzada aquest dijous era la primera activitat que s\u2019organitzava en el marc de la 2\u00aa Setmana de l\u2019Empresa i l\u2019Ocupaci\u00f3 de la Bisbal del Pened\u00e8s.<\/span><\/p>\n<p style=\"text-align: justify; background: white; margin: 0cm 0cm 7.5pt 0cm;\"><a href=\"http:\/\/bisbalpenedes.com\/web\/wp-content\/uploads\/2019\/03\/PHOTO-2019-03-21-10-54-13.jpg\"><img loading=\"lazy\" class=\"aligncenter size-medium wp-image-9126\" src=\"http:\/\/bisbalpenedes.com\/web\/wp-content\/uploads\/2019\/03\/PHOTO-2019-03-21-10-54-13-300x225.jpg\" alt=\"Fira ocupacio Cambra Comerc\" width=\"300\" height=\"225\" srcset=\"https:\/\/bisbalpenedes.com\/web\/wp-content\/uploads\/2019\/03\/PHOTO-2019-03-21-10-54-13-300x225.jpg 300w, https:\/\/bisbalpenedes.com\/web\/wp-content\/uploads\/2019\/03\/PHOTO-2019-03-21-10-54-13-600x450.jpg 600w, https:\/\/bisbalpenedes.com\/web\/wp-content\/uploads\/2019\/03\/PHOTO-2019-03-21-10-54-13-768x576.jpg 768w, https:\/\/bisbalpenedes.com\/web\/wp-content\/uploads\/2019\/03\/PHOTO-2019-03-21-10-54-13-1024x768.jpg 1024w, https:\/\/bisbalpenedes.com\/web\/wp-content\/uploads\/2019\/03\/PHOTO-2019-03-21-10-54-13.jpg 1600w\" sizes=\"(max-width: 300px) 100vw, 300px\" \/><\/a><\/p>\n<hr \/>\n<p style=\"text-align: justify; background: white; margin: 0cm 0cm 7.5pt 0cm;\"><a href=\"http:\/\/bisbalpenedes.com\/web\/wp-content\/uploads\/2019\/03\/cambra-fira-ocupacio-2019-2-1552923611.jpg\"><img loading=\"lazy\" class=\"aligncenter size-medium wp-image-9127\" src=\"http:\/\/bisbalpenedes.com\/web\/wp-content\/uploads\/2019\/03\/cambra-fira-ocupacio-2019-2-1552923611-300x225.jpg\" alt=\"cambra-fira-ocupacio-2019-2-1552923611\" width=\"300\" height=\"225\" srcset=\"https:\/\/bisbalpenedes.com\/web\/wp-content\/uploads\/2019\/03\/cambra-fira-ocupacio-2019-2-1552923611-300x225.jpg 300w, https:\/\/bisbalpenedes.com\/web\/wp-content\/uploads\/2019\/03\/cambra-fira-ocupacio-2019-2-1552923611-600x450.jpg 600w, https:\/\/bisbalpenedes.com\/web\/wp-content\/uploads\/2019\/03\/cambra-fira-ocupacio-2019-2-1552923611-768x576.jpg 768w, https:\/\/bisbalpenedes.com\/web\/wp-content\/uploads\/2019\/03\/cambra-fira-ocupacio-2019-2-1552923611-1024x768.jpg 1024w, https:\/\/bisbalpenedes.com\/web\/wp-content\/uploads\/2019\/03\/cambra-fira-ocupacio-2019-2-1552923611.jpg 1140w\" sizes=\"(max-width: 300px) 100vw, 300px\" \/><\/a><\/p>\n<p style=\"text-align: justify; background: white; margin: 0cm 0cm 7.5pt 0cm;\"><span style=\"color: #000000;\"><strong>CASTELLANO |<\/strong> Las Concejal\u00edas de Joventut y Ocupaci\u00f3 y el SOM Bisbal han estado presentes, este jueves, en la 4\u00aa Fira de l&#8217;Ocupaci\u00f3 de la Cambra de Comer\u00e7, un evento que se desarrolla dentro del &#8220;Programa Integral de Cualificaci\u00f3n y Empleo&#8221; y que se convierte en un espacio de encuentro entre las empresas y aquellas personas que est\u00e1n buscando trabajo, con independencia de cual sea su edad, formaci\u00f3n y orientaci\u00f3n profesional. La Fira, se ha complementado con talleres de tem\u00e1ticas diversas orientadas a la b\u00fasqueda de trabajo.<\/span><\/p>\n<p style=\"text-align: justify; background: white; margin: 0cm 0cm 7.5pt 0cm;\"><span style=\"color: #000000;\">La Fira ha contado con la participaci\u00f3n de 42 empresas de la demarcaci\u00f3n de Tarragona y, desde la Bisbal del Pened\u00e8s, han salido dos autobuses de la Cambra de Comer\u00e7 con una cuarentena de personas demandantes de trabajo.<\/span><\/p>\n<p style=\"text-align: justify; background: white; margin: 0cm 0cm 7.5pt 0cm;\"><span style=\"color: #000000;\">Desde las Concejal\u00edas de Ocupaci\u00f3 y Joventut hace dos a\u00f1os que se trabaja con el Programa Integral de Cualificaci\u00f3n y Empleo (PICE), en colaboraci\u00f3n con la Cambra de Comer\u00e7, formando a personas j\u00f3venes demandantes de trabajo. Hasta la actualidad se han acogido a este plan, a trav\u00e9s del SOM Bisbal, un centenar de personas. La salida realizada este jueves era la primera actividad que se organizaba en el marco de la 2\u00aa Setmana de l&#8217;Empresa i l&#8217;Ocupaci\u00f3 de la Bisbal del Pened\u00e8s.<\/span><\/p>\n<p style=\"text-align: justify; background: white; margin: 0cm 0cm 7.5pt 0cm;\"><a href=\"http:\/\/bisbalpenedes.com\/web\/wp-content\/uploads\/2019\/03\/PHOTO-2019-03-21-10-54-13.jpg\"><img loading=\"lazy\" class=\"aligncenter size-medium wp-image-9126\" src=\"http:\/\/bisbalpenedes.com\/web\/wp-content\/uploads\/2019\/03\/PHOTO-2019-03-21-10-54-13-300x225.jpg\" alt=\"Fira ocupacio Cambra Comerc\" width=\"300\" height=\"225\" srcset=\"https:\/\/bisbalpenedes.com\/web\/wp-content\/uploads\/2019\/03\/PHOTO-2019-03-21-10-54-13-300x225.jpg 300w, https:\/\/bisbalpenedes.com\/web\/wp-content\/uploads\/2019\/03\/PHOTO-2019-03-21-10-54-13-600x450.jpg 600w, https:\/\/bisbalpenedes.com\/web\/wp-content\/uploads\/2019\/03\/PHOTO-2019-03-21-10-54-13-768x576.jpg 768w, https:\/\/bisbalpenedes.com\/web\/wp-content\/uploads\/2019\/03\/PHOTO-2019-03-21-10-54-13-1024x768.jpg 1024w, https:\/\/bisbalpenedes.com\/web\/wp-content\/uploads\/2019\/03\/PHOTO-2019-03-21-10-54-13.jpg 1600w\" sizes=\"(max-width: 300px) 100vw, 300px\" \/><\/a><\/p>\n","protected":false},"excerpt":{"rendered":"<p>Les Regidories de Joventut i Ocupaci\u00f3 i el SOM Bisbal han estat presents, aquest dijous, a la 4\u00aa Fira de l\u2019Ocupaci\u00f3 de la Cambra de Comer\u00e7, un esdeveniment que es &hellip; <a href=\"https:\/\/bisbalpenedes.com\/web\/2019\/03\/22\/una-quarantena-de-bisbalencs-visiiten-la-4a-fira-de-locupacio-de-la-cambra-de-comerc\/\" class=\"more-link\">Read More<\/a><\/p>\n","protected":false},"author":4,"featured_media":9126,"comment_status":"closed","ping_status":"closed","sticky":false,"template":"","format":"standard","meta":[],"categories":[1486,8,9],"tags":[41,2890,210,10,2760,2298],"_links":{"self":[{"href":"https:\/\/bisbalpenedes.com\/web\/wp-json\/wp\/v2\/posts\/9124"}],"collection":[{"href":"https:\/\/bisbalpenedes.com\/web\/wp-json\/wp\/v2\/posts"}],"about":[{"href":"https:\/\/bisbalpenedes.com\/web\/wp-json\/wp\/v2\/types\/post"}],"author":[{"embeddable":true,"href":"https:\/\/bisbalpenedes.com\/web\/wp-json\/wp\/v2\/users\/4"}],"replies":[{"embeddable":true,"href":"https:\/\/bisbalpenedes.com\/web\/wp-json\/wp\/v2\/comments?post=9124"}],"version-history":[{"count":3,"href":"https:\/\/bisbalpenedes.com\/web\/wp-json\/wp\/v2\/posts\/9124\/revisions"}],"predecessor-version":[{"id":9142,"href":"https:\/\/bisbalpenedes.com\/web\/wp-json\/wp\/v2\/posts\/9124\/revisions\/9142"}],"wp:featuredmedia":[{"embeddable":true,"href":"https:\/\/bisbalpenedes.com\/web\/wp-json\/wp\/v2\/media\/9126"}],"wp:attachment":[{"href":"https:\/\/bisbalpenedes.com\/web\/wp-json\/wp\/v2\/media?parent=9124"}],"wp:term":[{"taxonomy":"category","embeddable":true,"href":"https:\/\/bisbalpenedes.com\/web\/wp-json\/wp\/v2\/categories?post=9124"},{"taxonomy":"post_tag","embeddable":true,"href":"https:\/\/bisbalpenedes.com\/web\/wp-json\/wp\/v2\/tags?post=9124"}],"curies":[{"name":"wp","href":"https:\/\/api.w.org\/{rel}","templated":true}]}}