{"id":9111,"date":"2019-03-21T11:36:46","date_gmt":"2019-03-21T10:36:46","guid":{"rendered":"http:\/\/bisbalpenedes.com\/web\/?p=9111"},"modified":"2019-03-21T11:42:00","modified_gmt":"2019-03-21T10:42:00","slug":"aquest-diumenge-vine-a-lesmorzar-dels-tres-tombs","status":"publish","type":"post","link":"https:\/\/bisbalpenedes.com\/web\/2019\/03\/21\/aquest-diumenge-vine-a-lesmorzar-dels-tres-tombs\/","title":{"rendered":"Aquest diumenge&#8230; vine a l&#8217;esmorzar dels Tres Tombs!"},"content":{"rendered":"<p><a href=\"http:\/\/bisbalpenedes.com\/web\/wp-content\/uploads\/2019\/03\/esmorzar-3-tombs-2018-1.jpg\"><img loading=\"lazy\" class=\"aligncenter size-large wp-image-9115\" src=\"http:\/\/bisbalpenedes.com\/web\/wp-content\/uploads\/2019\/03\/esmorzar-3-tombs-2018-1-1024x768.jpg\" alt=\"esmorzar 3 tombs 2018\" width=\"630\" height=\"473\" srcset=\"https:\/\/bisbalpenedes.com\/web\/wp-content\/uploads\/2019\/03\/esmorzar-3-tombs-2018-1-1024x768.jpg 1024w, https:\/\/bisbalpenedes.com\/web\/wp-content\/uploads\/2019\/03\/esmorzar-3-tombs-2018-1-600x450.jpg 600w, https:\/\/bisbalpenedes.com\/web\/wp-content\/uploads\/2019\/03\/esmorzar-3-tombs-2018-1-300x225.jpg 300w, https:\/\/bisbalpenedes.com\/web\/wp-content\/uploads\/2019\/03\/esmorzar-3-tombs-2018-1-768x576.jpg 768w\" sizes=\"(max-width: 630px) 100vw, 630px\" \/><\/a><\/p>\n<p><span style=\"color: #000000;\">El Ball de Diables de la Bisbal del Pened\u00e8s organitza l&#8217;esmorzar dels Tres Tombs, que tindr\u00e0 lloc aquest diumenge, a partir de les 9.30h, a la pla\u00e7a de l&#8217;Era de Batre. L&#8217;esmorzar \u00e9s obert a tothom, el preu del tiquet s\u00f3n 6\u20ac i\u00a0podreu adquirir-los\u00a0el mateix dia a la pla\u00e7a. Tots els beneficis obtinguts seran guanys per a l&#8217;entitat.<\/span><\/p>\n<p><a href=\"http:\/\/bisbalpenedes.com\/web\/wp-content\/uploads\/2019\/03\/foto-diables-fira-2018.jpg\"><img loading=\"lazy\" class=\"aligncenter size-medium wp-image-9120\" src=\"http:\/\/bisbalpenedes.com\/web\/wp-content\/uploads\/2019\/03\/foto-diables-fira-2018-300x200.jpg\" alt=\"foto diables fira 2018\" width=\"300\" height=\"200\" srcset=\"https:\/\/bisbalpenedes.com\/web\/wp-content\/uploads\/2019\/03\/foto-diables-fira-2018-300x200.jpg 300w, https:\/\/bisbalpenedes.com\/web\/wp-content\/uploads\/2019\/03\/foto-diables-fira-2018-600x400.jpg 600w, https:\/\/bisbalpenedes.com\/web\/wp-content\/uploads\/2019\/03\/foto-diables-fira-2018-768x512.jpg 768w, https:\/\/bisbalpenedes.com\/web\/wp-content\/uploads\/2019\/03\/foto-diables-fira-2018-1024x683.jpg 1024w, https:\/\/bisbalpenedes.com\/web\/wp-content\/uploads\/2019\/03\/foto-diables-fira-2018.jpg 2048w\" sizes=\"(max-width: 300px) 100vw, 300px\" \/><\/a><a href=\"http:\/\/bisbalpenedes.com\/web\/wp-content\/uploads\/2019\/03\/IMG_1491.jpg\"><br \/>\n<\/a><\/p>\n<p><span style=\"color: #000000;\">El tiquet inclou:<\/span><\/p>\n<p style=\"padding-left: 30px;\"><span style=\"color: #000000;\">-Botifarra<\/span><\/p>\n<p style=\"padding-left: 30px;\"><span style=\"color: #000000;\">-Un tall de cansalada<\/span><\/p>\n<p style=\"padding-left: 30px;\"><span style=\"color: #000000;\">-Dues llesques de pa torrat regat amb oli Torclum<\/span><\/p>\n<p style=\"padding-left: 30px;\"><span style=\"color: #000000;\">-Un tomac\u00f3 i un gra d&#8217;all<\/span><\/p>\n<p style=\"padding-left: 30px;\"><span style=\"color: #000000;\">-Vi de Cellers Domenys i aigua<\/span><\/p>\n<p style=\"padding-left: 30px;\"><span style=\"color: #000000;\">-Caf\u00e8<\/span><\/p>\n<p><a href=\"http:\/\/bisbalpenedes.com\/web\/wp-content\/uploads\/2019\/03\/ISUG8113.jpg\"><img loading=\"lazy\" class=\"aligncenter size-medium wp-image-9116\" src=\"http:\/\/bisbalpenedes.com\/web\/wp-content\/uploads\/2019\/03\/ISUG8113-300x200.jpg\" alt=\"esmorzar 3 tombs 2018 2\" width=\"300\" height=\"200\" srcset=\"https:\/\/bisbalpenedes.com\/web\/wp-content\/uploads\/2019\/03\/ISUG8113-300x200.jpg 300w, https:\/\/bisbalpenedes.com\/web\/wp-content\/uploads\/2019\/03\/ISUG8113-600x400.jpg 600w, https:\/\/bisbalpenedes.com\/web\/wp-content\/uploads\/2019\/03\/ISUG8113-768x512.jpg 768w, https:\/\/bisbalpenedes.com\/web\/wp-content\/uploads\/2019\/03\/ISUG8113-1024x683.jpg 1024w\" sizes=\"(max-width: 300px) 100vw, 300px\" \/><\/a><\/p>\n<p><span style=\"color: #000000;\">El Ball de Diables \u00e9s una de les entitats que s&#8217;ha implicat en la celebraci\u00f3 d&#8217;aquesta festa tradicional, per\u00f2 no \u00e9s l&#8217;\u00fanica. Durant tot el mat\u00ed, el Ball de Gitanes de la Bisbal vendr\u00e0 tortells de Sant Antoni a la pla\u00e7a Catalunya i els Grallers i Tabalers de la Societat acompanyaran els carros i cavalls durant el recorregut.<\/span><\/p>\n<p><a href=\"http:\/\/bisbalpenedes.com\/web\/wp-content\/uploads\/2019\/03\/BYOJ1946-11.jpg\"><img loading=\"lazy\" class=\"aligncenter size-medium wp-image-9117\" src=\"http:\/\/bisbalpenedes.com\/web\/wp-content\/uploads\/2019\/03\/BYOJ1946-11-300x200.jpg\" alt=\"gitanes tortells 2018\" width=\"300\" height=\"200\" srcset=\"https:\/\/bisbalpenedes.com\/web\/wp-content\/uploads\/2019\/03\/BYOJ1946-11-300x200.jpg 300w, https:\/\/bisbalpenedes.com\/web\/wp-content\/uploads\/2019\/03\/BYOJ1946-11-600x400.jpg 600w, https:\/\/bisbalpenedes.com\/web\/wp-content\/uploads\/2019\/03\/BYOJ1946-11-768x512.jpg 768w, https:\/\/bisbalpenedes.com\/web\/wp-content\/uploads\/2019\/03\/BYOJ1946-11-1024x683.jpg 1024w\" sizes=\"(max-width: 300px) 100vw, 300px\" \/><\/a><\/p>\n<p><span style=\"color: #000000;\">La Regidora de Cultura, Judith Vidal, ha explicat que l\u2019esdeveniment \u201cha comptat amb la col\u00b7laboraci\u00f3 de l&#8217;antiga Associaci\u00f3 dels Tres Tombs de la Bisbal del Pened\u00e8s durant l&#8217;organitzaci\u00f3 pr\u00e8via i que, el proper diumenge, tamb\u00e9 comptar\u00e0 amb la seva ajuda, aix\u00ed com tamb\u00e9 comptar\u00e0 amb la col\u00b7laboraci\u00f3 de diversos voluntaris del municipi que ajudaran a coordinar i garantir el bon funcionament de la celebraci\u00f3\u201d.<\/span><\/p>\n<p><a href=\"http:\/\/bisbalpenedes.com\/web\/wp-content\/uploads\/2019\/03\/NEFT1872-76.jpg\"><img loading=\"lazy\" class=\"aligncenter size-medium wp-image-9118\" src=\"http:\/\/bisbalpenedes.com\/web\/wp-content\/uploads\/2019\/03\/NEFT1872-76-300x200.jpg\" alt=\"grallers i tabalers tres tombs 2018\" width=\"300\" height=\"200\" srcset=\"https:\/\/bisbalpenedes.com\/web\/wp-content\/uploads\/2019\/03\/NEFT1872-76-300x200.jpg 300w, https:\/\/bisbalpenedes.com\/web\/wp-content\/uploads\/2019\/03\/NEFT1872-76-600x400.jpg 600w, https:\/\/bisbalpenedes.com\/web\/wp-content\/uploads\/2019\/03\/NEFT1872-76-768x512.jpg 768w, https:\/\/bisbalpenedes.com\/web\/wp-content\/uploads\/2019\/03\/NEFT1872-76-1024x683.jpg 1024w\" sizes=\"(max-width: 300px) 100vw, 300px\" \/><\/a><\/p>\n<p><span style=\"color: #000000;\">Recordem que la concentraci\u00f3 de cavalls i carros al darrere del camp de futbol est\u00e0 prevista\u00a0 a les 9.00h i que l&#8217;inici dels Tres Tombs ser\u00e0 a les 12.00h. En finalitzar, tindr\u00e0 lloc el lliurament d&#8217;obsequis confeccionats per l&#8217;artista local \u00c0ngela Saumoy.\u00a0<\/span><\/p>\n<p><span style=\"color: #000000;\">Per a m\u00e9s informaci\u00f3 podeu entrar a l&#8217;enlla\u00e7:\u00a0<a href=\"http:\/\/bisbalpenedes.com\/web\/2019\/03\/12\/el-diumenge-24-de-marc-tindran-lloc-els-tradicionals-tres-tombs-de-la-bisbal-del-penedes\/\" target=\"_blank\">http:\/\/bisbalpenedes.com\/web\/2019\/03\/12\/el-diumenge-24-de-marc-tindran-lloc-els-tradicionals-tres-tombs-de-la-bisbal-del-penedes\/<\/a><\/span><\/p>\n<hr \/>\n<p>&nbsp;<\/p>\n<p><span style=\"color: #000000;\"><strong>CASTELLANO |<\/strong> El Ball de Diables de la Bisbal del Pened\u00e8s organiza el desayuno de tenedor de los Tres Tombs, que tendr\u00e1 lugar este domingo, a partir de las 9.30h, en la plaza de l&#8217;Era de Batre. El desayuno ser\u00e1 abierto a todo el mundo, el precio del <em>ticket<\/em> son 6\u20ac y podr\u00e9is adquirirlo el mismo d\u00eda en la plaza. Todos los beneficios obtenidos ser\u00e1n ganancias para la entidad.<\/span><\/p>\n<p><a href=\"http:\/\/bisbalpenedes.com\/web\/wp-content\/uploads\/2019\/03\/foto-diables-fira-2018.jpg\"><img loading=\"lazy\" class=\"aligncenter size-medium wp-image-9120\" src=\"http:\/\/bisbalpenedes.com\/web\/wp-content\/uploads\/2019\/03\/foto-diables-fira-2018-300x200.jpg\" alt=\"foto diables fira 2018\" width=\"300\" height=\"200\" srcset=\"https:\/\/bisbalpenedes.com\/web\/wp-content\/uploads\/2019\/03\/foto-diables-fira-2018-300x200.jpg 300w, https:\/\/bisbalpenedes.com\/web\/wp-content\/uploads\/2019\/03\/foto-diables-fira-2018-600x400.jpg 600w, https:\/\/bisbalpenedes.com\/web\/wp-content\/uploads\/2019\/03\/foto-diables-fira-2018-768x512.jpg 768w, https:\/\/bisbalpenedes.com\/web\/wp-content\/uploads\/2019\/03\/foto-diables-fira-2018-1024x683.jpg 1024w, https:\/\/bisbalpenedes.com\/web\/wp-content\/uploads\/2019\/03\/foto-diables-fira-2018.jpg 2048w\" sizes=\"(max-width: 300px) 100vw, 300px\" \/><\/a><\/p>\n<p><span style=\"color: #000000;\">El <em>ticket<\/em> incluye:<\/span><\/p>\n<p style=\"padding-left: 30px;\"><span style=\"color: #000000;\">-Butifarra<\/span><\/p>\n<p style=\"padding-left: 30px;\"><span style=\"color: #000000;\">-Un trozo de panceta<\/span><\/p>\n<p style=\"padding-left: 30px;\"><span style=\"color: #000000;\">-Dos rebanadas de pan tostado regado con aceite Torclum<\/span><\/p>\n<p style=\"padding-left: 30px;\"><span style=\"color: #000000;\">-Un <em>tomac\u00f3<\/em> y un grano de ajo<\/span><\/p>\n<p style=\"padding-left: 30px;\"><span style=\"color: #000000;\">-Vino de Cellers Domenys y agua<\/span><\/p>\n<p style=\"padding-left: 30px;\"><span style=\"color: #000000;\">-Caf\u00e9<\/span><\/p>\n<p style=\"padding-left: 30px;\"><a href=\"http:\/\/bisbalpenedes.com\/web\/wp-content\/uploads\/2019\/03\/ISUG8113.jpg\"><img loading=\"lazy\" class=\"aligncenter size-medium wp-image-9116\" src=\"http:\/\/bisbalpenedes.com\/web\/wp-content\/uploads\/2019\/03\/ISUG8113-300x200.jpg\" alt=\"esmorzar 3 tombs 2018 2\" width=\"300\" height=\"200\" srcset=\"https:\/\/bisbalpenedes.com\/web\/wp-content\/uploads\/2019\/03\/ISUG8113-300x200.jpg 300w, https:\/\/bisbalpenedes.com\/web\/wp-content\/uploads\/2019\/03\/ISUG8113-600x400.jpg 600w, https:\/\/bisbalpenedes.com\/web\/wp-content\/uploads\/2019\/03\/ISUG8113-768x512.jpg 768w, https:\/\/bisbalpenedes.com\/web\/wp-content\/uploads\/2019\/03\/ISUG8113-1024x683.jpg 1024w\" sizes=\"(max-width: 300px) 100vw, 300px\" \/><\/a><\/p>\n<p><span style=\"color: #000000;\">El Ball de Diables es una de las entidades que se ha implicado en la celebraci\u00f3n de esta fiesta tradicional, pero no es la \u00fanica. Durante toda la ma\u00f1ana, el Baile de Gitanas de la Bisbal vender\u00e1 roscones de Sant Antoni en la plaza Catalunya y los Grallers i Tabalers de la Societat acompa\u00f1ar\u00e1n a los carros y cavallos durante el recorrido.<\/span><\/p>\n<p><a href=\"http:\/\/bisbalpenedes.com\/web\/wp-content\/uploads\/2019\/03\/BYOJ1946-11.jpg\"><img loading=\"lazy\" class=\"aligncenter size-medium wp-image-9117\" src=\"http:\/\/bisbalpenedes.com\/web\/wp-content\/uploads\/2019\/03\/BYOJ1946-11-300x200.jpg\" alt=\"gitanes tortells 2018\" width=\"300\" height=\"200\" srcset=\"https:\/\/bisbalpenedes.com\/web\/wp-content\/uploads\/2019\/03\/BYOJ1946-11-300x200.jpg 300w, https:\/\/bisbalpenedes.com\/web\/wp-content\/uploads\/2019\/03\/BYOJ1946-11-600x400.jpg 600w, https:\/\/bisbalpenedes.com\/web\/wp-content\/uploads\/2019\/03\/BYOJ1946-11-768x512.jpg 768w, https:\/\/bisbalpenedes.com\/web\/wp-content\/uploads\/2019\/03\/BYOJ1946-11-1024x683.jpg 1024w\" sizes=\"(max-width: 300px) 100vw, 300px\" \/><\/a><\/p>\n<p><span style=\"color: #000000;\">La Concejala de Cultura, Judith Vidal, ha explicado que la celebraci\u00f3n &#8220;ha contado con la colaboraci\u00f3n de la antigua Associaci\u00f3 dels Tres Tombs de la Bisbal del Pened\u00e8s durante la organizaci\u00f3n previa y que, el pr\u00f3ximo domingo, tambi\u00e9n contar\u00e1 con su ayuda, as\u00ed como tambi\u00e9n contar\u00e1 con la colaboraci\u00f3n de diversos voluntarios del municipio que ayudar\u00e1n a coordinar y garantizar el buen funcionamiento de la celebraci\u00f3n&#8221;.<\/span><\/p>\n<p><a href=\"http:\/\/bisbalpenedes.com\/web\/wp-content\/uploads\/2019\/03\/NEFT1872-76.jpg\"><img loading=\"lazy\" class=\"aligncenter size-medium wp-image-9118\" src=\"http:\/\/bisbalpenedes.com\/web\/wp-content\/uploads\/2019\/03\/NEFT1872-76-300x200.jpg\" alt=\"grallers i tabalers tres tombs 2018\" width=\"300\" height=\"200\" srcset=\"https:\/\/bisbalpenedes.com\/web\/wp-content\/uploads\/2019\/03\/NEFT1872-76-300x200.jpg 300w, https:\/\/bisbalpenedes.com\/web\/wp-content\/uploads\/2019\/03\/NEFT1872-76-600x400.jpg 600w, https:\/\/bisbalpenedes.com\/web\/wp-content\/uploads\/2019\/03\/NEFT1872-76-768x512.jpg 768w, https:\/\/bisbalpenedes.com\/web\/wp-content\/uploads\/2019\/03\/NEFT1872-76-1024x683.jpg 1024w\" sizes=\"(max-width: 300px) 100vw, 300px\" \/><\/a><\/p>\n<p><span style=\"color: #000000;\">Recordamos que la concentraci\u00f3n de caballos y carros detr\u00e1s del campo de f\u00fatbol est\u00e1 prevista a las 9.00h y que el inicio de los Tres Tombs ser\u00e1 a las 12.00h. Al finalizar, tendr\u00e1 lugar la entrega de obsequios confeccionados por la artista local \u00c0ngela Saumoy.<\/span><\/p>\n<p><span style=\"color: #000000;\">Para m\u00e1s informaci\u00f3n pod\u00e9is entrar en el enlace:<\/span>\u00a0<a href=\"http:\/\/bisbalpenedes.com\/web\/2019\/03\/12\/el-diumenge-24-de-marc-tindran-lloc-els-tradicionals-tres-tombs-de-la-bisbal-del-penedes\/\" target=\"_blank\">http:\/\/bisbalpenedes.com\/web\/2019\/03\/12\/el-diumenge-24-de-marc-tindran-lloc-els-tradicionals-tres-tombs-de-la-bisbal-del-penedes\/<\/a><\/p>\n<p>&nbsp;<\/p>\n<p>&nbsp;<\/p>\n<p style=\"padding-left: 30px;\">\n","protected":false},"excerpt":{"rendered":"<p>El Ball de Diables de la Bisbal del Pened\u00e8s organitza l&#8217;esmorzar dels Tres Tombs, que tindr\u00e0 lloc aquest diumenge, a partir de les 9.30h, a la pla\u00e7a de l&#8217;Era de &hellip; <a href=\"https:\/\/bisbalpenedes.com\/web\/2019\/03\/21\/aquest-diumenge-vine-a-lesmorzar-dels-tres-tombs\/\" class=\"more-link\">Read More<\/a><\/p>\n","protected":false},"author":4,"featured_media":9113,"comment_status":"closed","ping_status":"closed","sticky":false,"template":"","format":"standard","meta":[],"categories":[13,20],"tags":[2863,351,2888,1450,2889],"_links":{"self":[{"href":"https:\/\/bisbalpenedes.com\/web\/wp-json\/wp\/v2\/posts\/9111"}],"collection":[{"href":"https:\/\/bisbalpenedes.com\/web\/wp-json\/wp\/v2\/posts"}],"about":[{"href":"https:\/\/bisbalpenedes.com\/web\/wp-json\/wp\/v2\/types\/post"}],"author":[{"embeddable":true,"href":"https:\/\/bisbalpenedes.com\/web\/wp-json\/wp\/v2\/users\/4"}],"replies":[{"embeddable":true,"href":"https:\/\/bisbalpenedes.com\/web\/wp-json\/wp\/v2\/comments?post=9111"}],"version-history":[{"count":5,"href":"https:\/\/bisbalpenedes.com\/web\/wp-json\/wp\/v2\/posts\/9111\/revisions"}],"predecessor-version":[{"id":9123,"href":"https:\/\/bisbalpenedes.com\/web\/wp-json\/wp\/v2\/posts\/9111\/revisions\/9123"}],"wp:featuredmedia":[{"embeddable":true,"href":"https:\/\/bisbalpenedes.com\/web\/wp-json\/wp\/v2\/media\/9113"}],"wp:attachment":[{"href":"https:\/\/bisbalpenedes.com\/web\/wp-json\/wp\/v2\/media?parent=9111"}],"wp:term":[{"taxonomy":"category","embeddable":true,"href":"https:\/\/bisbalpenedes.com\/web\/wp-json\/wp\/v2\/categories?post=9111"},{"taxonomy":"post_tag","embeddable":true,"href":"https:\/\/bisbalpenedes.com\/web\/wp-json\/wp\/v2\/tags?post=9111"}],"curies":[{"name":"wp","href":"https:\/\/api.w.org\/{rel}","templated":true}]}}