{"id":9100,"date":"2019-03-20T13:45:59","date_gmt":"2019-03-20T12:45:59","guid":{"rendered":"http:\/\/bisbalpenedes.com\/web\/?p=9100"},"modified":"2019-03-20T13:54:29","modified_gmt":"2019-03-20T12:54:29","slug":"lajuntament-de-la-bisbal-es-present-un-any-mes-al-sopar-de-dones-dempresa","status":"publish","type":"post","link":"https:\/\/bisbalpenedes.com\/web\/2019\/03\/20\/lajuntament-de-la-bisbal-es-present-un-any-mes-al-sopar-de-dones-dempresa\/","title":{"rendered":"L&#8217;Ajuntament de la Bisbal \u00e9s present, un any m\u00e9s, al sopar de Dones d&#8217;Empresa"},"content":{"rendered":"<p><a href=\"http:\/\/bisbalpenedes.com\/web\/wp-content\/uploads\/2019\/03\/dones-dempresa-general.jpg\"><img loading=\"lazy\" class=\"wp-image-9101 size-large aligncenter\" src=\"http:\/\/bisbalpenedes.com\/web\/wp-content\/uploads\/2019\/03\/dones-dempresa-general-1024x682.jpg\" alt=\"dones d'empresa general\" width=\"630\" height=\"420\" srcset=\"https:\/\/bisbalpenedes.com\/web\/wp-content\/uploads\/2019\/03\/dones-dempresa-general-1024x682.jpg 1024w, https:\/\/bisbalpenedes.com\/web\/wp-content\/uploads\/2019\/03\/dones-dempresa-general-600x400.jpg 600w, https:\/\/bisbalpenedes.com\/web\/wp-content\/uploads\/2019\/03\/dones-dempresa-general-300x200.jpg 300w, https:\/\/bisbalpenedes.com\/web\/wp-content\/uploads\/2019\/03\/dones-dempresa-general-768x512.jpg 768w, https:\/\/bisbalpenedes.com\/web\/wp-content\/uploads\/2019\/03\/dones-dempresa-general.jpg 1214w\" sizes=\"(max-width: 630px) 100vw, 630px\" \/><\/a><\/p>\n<p style=\"line-height: 19.2pt; background: #FAFAFA; margin: 0cm 0cm 15.0pt 0cm;\"><span style=\"font-family: Arial, sans-serif; color: #000000;\">El passat divendres 15 de mar\u00e7 va tenir lloc el sopar anual de Dones d\u2019Empresa (col\u00b7lectiu vinculat a la Federaci\u00f3 Empresarial del Gran Pened\u00e8s), un esdeveniment que va aplegar un centenar i mig de participants al Vendrell. L\u2019Ajuntament de la Bisbal del Pened\u00e8s hi va ser present un any m\u00e9s, en aquest cas, amb la pres\u00e8ncia de l\u2019alcaldessa Agn\u00e8s Ferr\u00e9 i la regidora Leo Uceda*. Segons Ferr\u00e9 &#8220;aquest sopar \u00e9s una oportunitat per con\u00e8ixer la visi\u00f3 de les dones en el m\u00f3n de l&#8217;empresa i l&#8217;emprenedoria i ens \u00e9s\u00a0 molt \u00faltil a\u00a0 l&#8217;hora de crear i planificar continguts per als cursos o les xerrades que oferim des de la regidoria, alhora que ens ajuda a con\u00e8ixer persones i noves visions que, despr\u00e9s, podem aplicar a la Bisbal, per exemple a la Setmana de l&#8217;Empresa i l&#8217;Ocupaci\u00f3, que comen\u00e7a el proper dilluns&#8221;.<\/span><\/p>\n<p style=\"line-height: 19.2pt; background: #FAFAFA; margin: 0cm 0cm 15.0pt 0cm;\"><a href=\"http:\/\/bisbalpenedes.com\/web\/wp-content\/uploads\/2019\/03\/DONES-DEMPRESA-DETALL-PICA-PICA.jpg\"><img loading=\"lazy\" class=\"aligncenter size-medium wp-image-9102\" src=\"http:\/\/bisbalpenedes.com\/web\/wp-content\/uploads\/2019\/03\/DONES-DEMPRESA-DETALL-PICA-PICA-300x200.jpg\" alt=\"DONES D'EMPRESA DETALL PICA-PICA\" width=\"300\" height=\"200\" srcset=\"https:\/\/bisbalpenedes.com\/web\/wp-content\/uploads\/2019\/03\/DONES-DEMPRESA-DETALL-PICA-PICA-300x200.jpg 300w, https:\/\/bisbalpenedes.com\/web\/wp-content\/uploads\/2019\/03\/DONES-DEMPRESA-DETALL-PICA-PICA-600x400.jpg 600w, https:\/\/bisbalpenedes.com\/web\/wp-content\/uploads\/2019\/03\/DONES-DEMPRESA-DETALL-PICA-PICA-768x512.jpg 768w, https:\/\/bisbalpenedes.com\/web\/wp-content\/uploads\/2019\/03\/DONES-DEMPRESA-DETALL-PICA-PICA-1024x682.jpg 1024w, https:\/\/bisbalpenedes.com\/web\/wp-content\/uploads\/2019\/03\/DONES-DEMPRESA-DETALL-PICA-PICA.jpg 1214w\" sizes=\"(max-width: 300px) 100vw, 300px\" \/><\/a><\/p>\n<p style=\"line-height: 19.2pt; background: #FAFAFA; margin: 0cm 0cm 15.0pt 0cm;\"><span style=\"font-family: Arial, sans-serif; color: #000000;\">L\u2019acte el va presentar la periodista Magda Bandera (La Marea) i la nit va comen\u00e7ar amb una taula de di\u00e0leg a tres, amb, l&#8217;<b>\u00c0ngels Mas<\/b>, d&#8217;Applus IDIADA; l&#8217;<b>Eva Caralt\u00f3<\/b>, de YaEncontr\u00e9, i la\u00a0<b>Karina Crespo<\/b>, del Grup Ondunova, sobre les principals preocupacions de la majoria de companyies -trobar els perfils professionals m\u00e9s adients-, que va comptar amb la participaci\u00f3 de tres directives de recursos humans de sectors diferents. A m\u00e9s, la trobada anual va comptar amb la intervenci\u00f3 de la presentadora i directora de El divan (Catalunya R\u00e0dio i TV3), Silvia C\u00f3ppulo, i la m\u00fasica ambiental d\u2019Apocadixie Cotton Pickers.<\/span><\/p>\n<p style=\"line-height: 19.2pt; background: #FAFAFA; margin: 0cm 0cm 15.0pt 0cm;\"><a href=\"http:\/\/bisbalpenedes.com\/web\/wp-content\/uploads\/2019\/03\/TAULA-A-3.jpg\"><img loading=\"lazy\" class=\"aligncenter wp-image-9103 size-large\" src=\"http:\/\/bisbalpenedes.com\/web\/wp-content\/uploads\/2019\/03\/TAULA-A-3-1024x682.jpg\" alt=\"TAULA A 3 DONES D'EMPRESA\" width=\"630\" height=\"420\" srcset=\"https:\/\/bisbalpenedes.com\/web\/wp-content\/uploads\/2019\/03\/TAULA-A-3-1024x682.jpg 1024w, https:\/\/bisbalpenedes.com\/web\/wp-content\/uploads\/2019\/03\/TAULA-A-3-600x400.jpg 600w, https:\/\/bisbalpenedes.com\/web\/wp-content\/uploads\/2019\/03\/TAULA-A-3-300x200.jpg 300w, https:\/\/bisbalpenedes.com\/web\/wp-content\/uploads\/2019\/03\/TAULA-A-3-768x512.jpg 768w, https:\/\/bisbalpenedes.com\/web\/wp-content\/uploads\/2019\/03\/TAULA-A-3.jpg 1214w\" sizes=\"(max-width: 630px) 100vw, 630px\" \/><\/a><\/p>\n<hr \/>\n<p style=\"line-height: 19.2pt; background: #FAFAFA; margin: 0cm 0cm 15.0pt 0cm;\"><a href=\"http:\/\/bisbalpenedes.com\/web\/wp-content\/uploads\/2019\/03\/dones-dempresa-general.jpg\"><img loading=\"lazy\" class=\"aligncenter size-large wp-image-9101\" src=\"http:\/\/bisbalpenedes.com\/web\/wp-content\/uploads\/2019\/03\/dones-dempresa-general-1024x682.jpg\" alt=\"dones d'empresa general\" width=\"630\" height=\"420\" srcset=\"https:\/\/bisbalpenedes.com\/web\/wp-content\/uploads\/2019\/03\/dones-dempresa-general-1024x682.jpg 1024w, https:\/\/bisbalpenedes.com\/web\/wp-content\/uploads\/2019\/03\/dones-dempresa-general-600x400.jpg 600w, https:\/\/bisbalpenedes.com\/web\/wp-content\/uploads\/2019\/03\/dones-dempresa-general-300x200.jpg 300w, https:\/\/bisbalpenedes.com\/web\/wp-content\/uploads\/2019\/03\/dones-dempresa-general-768x512.jpg 768w, https:\/\/bisbalpenedes.com\/web\/wp-content\/uploads\/2019\/03\/dones-dempresa-general.jpg 1214w\" sizes=\"(max-width: 630px) 100vw, 630px\" \/><\/a><\/p>\n<p><span style=\"color: #000000;\"><strong>CASTELLANO |<\/strong> El pasado viernes 15 de marzo tuvo lugar la cena anual de Dones d\u2019Empresa (colectivo vinculado a la Federaci\u00f3 Empresarial del Gran Pened\u00e8s), un evento que reuni\u00f3 a un centenar y medio de participantes en el Vendrell. El Ayuntamiento de la Bisbal del Pened\u00e8s estuvo presente un a\u00f1o m\u00e1s, en este caso, con la presencia de la alcaldesa Agn\u00e8s Ferr\u00e9 y la concejala Leo Uceda*.<\/span><\/p>\n<p><span style=\"color: #000000;\">Seg\u00fan Ferr\u00e9 &#8220;esta cena es una oportunidad para conocer la visi\u00f3n de las mujeres en el mundo de la empresa y la emprendedur\u00eda y nos es muy \u00fatil a la hora de crear y planificar contenidos para los cursos o las charlas que ofrecemos desde la concejal\u00eda, a la vez que nos ayuda a conocer a personas y nuevas visiones que, despu\u00e9s, podemos aplicar en la Bisbal, por ejemplo en la Setmana de l&#8217;Empresa i l&#8217;Ocupaci\u00f3, que empieza el pr\u00f3ximo lunes&#8221;.<\/span><a href=\"http:\/\/bisbalpenedes.com\/web\/wp-content\/uploads\/2019\/03\/DONES-DEMPRESA-DETALL-PICA-PICA.jpg\"><br \/>\n<img loading=\"lazy\" class=\"aligncenter size-medium wp-image-9102\" src=\"http:\/\/bisbalpenedes.com\/web\/wp-content\/uploads\/2019\/03\/DONES-DEMPRESA-DETALL-PICA-PICA-300x200.jpg\" alt=\"DONES D'EMPRESA DETALL PICA-PICA\" width=\"300\" height=\"200\" srcset=\"https:\/\/bisbalpenedes.com\/web\/wp-content\/uploads\/2019\/03\/DONES-DEMPRESA-DETALL-PICA-PICA-300x200.jpg 300w, https:\/\/bisbalpenedes.com\/web\/wp-content\/uploads\/2019\/03\/DONES-DEMPRESA-DETALL-PICA-PICA-600x400.jpg 600w, https:\/\/bisbalpenedes.com\/web\/wp-content\/uploads\/2019\/03\/DONES-DEMPRESA-DETALL-PICA-PICA-768x512.jpg 768w, https:\/\/bisbalpenedes.com\/web\/wp-content\/uploads\/2019\/03\/DONES-DEMPRESA-DETALL-PICA-PICA-1024x682.jpg 1024w, https:\/\/bisbalpenedes.com\/web\/wp-content\/uploads\/2019\/03\/DONES-DEMPRESA-DETALL-PICA-PICA.jpg 1214w\" sizes=\"(max-width: 300px) 100vw, 300px\" \/><\/a><\/p>\n<p style=\"line-height: 19.2pt; background: #FAFAFA; margin: 0cm 0cm 15.0pt 0cm;\"><span style=\"font-family: Arial, sans-serif; color: #000000;\">L\u2019acte el va presentar la periodista Magda Bandera (La Marea) i la nit va comen\u00e7ar amb una taula de di\u00e0leg a tres, amb, l&#8217;<b>\u00c0ngels Mas<\/b>, d&#8217;Applus IDIADA; l&#8217;<b>Eva Caralt\u00f3<\/b>, de YaEncontr\u00e9, i la\u00a0<b>Karina Crespo<\/b>, del Grup Ondunova, sobre les principals preocupacions de la majoria de companyies -trobar els perfils professionals m\u00e9s adients-, que va comptar amb la participaci\u00f3 de tres directives de recursos humans de sectors diferents. A m\u00e9s, la trobada anual va comptar amb la intervenci\u00f3 de la presentadora i directora de El divan (Catalunya R\u00e0dio i TV3), Silvia C\u00f3ppulo, i la m\u00fasica ambiental d\u2019Apocadixie Cotton Pickers.<\/span><\/p>\n<p style=\"line-height: 19.2pt; background: #FAFAFA; margin: 0cm 0cm 15.0pt 0cm;\"><a href=\"http:\/\/bisbalpenedes.com\/web\/wp-content\/uploads\/2019\/03\/TAULA-A-3.jpg\"><img loading=\"lazy\" class=\"aligncenter wp-image-9103 size-large\" src=\"http:\/\/bisbalpenedes.com\/web\/wp-content\/uploads\/2019\/03\/TAULA-A-3-1024x682.jpg\" alt=\"TAULA A 3 DONES D'EMPRESA\" width=\"630\" height=\"420\" srcset=\"https:\/\/bisbalpenedes.com\/web\/wp-content\/uploads\/2019\/03\/TAULA-A-3-1024x682.jpg 1024w, https:\/\/bisbalpenedes.com\/web\/wp-content\/uploads\/2019\/03\/TAULA-A-3-600x400.jpg 600w, https:\/\/bisbalpenedes.com\/web\/wp-content\/uploads\/2019\/03\/TAULA-A-3-300x200.jpg 300w, https:\/\/bisbalpenedes.com\/web\/wp-content\/uploads\/2019\/03\/TAULA-A-3-768x512.jpg 768w, https:\/\/bisbalpenedes.com\/web\/wp-content\/uploads\/2019\/03\/TAULA-A-3.jpg 1214w\" sizes=\"(max-width: 630px) 100vw, 630px\" \/><\/a><\/p>\n<h6 style=\"line-height: 19.2pt; background: #FAFAFA; margin: 0cm 0cm 15.0pt 0cm;\">Fotos: Dones d&#8217;Empresa<\/h6>\n<h6 style=\"line-height: 19.2pt; background: #FAFAFA; margin: 0cm 0cm 15.0pt 0cm;\"><span style=\"color: #000000;\">*Cada una es va pagar el seu sopar\/Cada una se pag\u00f3 su cena.<\/span><\/h6>\n","protected":false},"excerpt":{"rendered":"<p>El passat divendres 15 de mar\u00e7 va tenir lloc el sopar anual de Dones d\u2019Empresa (col\u00b7lectiu vinculat a la Federaci\u00f3 Empresarial del Gran Pened\u00e8s), un esdeveniment que va aplegar un &hellip; <a href=\"https:\/\/bisbalpenedes.com\/web\/2019\/03\/20\/lajuntament-de-la-bisbal-es-present-un-any-mes-al-sopar-de-dones-dempresa\/\" class=\"more-link\">Read More<\/a><\/p>\n","protected":false},"author":4,"featured_media":9101,"comment_status":"closed","ping_status":"closed","sticky":false,"template":"","format":"standard","meta":[],"categories":[9],"tags":[1856,2467,2468,393],"_links":{"self":[{"href":"https:\/\/bisbalpenedes.com\/web\/wp-json\/wp\/v2\/posts\/9100"}],"collection":[{"href":"https:\/\/bisbalpenedes.com\/web\/wp-json\/wp\/v2\/posts"}],"about":[{"href":"https:\/\/bisbalpenedes.com\/web\/wp-json\/wp\/v2\/types\/post"}],"author":[{"embeddable":true,"href":"https:\/\/bisbalpenedes.com\/web\/wp-json\/wp\/v2\/users\/4"}],"replies":[{"embeddable":true,"href":"https:\/\/bisbalpenedes.com\/web\/wp-json\/wp\/v2\/comments?post=9100"}],"version-history":[{"count":5,"href":"https:\/\/bisbalpenedes.com\/web\/wp-json\/wp\/v2\/posts\/9100\/revisions"}],"predecessor-version":[{"id":9110,"href":"https:\/\/bisbalpenedes.com\/web\/wp-json\/wp\/v2\/posts\/9100\/revisions\/9110"}],"wp:featuredmedia":[{"embeddable":true,"href":"https:\/\/bisbalpenedes.com\/web\/wp-json\/wp\/v2\/media\/9101"}],"wp:attachment":[{"href":"https:\/\/bisbalpenedes.com\/web\/wp-json\/wp\/v2\/media?parent=9100"}],"wp:term":[{"taxonomy":"category","embeddable":true,"href":"https:\/\/bisbalpenedes.com\/web\/wp-json\/wp\/v2\/categories?post=9100"},{"taxonomy":"post_tag","embeddable":true,"href":"https:\/\/bisbalpenedes.com\/web\/wp-json\/wp\/v2\/tags?post=9100"}],"curies":[{"name":"wp","href":"https:\/\/api.w.org\/{rel}","templated":true}]}}