{"id":9096,"date":"2019-03-20T13:00:55","date_gmt":"2019-03-20T12:00:55","guid":{"rendered":"http:\/\/bisbalpenedes.com\/web\/?p=9096"},"modified":"2019-06-21T11:54:06","modified_gmt":"2019-06-21T10:54:06","slug":"aquest-dilluns-18-de-marc-sha-celebrat-el-ple-ordinari-de-lajuntament-de-la-bisbal-del-penedes","status":"publish","type":"post","link":"https:\/\/bisbalpenedes.com\/web\/2019\/03\/20\/aquest-dilluns-18-de-marc-sha-celebrat-el-ple-ordinari-de-lajuntament-de-la-bisbal-del-penedes\/","title":{"rendered":"Aquest dilluns 18 de mar\u00e7 s\u2019ha celebrat el Ple Ordinari de l\u2019Ajuntament de la Bisbal del Pened\u00e8s"},"content":{"rendered":"<p>&nbsp;<\/p>\n<p><a href=\"http:\/\/bisbalpenedes.com\/web\/wp-content\/uploads\/2019\/03\/190319-FOTO-PLE-ORDINARI.jpg\"><img loading=\"lazy\" class=\"aligncenter size-medium wp-image-9097\" src=\"http:\/\/bisbalpenedes.com\/web\/wp-content\/uploads\/2019\/03\/190319-FOTO-PLE-ORDINARI-300x225.jpg\" alt=\"190319 FOTO PLE ORDINARI\" width=\"300\" height=\"225\" srcset=\"https:\/\/bisbalpenedes.com\/web\/wp-content\/uploads\/2019\/03\/190319-FOTO-PLE-ORDINARI-300x225.jpg 300w, https:\/\/bisbalpenedes.com\/web\/wp-content\/uploads\/2019\/03\/190319-FOTO-PLE-ORDINARI-600x450.jpg 600w, https:\/\/bisbalpenedes.com\/web\/wp-content\/uploads\/2019\/03\/190319-FOTO-PLE-ORDINARI-768x576.jpg 768w, https:\/\/bisbalpenedes.com\/web\/wp-content\/uploads\/2019\/03\/190319-FOTO-PLE-ORDINARI-1024x768.jpg 1024w\" sizes=\"(max-width: 300px) 100vw, 300px\" \/><\/a><\/p>\n<p><span style=\"color: #000000;\"><strong>RESUM DELS PUNTS TRACTATS AL PLE ORDINARI DEL 18 DE MAR\u00c7 DE 2018<\/strong><\/span><\/p>\n<ol>\n<li><span style=\"color: #000000;\"><strong>Aprovaci\u00f3 de l\u2019acta del Ple ordinari del 17\/12\/18.<\/strong><\/span><\/li>\n<\/ol>\n<p style=\"padding-left: 30px;\"><span style=\"color: #000000;\">S\u2019aprova per unanimitat amb els vots a favor de PDeCAT (5), ERC (5) i la regidora no adscrita, M. Antol\u00edn (1).<\/span><\/p>\n<ol start=\"2\">\n<li><span style=\"color: #000000;\"><strong>Aprovaci\u00f3 de l\u2019acta del Ple extraordinari del 24\/12\/18.<\/strong><\/span><\/li>\n<\/ol>\n<p style=\"padding-left: 30px;\"><span style=\"color: #000000;\">S\u2019aprova per unanimitat amb els vots a favor de PDeCAT (5), ERC (5) i la regidora no adscrita, M. Antol\u00edn (1).<\/span><\/p>\n<ol start=\"3\">\n<li><span style=\"color: #000000;\"><strong>Aprovaci\u00f3 de l\u2019acta del Ple extraordinari del 07\/02\/19.<\/strong><\/span><\/li>\n<\/ol>\n<p style=\"padding-left: 30px;\"><span style=\"color: #000000;\">S\u2019aprova per unanimitat amb els vots a favor de PDeCAT (5) i ERC (5). La regidora no adscrita, M. Antol\u00edn, no vota aquest punt perqu\u00e8 no va assistir al ple del 07\/02\/19.<\/span><\/p>\n<ol start=\"4\">\n<li><span style=\"color: #000000;\"><strong>Moci\u00f3 presentada pel PDeCAT en relaci\u00f3 al pacte del Pened\u00e8s Mar\u00edtim.<\/strong><\/span><\/li>\n<\/ol>\n<p style=\"padding-left: 30px;\"><span style=\"color: #000000;\">No s\u2019aprova.<\/span><\/p>\n<p style=\"padding-left: 30px;\"><span style=\"color: #000000;\">Vots a favor: PDeCAT (5)<\/span><\/p>\n<p style=\"padding-left: 30px;\"><span style=\"color: #000000;\">Vots en contra: ERC (5) i la regidora no adscrita, M. Antol\u00edn (1)<\/span><\/p>\n<p style=\"padding-left: 30px;\"><span style=\"color: #000000;\">Els acords proposats a la moci\u00f3 eren els seg\u00fcents:<\/span><\/p>\n<p style=\"padding-left: 60px;\"><span style=\"color: #000000;\"><u>Primer.-<\/u> Adherir-se al Pacte del Pened\u00e8s Mar\u00edtim.<\/span><\/p>\n<p style=\"padding-left: 60px;\"><span style=\"color: #000000;\"><u>Segon.-<\/u> Donar suport a les iniciatives que queden expressades en el Pacte del Pened\u00e8s Mar\u00edtim.<\/span><\/p>\n<p style=\"padding-left: 60px;\"><span style=\"color: #000000;\"><u>Tercer.-<\/u> Fer trasllat de l\u2019acord als ajuntaments de la comarca, a les institucions comarcals, a les associacions municipalistes, als grups parlamentaris amb representaci\u00f3 al Parlament de Catalunya i al Departament de Territori i Sostenibilitat de la Generalitat de Catalunya.<\/span><\/p>\n<ol start=\"5\">\n<li><span style=\"color: #000000;\"><strong>Moci\u00f3 presentada pel PDeCAT per fer front a l\u2019alarma social dels robatoris en cases habitades.<\/strong><\/span><\/li>\n<\/ol>\n<p style=\"padding-left: 30px;\"><span style=\"color: #000000;\">S\u2019aprova.<\/span><\/p>\n<p style=\"padding-left: 30px;\"><span style=\"color: #000000;\">Vots a favor: PDeCAT (5)<\/span><\/p>\n<p style=\"padding-left: 30px;\"><span style=\"color: #000000;\">Abstencions: ERC (5)<\/span><\/p>\n<p style=\"padding-left: 30px;\"><span style=\"color: #000000;\">Vots en contra: regidora no adscrita, M. Antol\u00edn (1)<\/span><\/p>\n<p style=\"padding-left: 30px;\"><span style=\"color: #000000;\">Els acords proposats a la moci\u00f3 eren els seg\u00fcents:<\/span><\/p>\n<p style=\"padding-left: 60px;\"><span style=\"color: #000000;\"><u>Primer.-<\/u> Mostrar la nostra preocupaci\u00f3 per l\u2019increment de la inseguretat ciutadana que es concreta en robatoris, alguns amb for\u00e7a, en domicilis del nostre municipi i a la nostra comarca.<\/span><\/p>\n<p style=\"padding-left: 60px;\"><span style=\"color: #000000;\"><u>Segon.-<\/u> Instar el Govern de la Generalitat per tal que, compartint aquesta preocupaci\u00f3 i d\u2019una manera concertada amb els Ajuntaments, s\u2019impulsin les actuacions policials necess\u00e0ries i coordinades per resoldre aquesta problem\u00e0tica.<\/span><\/p>\n<p style=\"padding-left: 60px;\"><span style=\"color: #000000;\"><u>Tercer.-<\/u> Instar la Fiscalia general de Catalunya i el Tribunal Superior de Just\u00edcia per tal que en els seus respectius \u00e0mbits de decisi\u00f3 siguin amatents en les fases de graduar les peticions de pena, de les sent\u00e8ncies i de considerar la reincid\u00e8ncia.<\/span><\/p>\n<p style=\"padding-left: 60px;\"><span style=\"color: #000000;\"><u>Quart.-<\/u> Davant d\u2019aquest augment de robatoris en domicilis, fer arribar tamb\u00e9 als grups parlamentaris del Parlament de Catalunya i del Congr\u00e9s dels Diputats aquesta preocupaci\u00f3 perqu\u00e8 se sol\u00b7liciti una modificaci\u00f3 del Codi Penal per elevar les penes per aquesta tipologia de delictes.<\/span><\/p>\n<p style=\"padding-left: 60px;\"><span style=\"color: #000000;\"><u>Cinqu\u00e8.-<\/u> Reclamar al Govern de l\u2019Estat espanyol els m\u00e9s de 800 milions d\u2019euros que es deuen a la Generalitat per tal que puguin ser revertits en una millora dels recursos materials i humans de la Policia de la Generalitat \u2013 Mossos d\u2019Esquadra.<\/span><\/p>\n<p style=\"padding-left: 60px;\"><span style=\"color: #000000;\"><u>Sis\u00e8.-<\/u> Comunicar aquests acords al Parlament de Catalunya, al Departament d\u2019Interior, a la Diputaci\u00f3, al Govern de l\u2019Estat, als grups del Parlament i del Congr\u00e9s dels Diputats, i al Consell Comarcal als efectes oportuns, tot palesant la preocupaci\u00f3 del nostre municipi.<\/span><\/p>\n<ol start=\"6\">\n<li><span style=\"color: #000000;\"><strong>Moci\u00f3 presentada per la regidora no adscrita M. Antol\u00edn en relaci\u00f3 a la renda garantida de la ciutadania.<\/strong><\/span><\/li>\n<\/ol>\n<p style=\"padding-left: 30px;\"><span style=\"color: #000000;\">S\u2019aprova per unanimitat amb els vots a favor de: PDeCAT (5), ERC (5) i la regidora no adscrita, M. Antol\u00edn (1).<\/span><\/p>\n<p style=\"padding-left: 30px;\"><span style=\"color: #000000;\">Es proposaven les seg\u00fcents mesures amb l\u2019objectiu de fer complir plenament de la llei de la RGC:<\/span><\/p>\n<ol>\n<li><span style=\"color: #000000;\">Davant les excuses injustificades, cedir les dades sobre les sol\u00b7licituds de RGC de persones sense llar, el nombre de resolucions aprovades i refusades a aquest col\u00b7lectiu.<\/span><\/li>\n<li><span style=\"color: #000000;\">Davant del preocupant esborrany del reglament, sol\u00b7licitar a la Direcci\u00f3 d\u2019Economia Social l\u2019elaboraci\u00f3 de l\u2019obertura d\u2019una comissi\u00f3 d\u2019investigaci\u00f3 parlament\u00e0ria.<\/span><\/li>\n<li><span style=\"color: #000000;\">Aprovar la realitzaci\u00f3 d\u2019una auditoria independent sobre la implementaci\u00f3 de la RGC pel Departament de Treball i d\u2019Assumptes Socials i Fam\u00edlies, tenint en compte la gravetat de la situaci\u00f3 i la urg\u00e8ncia de complir plenament la llei de RGC.<\/span><\/li>\n<li><span style=\"color: #000000;\">Que requereixin al Govern de la Generalitat l\u2019abonament de les sol\u00b7licituds de RGC, resolucions que no van ser notificades als sol\u00b7licitants dins del termini que estableix la llei RGC.<\/span><\/li>\n<li><span style=\"color: #000000;\">Que requereixin al Govern de la Generalitat la revisi\u00f3 de les sol\u00b7licituds refusades, aplicant normes i procediments coherents amb el contingut de la llei RGC.<\/span><\/li>\n<li><span style=\"color: #000000;\">Que es realitzi el seguiment de l\u2019elaboraci\u00f3 del Reglament perqu\u00e8 sigui plenament coherent amb el contingut de la llei de la RGC.<\/span><\/li>\n<li><span style=\"color: #000000;\">Iniciar els tr\u00e0mits legislatius per a la correcci\u00f3 de l\u2019errada que afecta la quantitat de la prestaci\u00f3 econ\u00f2mica de la RGC de la segona persona en la unitat familiar o de conviv\u00e8ncia.<\/span><\/li>\n<li><span style=\"color: #000000;\">Requerir al Govern de la Generalitat que ampli\u00ef els cr\u00e8dits previstos per fer efectiu l\u2019abonament i els complements de la RGC d\u2019acord amb l\u2019establer en l\u2019apartat 1 de l\u2019art. 17 sobre \u201cFinan\u00e7ament de la prestaci\u00f3 econ\u00f2mica de la RGC\u201d i la disposici\u00f3 final segona \u201cPartida pressupost\u00e0ria, primer apartat, i donar ple compliment al seu car\u00e0cter de dret subjectiu\u201d.<\/span><\/li>\n<li><span style=\"color: #000000;\">Requerir al Govern de la Generalitat i al Parlament de Catalunya l\u2019actualitzaci\u00f3 de l\u2019IRSC (indicador de renda de sufici\u00e8ncia), que est\u00e0 congelat des del 2010 i sobre el qual es calcula la prestaci\u00f3 de la Renda Garantida de la Ciutadania, no respectant ni la pujada de l\u2019IPC que marca la llei.<\/span><\/li>\n<\/ol>\n<p style=\"padding-left: 30px;\"><span style=\"color: #000000;\">Els acords proposats a la moci\u00f3 eren els seg\u00fcents:<\/span><\/p>\n<p style=\"padding-left: 60px;\"><span style=\"color: #000000;\"><u>Primer.-<\/u> Donar suport a les 9 mesures o actuacions anteriorment descrites<\/span><\/p>\n<p style=\"padding-left: 60px;\"><span style=\"color: #000000;\"><u>Segon.-<\/u> Exigir el ple compliment de la moci\u00f3 aprovada el 22 de novembre de 2018 al Parlament de Catalunya, pel que s\u2019ha de revisar la totalitat de sol\u00b7licituds refusades en els termes acordats.<\/span><\/p>\n<p style=\"padding-left: 60px;\"><span style=\"color: #000000;\"><u>Tercer.-<\/u> Exigir a la Direcci\u00f3 d\u2019Economia Social, al Tercer sector, les cooperatives i l\u2019autoempresa el ple compliment de la Llei de Transpar\u00e8ncia davant la sol\u00b7licitud d\u2019informaci\u00f3 p\u00fablica efectuada per la representaci\u00f3 de la Comissi\u00f3 Promotora de la Renda Garantida de la Ciutadania.<\/span><\/p>\n<ol start=\"7\">\n<li><span style=\"color: #000000;\"><strong>Es dona compte dels decrets d\u2019alcaldia signats des del ple ordinari del mes de novembre.<\/strong><\/span><\/li>\n<\/ol>\n<ol start=\"8\">\n<li><span style=\"color: #000000;\"><strong>Es dona compte de l\u2019informe d\u2019intervenci\u00f3 sobre el compliment del c\u00e0lcul i la remissi\u00f3 del per\u00edode mig de pagament del 3r trimestre de 2018, que va ser de 18,75 dies.<\/strong><\/span><\/li>\n<\/ol>\n<ol start=\"9\">\n<li><span style=\"color: #000000;\"><strong>Es dona compte de l\u2019informe d\u2019intervenci\u00f3 sobre el compliment del c\u00e0lcul i la remissi\u00f3 del per\u00edode mig de pagament del 4t trimestre de 2018, que va ser de 17,07 dies.<\/strong><\/span><\/li>\n<\/ol>\n<p style=\"padding-left: 30px;\"><span style=\"color: #000000;\"><strong>Tamb\u00e9 es dona compte del per\u00edode mig de pagament de tot el 2018, que se situa en 19,17 dies.<\/strong><\/span><\/p>\n<p style=\"padding-left: 30px;\"><span style=\"color: #000000;\">Tal com estableix la Llei org\u00e0nica 2\/2012, de 27 d\u2019abril, d\u2019Estabilitat pressupost\u00e0ria i sostenibilitat financera, l\u2019Ajuntament t\u00e9 l\u2019obligaci\u00f3 de publicar el per\u00edode mig de pagament a prove\u00efdors (PMP). El Reial Decret 1040\/2017, de 22 de desembre, que modifica el Reial Decret 634\/2014, del 25 de juliol, que desenvolupa la metodologia de c\u00e0lcul del PMP a prove\u00efdors de les Administracions P\u00fabliques, mant\u00e9 que el termini m\u00e0xim de pagament a prove\u00efdors \u00e9s de 30 dies, per\u00f2 modifica l\u2019inici del c\u00f2mput del c\u00e0lcul. La difer\u00e8ncia principal, respecte a la informaci\u00f3 dels informes de morositat, \u00e9s que el PMP es calcula a partir de la r\u00e0tio tant de les factures pagades com de les que resten pendents.<\/span><\/p>\n<ol start=\"10\">\n<li><span style=\"color: #000000;\"><strong>Es dona compte del Decret d\u2019alcaldia 2019\/0165, de l\u20191 de mar\u00e7 de 2019, relatiu a la liquidaci\u00f3 del pressupost 2018.<\/strong><\/span><\/li>\n<\/ol>\n<ol start=\"11\">\n<li><span style=\"color: #000000;\"><strong>Es dona compte del Decret d\u2019alcaldia 2019\/0135, de 20 de febrer de 2019, relatiu a la pr\u00f2rroga pressupost\u00e0ria del 2019.<\/strong><\/span><\/li>\n<\/ol>\n<ol start=\"12\">\n<li><span style=\"color: #000000;\"><strong>Es dona compte dels informes d\u2019intervenci\u00f3 i avaluaci\u00f3 de l\u2019objectiu d\u2019estabilitat pressupost\u00e0ria, regla de la despesa i deute p\u00fablic del 2019.<\/strong><\/span><\/li>\n<\/ol>\n<p style=\"padding-left: 30px;\"><span style=\"color: #000000;\">El tancament i liquidaci\u00f3 de l\u2019execuci\u00f3 del pressupost del 2018:<\/span><\/p>\n<p style=\"padding-left: 60px;\"><span style=\"color: #000000;\">-Compleix l\u2019objectiu d\u2019estabilitat pressupost\u00e0ria, amb una capacitat de finan\u00e7ament de 489.778,15\u20ac.<\/span><\/p>\n<p style=\"padding-left: 60px;\"><span style=\"color: #000000;\">-No compleix amb la regla de la despesa per 497.283,72\u20ac, a causa de l\u2019endarreriment de les obres realitzades per Fecsa-Endesa per incrementar la pot\u00e8ncia el\u00e8ctrica al pol\u00edgon (es tracta d\u2019un incompliment puntual per un efecte extern a l\u2019Ajuntament).<\/span><\/p>\n<p style=\"padding-left: 60px;\"><span style=\"color: #000000;\">-Compleix el l\u00edmit de deute: l\u2019endeutament \u00e9s del 32,39% (el l\u00edmit m\u00e0xim \u00e9s del 70%).<\/span><\/p>\n<p style=\"padding-left: 30px;\"><span style=\"color: #000000;\">Com que no es van aprovar els pressupostos proposats per al 2019 en el Ple extraordinari del 24 de desembre de 2018, es van prorrogar els pressupostos de 2018, quedant un pressupost de 3.906.277,32\u20ac per al 2019, inferior al de 2018, que va ser de 4.854.927,02\u20ac, pel fet que amb el pressupost prorrogat no es pot preveure inversi\u00f3.<\/span><\/p>\n<p style=\"padding-left: 30px;\"><span style=\"color: #000000;\">El pressupost prorrogat compleix els requisits d\u2019estabilitat pressupost\u00e0ria:<\/span><\/p>\n<p style=\"padding-left: 60px;\"><span style=\"color: #000000;\">-Compleix l\u2019objectiu d\u2019estabilitat pressupost\u00e0ria amb una capacitat de finan\u00e7ament de 702.382,83\u20ac<\/span><\/p>\n<p style=\"padding-left: 60px;\"><span style=\"color: #000000;\">-Compleix amb la regla de la despesa amb un marge de compliment d\u20191.645.416,04\u20ac<\/span><\/p>\n<p style=\"padding-left: 60px;\"><span style=\"color: #000000;\">-Compleix el l\u00edmit del deute: l\u2019endeutament \u00e9s d\u2019un 31,10% (el l\u00edmit m\u00e0xim \u00e9s del 70%).<\/span><\/p>\n<p style=\"padding-left: 30px;\"><span style=\"color: #000000;\">Per tant, el pressupost de 2019 que es basa en la pr\u00f2rroga del 2018, compleix els requisits d\u2019estabilitat pressupost\u00e0ria, regla de la despesa i objectiu del l\u00edmit de deute p\u00fablic.<\/span><\/p>\n<ol start=\"13\">\n<li><span style=\"color: #000000;\"><strong>Torn de precs i preguntes.<\/strong><\/span><\/li>\n<\/ol>\n<hr \/>\n<p><a href=\"http:\/\/bisbalpenedes.com\/web\/wp-content\/uploads\/2019\/03\/190319-FOTO-PLE-ORDINARI.jpg\"><img loading=\"lazy\" class=\"aligncenter size-medium wp-image-9097\" src=\"http:\/\/bisbalpenedes.com\/web\/wp-content\/uploads\/2019\/03\/190319-FOTO-PLE-ORDINARI-300x225.jpg\" alt=\"190319 FOTO PLE ORDINARI\" width=\"300\" height=\"225\" srcset=\"https:\/\/bisbalpenedes.com\/web\/wp-content\/uploads\/2019\/03\/190319-FOTO-PLE-ORDINARI-300x225.jpg 300w, https:\/\/bisbalpenedes.com\/web\/wp-content\/uploads\/2019\/03\/190319-FOTO-PLE-ORDINARI-600x450.jpg 600w, https:\/\/bisbalpenedes.com\/web\/wp-content\/uploads\/2019\/03\/190319-FOTO-PLE-ORDINARI-768x576.jpg 768w, https:\/\/bisbalpenedes.com\/web\/wp-content\/uploads\/2019\/03\/190319-FOTO-PLE-ORDINARI-1024x768.jpg 1024w\" sizes=\"(max-width: 300px) 100vw, 300px\" \/><\/a><\/p>\n<p><strong><span style=\"color: #000000;\">CASTELLANO |<\/span><\/strong><\/p>\n<p><span style=\"color: #000000;\"><strong>RESUMEN DE LOS PUNTOS TRATADOS EN EL PLENO ORDINARIO DEL 18 DE MARZO DEL 2018<\/strong><\/span><\/p>\n<ol>\n<li><span style=\"color: #000000;\"><strong>Aprobaci\u00f3n del acta del Pleno ordinario del 17\/12\/18.<\/strong><\/span><\/li>\n<\/ol>\n<p style=\"padding-left: 30px;\"><span style=\"color: #000000;\">Se aprueba por unanimidad con los votos a favor del PDeCAT (5), ERC (5) y la concejala no adscrita, M. Antol\u00edn (1).<\/span><\/p>\n<ol start=\"2\">\n<li><span style=\"color: #000000;\"><strong>Aprobaci\u00f3n del acta del Pleno extraordinario del 24\/12\/18.<\/strong><\/span><\/li>\n<\/ol>\n<p style=\"padding-left: 30px;\"><span style=\"color: #000000;\">Se aprueba por unanimidad con los votos a favor del PDeCAT (5), ERC (5) y la concejala no adscrita, M. Antol\u00edn (1).<\/span><\/p>\n<ol start=\"3\">\n<li><span style=\"color: #000000;\"><strong>Aprobaci\u00f3n del acta del Pleno extraordinario del 07\/02\/19.<\/strong><\/span><\/li>\n<\/ol>\n<p style=\"padding-left: 30px;\"><span style=\"color: #000000;\">Se aprueba por unanimidad con los votos a favor del PDeCAT (5) y ERC (5). La concejala no adscrita, M. Antol\u00edn, no vota este punto porqu\u00e9 no asisti\u00f3 al pleno del 07\/02\/19.<\/span><\/p>\n<ol start=\"4\">\n<li><span style=\"color: #000000;\"><strong>Moci\u00f3n presentada por el PDeCAT en relaci\u00f3n con el Pacte del Pened\u00e8s Mar\u00edtim.<\/strong><\/span><\/li>\n<\/ol>\n<p style=\"padding-left: 30px;\"><span style=\"color: #000000;\">No se aprueba.<\/span><\/p>\n<p style=\"padding-left: 30px;\"><span style=\"color: #000000;\">Votos a favor: PDeCAT (5)<\/span><\/p>\n<p style=\"padding-left: 30px;\"><span style=\"color: #000000;\">Votos en contra: ERC (5) y la concejala no adscrita, M. Antol\u00edn (1)<\/span><\/p>\n<p style=\"padding-left: 30px;\"><span style=\"color: #000000;\">Los acuerdos propuestos en la moci\u00f3n eran los siguientes:<\/span><\/p>\n<p style=\"padding-left: 60px;\"><span style=\"color: #000000;\"><u>Primero.-<\/u> \u00a0Adherirse al Pacte del Pened\u00e8s Mar\u00edtim.<\/span><\/p>\n<p style=\"padding-left: 60px;\"><span style=\"color: #000000;\"><u>Segundo.-<\/u> Apoyar las iniciativas que quedan expresadas en el Pacte del Pened\u00e8s Mar\u00edtim.<\/span><\/p>\n<p style=\"padding-left: 60px;\"><span style=\"color: #000000;\"><u>Tercero.-<\/u> Trasladar el acuerdo \u00a0a los ayuntamientos de la comarca, a las instituciones comarcales, a las asociaciones municipalistas, a los grupos parlamentarios con representaci\u00f3n en el Parlament de Catalunya y al Departament de Territori i Sostenibilitat de la Generalitat de Catalunya.<\/span><\/p>\n<ol start=\"5\">\n<li><span style=\"color: #000000;\"><strong>Moci\u00f3n presentada por el PDeCAT para hacer frente a la alarma social de los robos en casas habitadas.<\/strong><\/span><\/li>\n<\/ol>\n<p style=\"padding-left: 30px;\"><span style=\"color: #000000;\">Se aprueba.<\/span><\/p>\n<p style=\"padding-left: 30px;\"><span style=\"color: #000000;\">Votos a favor: PDeCAT (5)<\/span><\/p>\n<p style=\"padding-left: 30px;\"><span style=\"color: #000000;\">Abstenciones ERC (5)<\/span><\/p>\n<p style=\"padding-left: 30px;\"><span style=\"color: #000000;\">Votos en contra: concejala no adscrita, M. Antol\u00edn (1)<\/span><\/p>\n<p style=\"padding-left: 30px;\"><span style=\"color: #000000;\">Los acuerdos propuestos en la moci\u00f3n eran los siguientes:<\/span><\/p>\n<p style=\"padding-left: 60px;\"><span style=\"color: #000000;\"><u>Primero.-<\/u> Mostrar nuestra preocupaci\u00f3n por el incremento de la inseguridad ciudadana que se concreta en robos, algunos con fuerza, en domicilios de nuestro municipio y en nuestra comarca.<\/span><\/p>\n<p style=\"padding-left: 60px;\"><span style=\"color: #000000;\"><u>Segundo.-<\/u> Instar al Gobierno de la Generalitat para que, compartiendo esta preocupaci\u00f3n y de una forma acertada con los Ayuntamientos, impulsen las actuaciones policiales necesarias y coordinadas para resolver esta problem\u00e1tica.<\/span><\/p>\n<p style=\"padding-left: 60px;\"><span style=\"color: #000000;\"><u>Tercero.-<\/u> Instar a la Fiscal\u00eda general de Catalunya y al Tribunal Superior de Justicia con el objetivo que en sus respectivos \u00e1mbitos de decisi\u00f3n sigan atentos en las fases de graduar las peticiones de pena, de las sentencias y de considerar la reincidencia.<\/span><\/p>\n<p style=\"padding-left: 60px;\"><span style=\"color: #000000;\"><u>Cuarto.-<\/u> Delante de este aumento de robos en domicilios, hacer llegar tambi\u00e9n a los grupos parlamentarios del Parlament de Catalunya y del Congreso de los Diputados esta preocupaci\u00f3n para que se solicite una modificaci\u00f3n del C\u00f3digo Penal para elevar las penas por esta tipolog\u00eda de delitos.<\/span><\/p>\n<p style=\"padding-left: 60px;\"><span style=\"color: #000000;\"><u>Quinto.-<\/u> Reclamar al Gobierno del Estado espa\u00f1ol los m\u00e1s de 800 millones de euros que deben a la Generalitat por tal que puedan ser revertidos en una mejora de los recursos materiales y humanos de la Polic\u00eda de la Generalitat \u2013 Mossos d\u2019Esquadra.<\/span><\/p>\n<p style=\"padding-left: 60px;\"><span style=\"color: #000000;\"><u>Sexto.-<\/u> Comunicar estos acuerdos al Parlament de Catalunya, al Departamento de Interior, a la Diputaci\u00f3n, al Gobierno del Estado, a los grupos del Parlamento y del Congreso de los Diputados, y al Consell Comarcal a los efectos oportunos, haciendo patente la preocupaci\u00f3n de nuestro municipio.<\/span><\/p>\n<ol start=\"6\">\n<li><span style=\"color: #000000;\"><strong>Moci\u00f3n presentada por la concejala no adscrita M. Antol\u00edn con relaci\u00f3n a la renta garantizada a la ciudadan\u00eda.<\/strong><\/span><\/li>\n<\/ol>\n<p style=\"padding-left: 30px;\"><span style=\"color: #000000;\">Se aprueba por unanimidad con los votos a favor de: PDeCAT (5), ERC (5) y la concejala no adscrita, M. Antol\u00edn (1).<\/span><\/p>\n<p style=\"padding-left: 30px;\"><span style=\"color: #000000;\">Se propon\u00edan las siguientes medidas con el objetivo de hacer cumplir plenamente la ley de la RGC:<\/span><\/p>\n<ol>\n<li><span style=\"color: #000000;\">Ante las excusas injustificadas, ceder los datos sobre las solicitudes de RGC de personas sin hogar, el n\u00famero de resoluciones aprobadas y rechazadas a este colectivo.<\/span><\/li>\n<li><span style=\"color: #000000;\">Ante el preocupante borrador del reglamento, solicitar a la Direcci\u00f3n de Econom\u00eda Social la elaboraci\u00f3n de la apertura de una comisi\u00f3n de investigaci\u00f3n parlamentaria.<\/span><\/li>\n<li><span style=\"color: #000000;\">Aprobar la realizaci\u00f3n de una auditor\u00eda independiente sobre la implementaci\u00f3n de la RGC pro el Derecho de Trabajo y Asuntos Sociales y Familias, teniendo en cuenta la gravedad de la situaci\u00f3n y la urgencia de cumplir plenamente la ley de RGC.<\/span><\/li>\n<li><span style=\"color: #000000;\">Que requieran al Gobierno de la Generalitat el abono de las solicitudes de RGC, resoluciones que no fueron notificadas a los solicitantes dentro del plazo que establece la ley RGC.<\/span><\/li>\n<li><span style=\"color: #000000;\">Que requieran al Gobierno de la Generalitat la revisi\u00f3n de las solicitudes rechazadas, aplicando normas y procedimientos coherentes con el contenido de la ley RGC.<\/span><\/li>\n<li><span style=\"color: #000000;\">Que se realice el seguimiento de elaboraci\u00f3n del Reglamento para que sea plenamente coherente con el contenido de la ley de la RGC.<\/span><\/li>\n<li><span style=\"color: #000000;\">Iniciar los tr\u00e1mites legislativos para la correcci\u00f3n del error que afecta a la cuant\u00eda de la prestaci\u00f3n econ\u00f3mica de RGC de la segunda persona en la unidad familiar o de convivencia.<\/span><\/li>\n<li><span style=\"color: #000000;\">Requerir al Gobierno de la Generalitat que ampl\u00ede los cr\u00e9ditos previstos para hacer efectivo el abono y complementos de la RGC de acuerdo a lo establecido en el apartado 1 del art. 17 sobre \u201cFinanciaci\u00f3n de la prestaci\u00f3n econ\u00f3mica de la RGC\u201d y la disposici\u00f3n final segunda \u201cPartida presupuestaria, primer apartado, y dar pleno cumplimiento a su car\u00e1cter de derecho subjetivo.<\/span><\/li>\n<li><span style=\"color: #000000;\">Requerir al Gobierno de la Generalitat y al Parlament de Catalunya la actualizaci\u00f3n del IRSC (Indicador de Renda de Sufici\u00e8ncia), que est\u00e1 congelado desde 2010 y sobre el que se calcula la prestaci\u00f3n de la Renta Garantida de la Ciutadania, no respetando NI la subida del IPC que marca la Ley.<\/span><\/li>\n<\/ol>\n<p style=\"padding-left: 30px;\"><span style=\"color: #000000;\">Los acuerdos propuestos en la moci\u00f3n eran los siguientes:<\/span><\/p>\n<p style=\"padding-left: 60px;\"><span style=\"color: #000000;\"><u>Primero.-<\/u> Apoyar a las 9 medidas o actuaciones anteriormente descritas.<\/span><\/p>\n<p style=\"padding-left: 60px;\"><span style=\"color: #000000;\"><u>Segundo.-<\/u> Exigir el pleno cumplimiento de la moci\u00f3n aprobada el 22 de noviembre 2018 en el Parlament de Catalunya, por el que deber revisarse la totalidad de solicitudes rechazadas en los t\u00e9rminos acordados.<\/span><\/p>\n<p style=\"padding-left: 60px;\"><span style=\"color: #000000;\"><u>Tercero.-<\/u> Exigir a la Direcci\u00f3n de Econom\u00eda Social, el Tercer sector, las cooperativas y la auto empresa el pleno cumplimiento de la Ley de Transparencia ante la solicitud de informaci\u00f3n p\u00fablica efectuada por la representaci\u00f3n de la Comisi\u00f3n Promotora de la Renta garantizada de Ciudadan\u00eda.<\/span><\/p>\n<ol start=\"7\">\n<li><span style=\"color: #000000;\"><strong>Se da cuenta de los decretos de alcald\u00eda firmados desde el pleno ordinario del mes de noviembre.<\/strong><\/span><\/li>\n<li><span style=\"color: #000000;\"><strong>Se da cuenta del informe de intervenci\u00f3n sobre el cumplimiento del c\u00e1lculo y la remisi\u00f3n del periodo medio de pago del 3r trimestre del2 018, que fue de 18,75 d\u00edas.<\/strong><\/span><\/li>\n<li><span style=\"color: #000000;\"><strong>Se da cuenta del informe de intervenci\u00f3n sobre el cumplimiento del c\u00e1lculo y la remisi\u00f3n del periodo medio de pago del 4\u00ba trimestre del 2018, que fue de 17,07 d\u00edas.<\/strong><\/span><\/li>\n<\/ol>\n<p style=\"padding-left: 30px;\"><span style=\"color: #000000;\">Tambi\u00e9n se da cuenta del periodo medio de pago de todo el 2018, que se sit\u00faa en 19,17 d\u00edas.<\/span><\/p>\n<p style=\"padding-left: 30px;\"><span style=\"color: #000000;\">Tal como establece la Ley org\u00e1nica 2\/2012, de 27 de abril, de Estabilidad presupuestaria y sostenibilidad financiera, el Ayuntamiento tiene la obligaci\u00f3n de publicar el periodo medio de pago a proveedores (PMP). El Real Decreto 1040\/2017, de 22 de diciembre, que modifica el Real Decreto 634\/2014, del 25 de julio, que desarrolla la metodolog\u00eda de c\u00e1lculo del PMP a proveedores de las Administraciones P\u00fablicas, mantiene que el plazo m\u00e1ximo de pago a proveedores es de 30 d\u00edas, pero modifica el inicio del c\u00f3mputo del c\u00e1lculo. La diferencia principal, respeto a la informaci\u00f3n de los informes de morosidad, es que el PMP se calcula a partir del ratio tanto de las facturas pagadas como de las que quedan pendientes.<\/span><\/p>\n<ol start=\"10\">\n<li><span style=\"color: #000000;\"><strong>Se da cuenta del Decreto de alcald\u00eda 2019\/0165, de 1 de marzo del 2019, relativo a la liquidaci\u00f3n del presupuesto 2018.<\/strong><\/span><\/li>\n<li><span style=\"color: #000000;\"><strong>Se da cuenta del Decreto de alcald\u00eda 2019\/0135, de 20 de febrero del 2019, relativo a la pr\u00f3rroga presupuestaria del 2019.<\/strong><\/span><\/li>\n<li><span style=\"color: #000000;\"><strong>Se da cuenta de los informes de intervenci\u00f3n y evaluaci\u00f3n del objetivo de estabilidad presupuestaria, regla del gasto y deuda p\u00fablica del 2019.<\/strong><\/span><\/li>\n<\/ol>\n<p style=\"padding-left: 30px;\"><span style=\"color: #000000;\">El cierre y liquidaci\u00f3n de la ejecuci\u00f3n del presupuesto del 2018:<\/span><\/p>\n<p style=\"padding-left: 60px;\"><span style=\"color: #000000;\">-Cumple el objetivo de estabilidad presupuestaria, con una capacidad de financiaci\u00f3n de 489.778,15\u20ac.<\/span><\/p>\n<p style=\"padding-left: 60px;\"><span style=\"color: #000000;\">-No cumple con la regla del gasto por 497.283,72\u20ac, a causa del atraso de las obras realizadas por Fecsa-Endesa para incrementar la potencia el\u00e9ctrica del pol\u00edgono (se trata de un incumplimiento puntual por un efecto externo al Ayuntamiento).<\/span><\/p>\n<p style=\"padding-left: 60px;\"><span style=\"color: #000000;\">-Cumple el l\u00edmite de deuda: la deuda es del 32,39% (el l\u00edmite m\u00e1ximo es del 70%).<\/span><\/p>\n<p style=\"padding-left: 30px;\"><span style=\"color: #000000;\">Como que no se aprobaron los presupuestos propuestos para el 2019 en el Pleno extraordinario del 24 de diciembre del 2018, se prorrogaron los presupuestos del 2018, quedando un presupuesto de 3.906.277,32\u20ac para el 2019, inferior al de 2018, que fue de 4.854.927,02\u20ac, por el hecho que con el presupuesto prorrogado no se puede prever inversi\u00f3n.<\/span><\/p>\n<p style=\"padding-left: 30px;\"><span style=\"color: #000000;\">El presupuesto prorrogado cumple los requisitos de estabilidad presupuestaria:<\/span><\/p>\n<p style=\"padding-left: 60px;\"><span style=\"color: #000000;\">-Cumple el objetivo de estabilidad presupuestaria con una capacidad de financiaci\u00f3n de 702.382,83\u20ac.<\/span><\/p>\n<p style=\"padding-left: 60px;\"><span style=\"color: #000000;\">-Cumple con la regla del gasto con un margen de cumplimiento de 1.645.416,04\u20ac.<\/span><\/p>\n<p style=\"padding-left: 60px;\"><span style=\"color: #000000;\">-Cumple el l\u00edmite de la deuda: el endeudamiento es de un 31,10% (el l\u00edmite m\u00e1ximo es del 70%).<\/span><\/p>\n<p style=\"padding-left: 30px;\"><span style=\"color: #000000;\">Por lo tanto, el presupuesto del 2019 que se basa en la pr\u00f3rroga del 2018, cumple los requisitos de estabilidad presupuestaria, regla del gasto y objetivo del l\u00edmite de deuda p\u00fablica.<\/span><\/p>\n<ol start=\"13\">\n<li><span style=\"color: #000000;\"><strong>Turno de ruegos y preguntas.<\/strong><\/span><\/li>\n<\/ol>\n<p>&nbsp;<\/p>\n<p style=\"text-align: center;\">\n<iframe loading=\"lazy\" src=\"https:\/\/www.youtube.com\/embed\/IQAwCSHN-6M\" width=\"560\" height=\"315\" frameborder=\"0\" allowfullscreen=\"allowfullscreen\"><\/iframe><\/p>\n","protected":false},"excerpt":{"rendered":"<p>&nbsp; RESUM DELS PUNTS TRACTATS AL PLE ORDINARI DEL 18 DE MAR\u00c7 DE 2018 Aprovaci\u00f3 de l\u2019acta del Ple ordinari del 17\/12\/18. S\u2019aprova per unanimitat amb els vots a favor &hellip; <a href=\"https:\/\/bisbalpenedes.com\/web\/2019\/03\/20\/aquest-dilluns-18-de-marc-sha-celebrat-el-ple-ordinari-de-lajuntament-de-la-bisbal-del-penedes\/\" class=\"more-link\">Read More<\/a><\/p>\n","protected":false},"author":4,"featured_media":9097,"comment_status":"closed","ping_status":"closed","sticky":false,"template":"","format":"standard","meta":[],"categories":[2250],"tags":[2887,249,515,2886,2876],"_links":{"self":[{"href":"https:\/\/bisbalpenedes.com\/web\/wp-json\/wp\/v2\/posts\/9096"}],"collection":[{"href":"https:\/\/bisbalpenedes.com\/web\/wp-json\/wp\/v2\/posts"}],"about":[{"href":"https:\/\/bisbalpenedes.com\/web\/wp-json\/wp\/v2\/types\/post"}],"author":[{"embeddable":true,"href":"https:\/\/bisbalpenedes.com\/web\/wp-json\/wp\/v2\/users\/4"}],"replies":[{"embeddable":true,"href":"https:\/\/bisbalpenedes.com\/web\/wp-json\/wp\/v2\/comments?post=9096"}],"version-history":[{"count":4,"href":"https:\/\/bisbalpenedes.com\/web\/wp-json\/wp\/v2\/posts\/9096\/revisions"}],"predecessor-version":[{"id":9845,"href":"https:\/\/bisbalpenedes.com\/web\/wp-json\/wp\/v2\/posts\/9096\/revisions\/9845"}],"wp:featuredmedia":[{"embeddable":true,"href":"https:\/\/bisbalpenedes.com\/web\/wp-json\/wp\/v2\/media\/9097"}],"wp:attachment":[{"href":"https:\/\/bisbalpenedes.com\/web\/wp-json\/wp\/v2\/media?parent=9096"}],"wp:term":[{"taxonomy":"category","embeddable":true,"href":"https:\/\/bisbalpenedes.com\/web\/wp-json\/wp\/v2\/categories?post=9096"},{"taxonomy":"post_tag","embeddable":true,"href":"https:\/\/bisbalpenedes.com\/web\/wp-json\/wp\/v2\/tags?post=9096"}],"curies":[{"name":"wp","href":"https:\/\/api.w.org\/{rel}","templated":true}]}}