{"id":9085,"date":"2019-03-19T11:41:43","date_gmt":"2019-03-19T10:41:43","guid":{"rendered":"http:\/\/bisbalpenedes.com\/web\/?p=9085"},"modified":"2019-03-19T11:51:00","modified_gmt":"2019-03-19T10:51:00","slug":"lactriu-bisbalenca-elisabeth-catala-ha-guanyat-el-premi-a-millor-actriu-jove-al-festival-sfaaf-de-xile","status":"publish","type":"post","link":"https:\/\/bisbalpenedes.com\/web\/2019\/03\/19\/lactriu-bisbalenca-elisabeth-catala-ha-guanyat-el-premi-a-millor-actriu-jove-al-festival-sfaaf-de-xile\/","title":{"rendered":"L\u2019actriu bisbalenca Elisabeth Catal\u00e0 ha guanyat el premi a millor actriu jove al Festival SFAAF de Xile"},"content":{"rendered":"<p><a href=\"http:\/\/bisbalpenedes.com\/web\/wp-content\/uploads\/2019\/03\/IMG_20180413_192724.png\"><img loading=\"lazy\" class=\"wp-image-9086 size-medium aligncenter\" src=\"http:\/\/bisbalpenedes.com\/web\/wp-content\/uploads\/2019\/03\/IMG_20180413_192724-298x300.png\" alt=\"Elisabeth catal\u00e0 actriu\" width=\"298\" height=\"300\" srcset=\"https:\/\/bisbalpenedes.com\/web\/wp-content\/uploads\/2019\/03\/IMG_20180413_192724-298x300.png 298w, https:\/\/bisbalpenedes.com\/web\/wp-content\/uploads\/2019\/03\/IMG_20180413_192724-100x100.png 100w, https:\/\/bisbalpenedes.com\/web\/wp-content\/uploads\/2019\/03\/IMG_20180413_192724-600x604.png 600w, https:\/\/bisbalpenedes.com\/web\/wp-content\/uploads\/2019\/03\/IMG_20180413_192724-150x150.png 150w, https:\/\/bisbalpenedes.com\/web\/wp-content\/uploads\/2019\/03\/IMG_20180413_192724-768x773.png 768w, https:\/\/bisbalpenedes.com\/web\/wp-content\/uploads\/2019\/03\/IMG_20180413_192724-1017x1024.png 1017w, https:\/\/bisbalpenedes.com\/web\/wp-content\/uploads\/2019\/03\/IMG_20180413_192724.png 1080w\" sizes=\"(max-width: 298px) 100vw, 298px\" \/><\/a><\/p>\n<p style=\"text-align: justify;\"><span style=\"color: #000000;\">L\u2019actriu bisbalenca Elisabeth Catal\u00e0 ha guanyat el premi a millor actriu jove al Festival SFAAF de Xile pel seu paper com a protagonista del curtmetratge \u2018El malvado monstruo\u2019, dirigit per Rub\u00e9n Pascual Tard\u00edo. El curt tamb\u00e9 ha obtingut els premis a millor curtmetratge de terror, millor gui\u00f3 de curtmetratge, el primer premi de l\u2019audi\u00e8ncia i les mencions d\u2019honor a la direcci\u00f3 i al disseny sonor.<\/span><\/p>\n<p style=\"text-align: justify;\"><span style=\"color: #000000;\">\u2018El malvado monstruo\u2019 \u00e9s un curtmetratge que versa sobre els abusos sexuals infantils intrafamiliars i tamb\u00e9 ha estat premiat en festivals com el Canadian &amp; International Short Film Festival o l\u2019European Cinematography Adwards. A m\u00e9s, ha estat seleccionat en festivals de pa\u00efsos d\u2019arreu del m\u00f3n, entre ells, M\u00e8xic, Ucra\u00efna, K\u00e8nia, It\u00e0lia, \u00cdndia i Canad\u00e0.<\/span><\/p>\n<p style=\"text-align: justify;\"><a href=\"http:\/\/bisbalpenedes.com\/web\/wp-content\/uploads\/2019\/03\/PHOTO-2019-03-15-13-38-26.jpg\"><img loading=\"lazy\" class=\"aligncenter size-medium wp-image-9087\" src=\"http:\/\/bisbalpenedes.com\/web\/wp-content\/uploads\/2019\/03\/PHOTO-2019-03-15-13-38-26-210x300.jpg\" alt=\"PHOTO-2019-03-15-13-38-26\" width=\"210\" height=\"300\" srcset=\"https:\/\/bisbalpenedes.com\/web\/wp-content\/uploads\/2019\/03\/PHOTO-2019-03-15-13-38-26-210x300.jpg 210w, https:\/\/bisbalpenedes.com\/web\/wp-content\/uploads\/2019\/03\/PHOTO-2019-03-15-13-38-26-600x857.jpg 600w, https:\/\/bisbalpenedes.com\/web\/wp-content\/uploads\/2019\/03\/PHOTO-2019-03-15-13-38-26-768x1097.jpg 768w, https:\/\/bisbalpenedes.com\/web\/wp-content\/uploads\/2019\/03\/PHOTO-2019-03-15-13-38-26-717x1024.jpg 717w, https:\/\/bisbalpenedes.com\/web\/wp-content\/uploads\/2019\/03\/PHOTO-2019-03-15-13-38-26.jpg 1120w\" sizes=\"(max-width: 210px) 100vw, 210px\" \/><\/a><\/p>\n<p style=\"text-align: justify;\"><span style=\"color: #000000;\">Per a m\u00e9s informaci\u00f3 sobre el curtmetratge podeu entrar a: <a style=\"color: #000000;\" href=\"https:\/\/www.facebook.com\/elmalvadomonstruo\/\">https:\/\/www.facebook.com\/elmalvadomonstruo\/<\/a><\/span><\/p>\n<hr \/>\n<p style=\"text-align: justify;\"><a href=\"http:\/\/bisbalpenedes.com\/web\/wp-content\/uploads\/2019\/03\/IMG_20180413_192724.png\"><img loading=\"lazy\" class=\"aligncenter size-medium wp-image-9086\" src=\"http:\/\/bisbalpenedes.com\/web\/wp-content\/uploads\/2019\/03\/IMG_20180413_192724-298x300.png\" alt=\"Elisabeth catal\u00e0 actriu\" width=\"298\" height=\"300\" srcset=\"https:\/\/bisbalpenedes.com\/web\/wp-content\/uploads\/2019\/03\/IMG_20180413_192724-298x300.png 298w, https:\/\/bisbalpenedes.com\/web\/wp-content\/uploads\/2019\/03\/IMG_20180413_192724-100x100.png 100w, https:\/\/bisbalpenedes.com\/web\/wp-content\/uploads\/2019\/03\/IMG_20180413_192724-600x604.png 600w, https:\/\/bisbalpenedes.com\/web\/wp-content\/uploads\/2019\/03\/IMG_20180413_192724-150x150.png 150w, https:\/\/bisbalpenedes.com\/web\/wp-content\/uploads\/2019\/03\/IMG_20180413_192724-768x773.png 768w, https:\/\/bisbalpenedes.com\/web\/wp-content\/uploads\/2019\/03\/IMG_20180413_192724-1017x1024.png 1017w, https:\/\/bisbalpenedes.com\/web\/wp-content\/uploads\/2019\/03\/IMG_20180413_192724.png 1080w\" sizes=\"(max-width: 298px) 100vw, 298px\" \/><\/a><\/p>\n<p style=\"text-align: justify;\"><span style=\"color: #000000;\"><strong>CASTELLANO |<\/strong> La actriz bisbalenca Elisabeth Catal\u00e0 ha ganado el premio a la mejor actriz joven en el Festival SFAAF de Chile por su papel como protagonista en el cortometraje &#8216;El malvado monstruo&#8217;, dirigido por Rub\u00e9n Pascual Tard\u00edo. El corto tambi\u00e9n ha obtenido los premios a mejor cortometraje de terror, mejor guion de cortometraje, el primer premio de la audiencia y las menciones de honor a la direcci\u00f3n y al dise\u00f1o sonoro.<\/span><\/p>\n<p style=\"text-align: justify;\"><span style=\"color: #000000;\">&#8216;El malvado monstruo&#8217; es un cortometraje que trata sobre los abusos sexuales infantiles\u00a0en el seno familiar\u00a0y tambi\u00e9n ha sido premiado en festivales como el Canadian &amp; International Short Film Festival o el European Cinematography Adwards. Adem\u00e1s, ha sido seleccionado en festivales de pa\u00edses de varios lugares del mundo, entre ellos, M\u00e9xico, Ucrania, Kenia, Italia, India y Canad\u00e1.<\/span><\/p>\n<p style=\"text-align: justify;\"><a href=\"http:\/\/bisbalpenedes.com\/web\/wp-content\/uploads\/2019\/03\/PHOTO-2019-03-15-13-38-26.jpg\"><img loading=\"lazy\" class=\"aligncenter size-medium wp-image-9087\" src=\"http:\/\/bisbalpenedes.com\/web\/wp-content\/uploads\/2019\/03\/PHOTO-2019-03-15-13-38-26-210x300.jpg\" alt=\"PHOTO-2019-03-15-13-38-26\" width=\"210\" height=\"300\" srcset=\"https:\/\/bisbalpenedes.com\/web\/wp-content\/uploads\/2019\/03\/PHOTO-2019-03-15-13-38-26-210x300.jpg 210w, https:\/\/bisbalpenedes.com\/web\/wp-content\/uploads\/2019\/03\/PHOTO-2019-03-15-13-38-26-600x857.jpg 600w, https:\/\/bisbalpenedes.com\/web\/wp-content\/uploads\/2019\/03\/PHOTO-2019-03-15-13-38-26-768x1097.jpg 768w, https:\/\/bisbalpenedes.com\/web\/wp-content\/uploads\/2019\/03\/PHOTO-2019-03-15-13-38-26-717x1024.jpg 717w, https:\/\/bisbalpenedes.com\/web\/wp-content\/uploads\/2019\/03\/PHOTO-2019-03-15-13-38-26.jpg 1120w\" sizes=\"(max-width: 210px) 100vw, 210px\" \/><\/a><\/p>\n<p style=\"text-align: justify;\"><span style=\"color: #000000;\">Para m\u00e1s informaci\u00f3n sobre el cortometraje pod\u00e9is entrar a:\u00a0<a style=\"color: #000000;\" href=\"https:\/\/www.facebook.com\/elmalvadomonstruo\/\" target=\"_blank\">https:\/\/www.facebook.com\/elmalvadomonstruo\/<\/a>\u00a0<\/span><\/p>\n<p>&nbsp;<\/p>\n","protected":false},"excerpt":{"rendered":"<p>L\u2019actriu bisbalenca Elisabeth Catal\u00e0 ha guanyat el premi a millor actriu jove al Festival SFAAF de Xile pel seu paper com a protagonista del curtmetratge \u2018El malvado monstruo\u2019, dirigit per &hellip; <a href=\"https:\/\/bisbalpenedes.com\/web\/2019\/03\/19\/lactriu-bisbalenca-elisabeth-catala-ha-guanyat-el-premi-a-millor-actriu-jove-al-festival-sfaaf-de-xile\/\" class=\"more-link\">Read More<\/a><\/p>\n","protected":false},"author":4,"featured_media":9089,"comment_status":"closed","ping_status":"closed","sticky":false,"template":"","format":"standard","meta":[],"categories":[2370,13],"tags":[2884,2885,2883,343],"_links":{"self":[{"href":"https:\/\/bisbalpenedes.com\/web\/wp-json\/wp\/v2\/posts\/9085"}],"collection":[{"href":"https:\/\/bisbalpenedes.com\/web\/wp-json\/wp\/v2\/posts"}],"about":[{"href":"https:\/\/bisbalpenedes.com\/web\/wp-json\/wp\/v2\/types\/post"}],"author":[{"embeddable":true,"href":"https:\/\/bisbalpenedes.com\/web\/wp-json\/wp\/v2\/users\/4"}],"replies":[{"embeddable":true,"href":"https:\/\/bisbalpenedes.com\/web\/wp-json\/wp\/v2\/comments?post=9085"}],"version-history":[{"count":6,"href":"https:\/\/bisbalpenedes.com\/web\/wp-json\/wp\/v2\/posts\/9085\/revisions"}],"predecessor-version":[{"id":9095,"href":"https:\/\/bisbalpenedes.com\/web\/wp-json\/wp\/v2\/posts\/9085\/revisions\/9095"}],"wp:featuredmedia":[{"embeddable":true,"href":"https:\/\/bisbalpenedes.com\/web\/wp-json\/wp\/v2\/media\/9089"}],"wp:attachment":[{"href":"https:\/\/bisbalpenedes.com\/web\/wp-json\/wp\/v2\/media?parent=9085"}],"wp:term":[{"taxonomy":"category","embeddable":true,"href":"https:\/\/bisbalpenedes.com\/web\/wp-json\/wp\/v2\/categories?post=9085"},{"taxonomy":"post_tag","embeddable":true,"href":"https:\/\/bisbalpenedes.com\/web\/wp-json\/wp\/v2\/tags?post=9085"}],"curies":[{"name":"wp","href":"https:\/\/api.w.org\/{rel}","templated":true}]}}