{"id":9076,"date":"2019-03-15T13:50:16","date_gmt":"2019-03-15T12:50:16","guid":{"rendered":"http:\/\/bisbalpenedes.com\/web\/?p=9076"},"modified":"2019-03-15T14:13:06","modified_gmt":"2019-03-15T13:13:06","slug":"lajuntament-de-la-bisbal-ret-homenatge-als-voluntaris-del-municipi-un-any-mes","status":"publish","type":"post","link":"https:\/\/bisbalpenedes.com\/web\/2019\/03\/15\/lajuntament-de-la-bisbal-ret-homenatge-als-voluntaris-del-municipi-un-any-mes\/","title":{"rendered":"L\u2019Ajuntament de la Bisbal ret homenatge als voluntaris del municipi un any m\u00e9s"},"content":{"rendered":"<p><a href=\"http:\/\/bisbalpenedes.com\/web\/wp-content\/uploads\/2019\/03\/VOLUNTARIS-2019.jpg\"><img loading=\"lazy\" class=\"aligncenter size-large wp-image-9077\" src=\"http:\/\/bisbalpenedes.com\/web\/wp-content\/uploads\/2019\/03\/VOLUNTARIS-2019-1024x768.jpg\" alt=\"VOLUNTARIS 2019\" width=\"630\" height=\"473\" srcset=\"https:\/\/bisbalpenedes.com\/web\/wp-content\/uploads\/2019\/03\/VOLUNTARIS-2019-1024x768.jpg 1024w, https:\/\/bisbalpenedes.com\/web\/wp-content\/uploads\/2019\/03\/VOLUNTARIS-2019-600x450.jpg 600w, https:\/\/bisbalpenedes.com\/web\/wp-content\/uploads\/2019\/03\/VOLUNTARIS-2019-300x225.jpg 300w, https:\/\/bisbalpenedes.com\/web\/wp-content\/uploads\/2019\/03\/VOLUNTARIS-2019-768x576.jpg 768w\" sizes=\"(max-width: 630px) 100vw, 630px\" \/><\/a><\/p>\n<p><span style=\"color: #000000;\">L\u2019Ajuntament de la Bisbal del Pened\u00e8s ha celebrat, un any m\u00e9s, l&#8217;acte d&#8217;homenatge als voluntaris que, de forma altruista, col\u00b7laboren en els serveis municipals o en les activitats que s&#8217;organitzen des de l&#8217;Ajuntament. La celebraci\u00f3 ha tingut lloc aquest dijous i ha comptat amb una cinquantena de voluntaris que ajuden en activitats com ara els Tres Tombs, el Contacontes de la Biblioteca P\u00fablica, la Cavalcada de Reis (entre ells la Banda de Tambors i Cornetes de la Societat), el Rebost\u00a0Solidari o el servei &#8216;Bon dia&#8217;, que consisteix en trucar\u00a0els avis i \u00e0vies\u00a0del municipi per comprovar que estan b\u00e9 i oferir-los ajuda i suport en all\u00f2 que necessiten.<\/span><\/p>\n<p><span style=\"color: #000000;\">Durant l&#8217;acte, que ha comptat amb un berenar-sopar per als assistents, la regidora de Cultura i Gent Gran, Judit Vidal, ha volgut destacar la tasca desinteressada dels voluntaris, destacant el fet que totes aquestes persones dediquen part del seu temps &#8220;a fer que els altres siguin una mica m\u00e9s feli\u00e7os&#8221;. Tamb\u00e9 ha explicat que, molts dels voluntaris, &#8220;col\u00b7laboren en diverses activitats i iniciatives que es duen a terme al municipi&#8221;. Per la seva part, l&#8217;alcaldessa de la Bisbal, Agn\u00e8s Ferr\u00e9, ha destacat la gran feina que fan les persones als municipis, tant &#8220;en l&#8217;\u00e0mbit particular com des de les associacions. Al final, els pobles s\u00f3n pobles gr\u00e0cies a les seves persones i les activitats, projectes o iniciatives que promouen&#8221;.<\/span><\/p>\n<hr \/>\n<p><span style=\"color: #000000;\"><strong>CASTELLANO |<\/strong> El Ayuntamiento de la Bisbal del Pened\u00e8s ha celebrado, un a\u00f1o m\u00e1s, el acto de homenaje a los voluntarios que, de forma altruista, colaboran en los servicios municipales o en las actividades que se organizan desde el Ayuntamiento. La celebraci\u00f3n ha tenido lugar este jueves y ha contado con una cincuentena de voluntarios que ayudan en actividades como por ejemplo los Tres Tombs, el Cuentacuentos de la Biblioteca P\u00fablica, la Cabalgata de Reyes (entre ellos la Banda de Tambors i Cornetes de la Societat), el Rebost Solidari o el servicio &#8216;Bon dia&#8217;, que consiste en llamar a los abuelos y abuelas del municipio para comprobar que est\u00e1n bien y ofrecerles ayuda y apoyo en aquello que necesiten.<\/span><\/p>\n<p><span style=\"color: #000000;\">Durante el acto, que ha contado con una merienda-cena para los asistentes, la regidora de Cultura y Gent Gran, Judit Vidal, ha querido destacar el trabajo desinteresado de los voluntarios, destacando el hecho que todas estas personas dedican parte de su tiempo &#8220;a hacer que los otros sean un poco m\u00e1s felices&#8221;. Tambi\u00e9n ha explicado que, muchos de los voluntarios &#8220;colaboran en varias actividades e iniciativas que se llevan a cabo en el municipio&#8221;. Por su parte, la alcaldesa de la Bisbal, Agn\u00e8s Ferr\u00e9, ha destacado el gran trabajo que hacen las personas en los municipios, tanto &#8220;en el \u00e1mbito particular como desde las asociaciones. Al final, los pueblos son pueblos gracias a sus personas y las actividades, proyectos o iniciativas que promueven&#8221;.<\/span><\/p>\n","protected":false},"excerpt":{"rendered":"<p>L\u2019Ajuntament de la Bisbal del Pened\u00e8s ha celebrat, un any m\u00e9s, l&#8217;acte d&#8217;homenatge als voluntaris que, de forma altruista, col\u00b7laboren en els serveis municipals o en les activitats que s&#8217;organitzen &hellip; <a href=\"https:\/\/bisbalpenedes.com\/web\/2019\/03\/15\/lajuntament-de-la-bisbal-ret-homenatge-als-voluntaris-del-municipi-un-any-mes\/\" class=\"more-link\">Read More<\/a><\/p>\n","protected":false},"author":4,"featured_media":9077,"comment_status":"closed","ping_status":"closed","sticky":false,"template":"","format":"standard","meta":[],"categories":[1043],"tags":[1877,421,1774,2644,1894,228,468],"_links":{"self":[{"href":"https:\/\/bisbalpenedes.com\/web\/wp-json\/wp\/v2\/posts\/9076"}],"collection":[{"href":"https:\/\/bisbalpenedes.com\/web\/wp-json\/wp\/v2\/posts"}],"about":[{"href":"https:\/\/bisbalpenedes.com\/web\/wp-json\/wp\/v2\/types\/post"}],"author":[{"embeddable":true,"href":"https:\/\/bisbalpenedes.com\/web\/wp-json\/wp\/v2\/users\/4"}],"replies":[{"embeddable":true,"href":"https:\/\/bisbalpenedes.com\/web\/wp-json\/wp\/v2\/comments?post=9076"}],"version-history":[{"count":3,"href":"https:\/\/bisbalpenedes.com\/web\/wp-json\/wp\/v2\/posts\/9076\/revisions"}],"predecessor-version":[{"id":9080,"href":"https:\/\/bisbalpenedes.com\/web\/wp-json\/wp\/v2\/posts\/9076\/revisions\/9080"}],"wp:featuredmedia":[{"embeddable":true,"href":"https:\/\/bisbalpenedes.com\/web\/wp-json\/wp\/v2\/media\/9077"}],"wp:attachment":[{"href":"https:\/\/bisbalpenedes.com\/web\/wp-json\/wp\/v2\/media?parent=9076"}],"wp:term":[{"taxonomy":"category","embeddable":true,"href":"https:\/\/bisbalpenedes.com\/web\/wp-json\/wp\/v2\/categories?post=9076"},{"taxonomy":"post_tag","embeddable":true,"href":"https:\/\/bisbalpenedes.com\/web\/wp-json\/wp\/v2\/tags?post=9076"}],"curies":[{"name":"wp","href":"https:\/\/api.w.org\/{rel}","templated":true}]}}