{"id":907,"date":"2014-06-12T17:27:13","date_gmt":"2014-06-12T11:27:13","guid":{"rendered":"http:\/\/bisbalpenedes.com\/web\/?p=907"},"modified":"2014-06-12T17:28:52","modified_gmt":"2014-06-12T11:28:52","slug":"informacio-departament-de-salut","status":"publish","type":"post","link":"https:\/\/bisbalpenedes.com\/web\/2014\/06\/12\/informacio-departament-de-salut\/","title":{"rendered":"Informaci\u00f3 departament de Salut"},"content":{"rendered":"<p>Informaci\u00f3 de l&#8217;Agpencia de Salut P\u00fablica, servei Regional del Camp de Tarragona, respecte d&#8217;un cas de tuberculosi a la Bisbal del Pened\u00e8s<\/p>\n<p><a href=\"http:\/\/bisbalpenedes.com\/web\/wp-content\/uploads\/2014\/06\/tubcarta.jpg\"><img loading=\"lazy\" src=\"http:\/\/bisbalpenedes.com\/web\/wp-content\/uploads\/2014\/06\/tubcarta-212x300.jpg\" alt=\"\" title=\"tubcarta\" width=\"212\" height=\"300\" class=\"aligncenter size-medium wp-image-908\" srcset=\"https:\/\/bisbalpenedes.com\/web\/wp-content\/uploads\/2014\/06\/tubcarta-212x300.jpg 212w, https:\/\/bisbalpenedes.com\/web\/wp-content\/uploads\/2014\/06\/tubcarta-600x848.jpg 600w, https:\/\/bisbalpenedes.com\/web\/wp-content\/uploads\/2014\/06\/tubcarta-724x1024.jpg 724w, https:\/\/bisbalpenedes.com\/web\/wp-content\/uploads\/2014\/06\/tubcarta.jpg 1240w\" sizes=\"(max-width: 212px) 100vw, 212px\" \/><\/a><\/p>\n<p><a href=\"http:\/\/bisbalpenedes.com\/web\/wp-content\/uploads\/2014\/06\/tub1.jpg\"><img loading=\"lazy\" src=\"http:\/\/bisbalpenedes.com\/web\/wp-content\/uploads\/2014\/06\/tub1-300x212.jpg\" alt=\"\" title=\"tub1\" width=\"300\" height=\"212\" class=\"aligncenter size-medium wp-image-909\" srcset=\"https:\/\/bisbalpenedes.com\/web\/wp-content\/uploads\/2014\/06\/tub1-300x212.jpg 300w, https:\/\/bisbalpenedes.com\/web\/wp-content\/uploads\/2014\/06\/tub1-600x424.jpg 600w, https:\/\/bisbalpenedes.com\/web\/wp-content\/uploads\/2014\/06\/tub1-1024x724.jpg 1024w, https:\/\/bisbalpenedes.com\/web\/wp-content\/uploads\/2014\/06\/tub1.jpg 1753w\" sizes=\"(max-width: 300px) 100vw, 300px\" \/><\/a><\/p>\n<p><a href=\"http:\/\/bisbalpenedes.com\/web\/wp-content\/uploads\/2014\/06\/tub2.jpg\"><img loading=\"lazy\" src=\"http:\/\/bisbalpenedes.com\/web\/wp-content\/uploads\/2014\/06\/tub2-300x212.jpg\" alt=\"\" title=\"tub2\" width=\"300\" height=\"212\" class=\"aligncenter size-medium wp-image-910\" srcset=\"https:\/\/bisbalpenedes.com\/web\/wp-content\/uploads\/2014\/06\/tub2-300x212.jpg 300w, https:\/\/bisbalpenedes.com\/web\/wp-content\/uploads\/2014\/06\/tub2-600x424.jpg 600w, https:\/\/bisbalpenedes.com\/web\/wp-content\/uploads\/2014\/06\/tub2-1024x724.jpg 1024w, https:\/\/bisbalpenedes.com\/web\/wp-content\/uploads\/2014\/06\/tub2.jpg 1753w\" sizes=\"(max-width: 300px) 100vw, 300px\" \/><\/a><\/p>\n","protected":false},"excerpt":{"rendered":"<p>Informaci\u00f3 de l&#8217;Agpencia de Salut P\u00fablica, servei Regional del Camp de Tarragona, respecte d&#8217;un cas de tuberculosi a la Bisbal del Pened\u00e8s<\/p>\n","protected":false},"author":1,"featured_media":909,"comment_status":"closed","ping_status":"open","sticky":false,"template":"","format":"standard","meta":[],"categories":[4],"tags":[],"_links":{"self":[{"href":"https:\/\/bisbalpenedes.com\/web\/wp-json\/wp\/v2\/posts\/907"}],"collection":[{"href":"https:\/\/bisbalpenedes.com\/web\/wp-json\/wp\/v2\/posts"}],"about":[{"href":"https:\/\/bisbalpenedes.com\/web\/wp-json\/wp\/v2\/types\/post"}],"author":[{"embeddable":true,"href":"https:\/\/bisbalpenedes.com\/web\/wp-json\/wp\/v2\/users\/1"}],"replies":[{"embeddable":true,"href":"https:\/\/bisbalpenedes.com\/web\/wp-json\/wp\/v2\/comments?post=907"}],"version-history":[{"count":3,"href":"https:\/\/bisbalpenedes.com\/web\/wp-json\/wp\/v2\/posts\/907\/revisions"}],"predecessor-version":[{"id":912,"href":"https:\/\/bisbalpenedes.com\/web\/wp-json\/wp\/v2\/posts\/907\/revisions\/912"}],"wp:featuredmedia":[{"embeddable":true,"href":"https:\/\/bisbalpenedes.com\/web\/wp-json\/wp\/v2\/media\/909"}],"wp:attachment":[{"href":"https:\/\/bisbalpenedes.com\/web\/wp-json\/wp\/v2\/media?parent=907"}],"wp:term":[{"taxonomy":"category","embeddable":true,"href":"https:\/\/bisbalpenedes.com\/web\/wp-json\/wp\/v2\/categories?post=907"},{"taxonomy":"post_tag","embeddable":true,"href":"https:\/\/bisbalpenedes.com\/web\/wp-json\/wp\/v2\/tags?post=907"}],"curies":[{"name":"wp","href":"https:\/\/api.w.org\/{rel}","templated":true}]}}