{"id":9067,"date":"2019-03-14T19:36:26","date_gmt":"2019-03-14T18:36:26","guid":{"rendered":"http:\/\/bisbalpenedes.com\/web\/?p=9067"},"modified":"2019-03-14T19:36:26","modified_gmt":"2019-03-14T18:36:26","slug":"la-vegueria-del-penedes-reclama-la-urgent-implementacio-del-dret-del-penedes-a-tenir-desplegats-al-territori-els-diferents-serveis-territorials-de-la-generalitat","status":"publish","type":"post","link":"https:\/\/bisbalpenedes.com\/web\/2019\/03\/14\/la-vegueria-del-penedes-reclama-la-urgent-implementacio-del-dret-del-penedes-a-tenir-desplegats-al-territori-els-diferents-serveis-territorials-de-la-generalitat\/","title":{"rendered":"La Vegueria del Pened\u00e8s reclama &#8220;la urgent implementaci\u00f3 del dret del Pened\u00e8s a tenir desplegats al territori els diferents serveis territorials de la Generalitat&#8221;"},"content":{"rendered":"<figure id=\"attachment_9071\" aria-describedby=\"caption-attachment-9071\" style=\"width: 630px\" class=\"wp-caption aligncenter\"><a href=\"http:\/\/bisbalpenedes.com\/web\/wp-content\/uploads\/2019\/03\/vegueria-alcaldes-bp.jpg\"><img loading=\"lazy\" class=\"size-large wp-image-9071\" src=\"http:\/\/bisbalpenedes.com\/web\/wp-content\/uploads\/2019\/03\/vegueria-alcaldes-bp-1024x683.jpg\" alt=\"Els alcaldes i les alcaldesses del Baix Pened\u00e8s i la presidenta del Consell Comarcal del Baix Pened\u00e8s amb el  M.H. Sr. president de la Generalitat de Catalunya, Joaquim Torra\" width=\"630\" height=\"420\" srcset=\"https:\/\/bisbalpenedes.com\/web\/wp-content\/uploads\/2019\/03\/vegueria-alcaldes-bp.jpg 1024w, https:\/\/bisbalpenedes.com\/web\/wp-content\/uploads\/2019\/03\/vegueria-alcaldes-bp-600x400.jpg 600w, https:\/\/bisbalpenedes.com\/web\/wp-content\/uploads\/2019\/03\/vegueria-alcaldes-bp-300x200.jpg 300w, https:\/\/bisbalpenedes.com\/web\/wp-content\/uploads\/2019\/03\/vegueria-alcaldes-bp-768x512.jpg 768w\" sizes=\"(max-width: 630px) 100vw, 630px\" \/><\/a><figcaption id=\"caption-attachment-9071\" class=\"wp-caption-text\">Els alcaldes i les alcaldesses del Baix Pened\u00e8s i la presidenta del Consell Comarcal del Baix Pened\u00e8s amb el M.H. Sr. president de la Generalitat de Catalunya, Joaquim Torra.<\/figcaption><\/figure>\n<p><span style=\"color: #000000;\">Aquest dijous 14 de mar\u00e7 ha tingut lloc l&#8217;Assemblea Municipal de la Vegueria Pened\u00e8s a la Vil\u00b7la Casals de Sant Salvador (El Vendrell), que ha aplegat els representants de diferents municipis de la Vegueria,\u00a0entre ells, l&#8217;alcaldessa de la Bisbal del Pened\u00e8s, Agn\u00e8s Ferr\u00e9.<\/span><\/p>\n<p><span style=\"color: #000000;\">A banda d&#8217;abordar temes organitzatius, l&#8217;assemblea ha servit per fer p\u00fablic el &#8220;Manifest pro delegacions del Govern del dia 14 de mar\u00e7 de 2019&#8221;,\u00a0mitjan\u00e7ant el qual han sol\u00b7licitat\u00a0al President de la Generalitat que faci efectiva la modificaci\u00f3 de la Llei de Vegueries del 2010 del 8 de febrer de 2107, que inclo\u00efa la Vegueria del Pened\u00e8s. El manifest explica que la vegueria t\u00e9 &#8220;dret a disposar d&#8217;un Delegat del Govern i la descentralitzaci\u00f3 dels serveis territorials de diversos Departaments&#8221;. Tot i que es va nomenar el Delegat del Govern del Pened\u00e8s, el comunicat reclama &#8220;la urgent implementaci\u00f3 del dret del Pened\u00e8s a tenir desplegats en el seu territori els diferents serveis territorials de la Generalitat, les seves eines d&#8217;autogovern, de programaci\u00f3 i planificaci\u00f3 territorial en clau veguerial&#8221; i afegeix que &#8220;a part del noomenament del Delegat del Govern, no s&#8217;ha fet cap tipus de descentralitzaci\u00f3 dels esmentats serveis territorials dels Departaments de la Generalitat, tal i com succeeix a la resta de vegueries de Catalunya&#8221;.<\/span><\/p>\n<p><span style=\"color: #000000;\">Podeu llegir tot el manifest en aquest enlla\u00e7:<\/span>\u00a0<a href=\"http:\/\/bisbalpenedes.com\/web\/wp-content\/uploads\/2019\/03\/Manifest-Acte-Vegueria-Pened\u00e8s-CAT.pdf\">Manifest Acte Vegueria Pened\u00e8s CAT<\/a><\/p>\n<figure id=\"attachment_9073\" aria-describedby=\"caption-attachment-9073\" style=\"width: 630px\" class=\"wp-caption aligncenter\"><a href=\"http:\/\/bisbalpenedes.com\/web\/wp-content\/uploads\/2019\/03\/vegueria-tots.jpg\"><img loading=\"lazy\" class=\"size-large wp-image-9073\" src=\"http:\/\/bisbalpenedes.com\/web\/wp-content\/uploads\/2019\/03\/vegueria-tots-1024x709.jpg\" alt=\"Els alcaldes i les alcaldesses de la Vegueria del Pened\u00e8s amb els i les presidentes dels Consells Comarcals i el M.H. Sr. President de la Generalitat de Catalunya, Joaquim Torra.\" width=\"630\" height=\"436\" srcset=\"https:\/\/bisbalpenedes.com\/web\/wp-content\/uploads\/2019\/03\/vegueria-tots.jpg 1024w, https:\/\/bisbalpenedes.com\/web\/wp-content\/uploads\/2019\/03\/vegueria-tots-600x415.jpg 600w, https:\/\/bisbalpenedes.com\/web\/wp-content\/uploads\/2019\/03\/vegueria-tots-300x208.jpg 300w, https:\/\/bisbalpenedes.com\/web\/wp-content\/uploads\/2019\/03\/vegueria-tots-768x532.jpg 768w\" sizes=\"(max-width: 630px) 100vw, 630px\" \/><\/a><figcaption id=\"caption-attachment-9073\" class=\"wp-caption-text\">Els alcaldes i les alcaldesses de la Vegueria del Pened\u00e8s amb els i les presidentes dels Consells Comarcals i el M.H. Sr. President de la Generalitat de Catalunya, Joaquim Torra.<\/figcaption><\/figure>\n<hr \/>\n<figure id=\"attachment_9072\" aria-describedby=\"caption-attachment-9072\" style=\"width: 630px\" class=\"wp-caption aligncenter\"><a href=\"http:\/\/bisbalpenedes.com\/web\/wp-content\/uploads\/2019\/03\/vegueria-alcaldes-bp-1.jpg\"><img loading=\"lazy\" class=\"size-large wp-image-9072\" src=\"http:\/\/bisbalpenedes.com\/web\/wp-content\/uploads\/2019\/03\/vegueria-alcaldes-bp-1-1024x683.jpg\" alt=\"Los alcaldes y las alcaldesas del Baix Pened\u00e8s y la presidenta del Consell Comarcal del Baix Pened\u00e8s con el  M.H. Sr. presidente de la Generalitat de Catalunya, Joaquim Torra\" width=\"630\" height=\"420\" srcset=\"https:\/\/bisbalpenedes.com\/web\/wp-content\/uploads\/2019\/03\/vegueria-alcaldes-bp-1.jpg 1024w, https:\/\/bisbalpenedes.com\/web\/wp-content\/uploads\/2019\/03\/vegueria-alcaldes-bp-1-600x400.jpg 600w, https:\/\/bisbalpenedes.com\/web\/wp-content\/uploads\/2019\/03\/vegueria-alcaldes-bp-1-300x200.jpg 300w, https:\/\/bisbalpenedes.com\/web\/wp-content\/uploads\/2019\/03\/vegueria-alcaldes-bp-1-768x512.jpg 768w\" sizes=\"(max-width: 630px) 100vw, 630px\" \/><\/a><figcaption id=\"caption-attachment-9072\" class=\"wp-caption-text\">Los alcaldes y las alcaldesas del Baix Pened\u00e8s y la presidenta del Consell Comarcal del Baix Pened\u00e8s con el M.H. Sr. presidente de la Generalitat de Catalunya, Joaquim Torra<\/figcaption><\/figure>\n<p><span style=\"color: #000000;\"><strong>CASTELLANO |<\/strong> Este jueves 14 de marzo ha tenido lugar la Assemblea Municipal de la Vegueria Pened\u00e8s en la Vil\u00b7la Casals de Sant Salvador (El Vendrell), que ha reunido a los representantes de diferentes municipios de la Veguer\u00eda, entre ellos, la alcaldesa de la Bisbal del Pened\u00e8s, Agn\u00e8s Ferr\u00e9.<\/span><\/p>\n<p><span style=\"color: #000000;\">A parte de abordar temas organizativos, la asamblea ha\u00a0 servido para hacer p\u00fablico el &#8220;Manifiesto pro delegaciones del Govern del d\u00eda 14 de marzo del 2019&#8221;, mediante el cual han solicitado al Presidente de la Generalitat que se haga efectiva la modificaci\u00f3n de la Llei de Vegueries del 2010 del 8 de febrero del 2017, que inclu\u00eda la Vegueria del Pened\u00e8s. El manifiesto explica que la veguer\u00eda tiene &#8220;derecho a disponer de un Delegado del Govern y la descentralizaci\u00f3n de los servicios territoriales de varios Departamentos&#8221;. Aunque se nombr\u00f3 al Delegado del Govern del Pened\u00e8s, el comunicado reclama &#8220;la urgente implementaci\u00f3n del derecho del Pened\u00e8s a tener desplegados en su territorio los distintos servicios territoriales de la Generalitat, sus herramientas de autogobierno, de programaci\u00f3n y planificaci\u00f3n territorial en clave de veguer\u00eda&#8221; y a\u00f1ade que &#8220;a parte del nombramiento del Delegat del Govern, no se ha hecho ning\u00fan tipo de descentralizaci\u00f3n de los citados servicios territoriales de los Departamentos de la Generalitat, tal y como sucede en el resto de veguer\u00edas de Catalunya&#8221;.<\/span><\/p>\n<p><span style=\"color: #000000;\">Pod\u00e9is leer el manifiesto en este enlace:\u00a0<\/span><a href=\"http:\/\/bisbalpenedes.com\/web\/wp-content\/uploads\/2019\/03\/Manifest-Acte-Vegueria-Pened\u00e8s-CAST.pdf\">Manifest Acte Vegueria Pened\u00e8s CAST<\/a><\/p>\n<figure id=\"attachment_9074\" aria-describedby=\"caption-attachment-9074\" style=\"width: 630px\" class=\"wp-caption aligncenter\"><a href=\"http:\/\/bisbalpenedes.com\/web\/wp-content\/uploads\/2019\/03\/vegueria-tots-1.jpg\"><img loading=\"lazy\" class=\"size-large wp-image-9074\" src=\"http:\/\/bisbalpenedes.com\/web\/wp-content\/uploads\/2019\/03\/vegueria-tots-1-1024x709.jpg\" alt=\"Los alcaldes y las alcaldesas de la Vegueria del Pened\u00e8s con los y las presidentas de los Consells Comarcals y el M.H. Sr. Presidente de la Generalitat de Catalunya, Joaquim Torra. \" width=\"630\" height=\"436\" srcset=\"https:\/\/bisbalpenedes.com\/web\/wp-content\/uploads\/2019\/03\/vegueria-tots-1.jpg 1024w, https:\/\/bisbalpenedes.com\/web\/wp-content\/uploads\/2019\/03\/vegueria-tots-1-600x415.jpg 600w, https:\/\/bisbalpenedes.com\/web\/wp-content\/uploads\/2019\/03\/vegueria-tots-1-300x208.jpg 300w, https:\/\/bisbalpenedes.com\/web\/wp-content\/uploads\/2019\/03\/vegueria-tots-1-768x532.jpg 768w\" sizes=\"(max-width: 630px) 100vw, 630px\" \/><\/a><figcaption id=\"caption-attachment-9074\" class=\"wp-caption-text\">Los alcaldes y las alcaldesas de la Vegueria del Pened\u00e8s con los y las presidentas de los Consells Comarcals y el M.H. Sr. Presidente de la Generalitat de Catalunya, Joaquim Torra.<\/figcaption><\/figure>\n<p>&nbsp;<\/p>\n<p>&nbsp;<\/p>\n","protected":false},"excerpt":{"rendered":"<p>Aquest dijous 14 de mar\u00e7 ha tingut lloc l&#8217;Assemblea Municipal de la Vegueria Pened\u00e8s a la Vil\u00b7la Casals de Sant Salvador (El Vendrell), que ha aplegat els representants de diferents &hellip; <a href=\"https:\/\/bisbalpenedes.com\/web\/2019\/03\/14\/la-vegueria-del-penedes-reclama-la-urgent-implementacio-del-dret-del-penedes-a-tenir-desplegats-al-territori-els-diferents-serveis-territorials-de-la-generalitat\/\" class=\"more-link\">Read More<\/a><\/p>\n","protected":false},"author":4,"featured_media":9072,"comment_status":"closed","ping_status":"closed","sticky":false,"template":"","format":"standard","meta":[],"categories":[2057,8],"tags":[1151,2882,2881,1376,2880],"_links":{"self":[{"href":"https:\/\/bisbalpenedes.com\/web\/wp-json\/wp\/v2\/posts\/9067"}],"collection":[{"href":"https:\/\/bisbalpenedes.com\/web\/wp-json\/wp\/v2\/posts"}],"about":[{"href":"https:\/\/bisbalpenedes.com\/web\/wp-json\/wp\/v2\/types\/post"}],"author":[{"embeddable":true,"href":"https:\/\/bisbalpenedes.com\/web\/wp-json\/wp\/v2\/users\/4"}],"replies":[{"embeddable":true,"href":"https:\/\/bisbalpenedes.com\/web\/wp-json\/wp\/v2\/comments?post=9067"}],"version-history":[{"count":2,"href":"https:\/\/bisbalpenedes.com\/web\/wp-json\/wp\/v2\/posts\/9067\/revisions"}],"predecessor-version":[{"id":9075,"href":"https:\/\/bisbalpenedes.com\/web\/wp-json\/wp\/v2\/posts\/9067\/revisions\/9075"}],"wp:featuredmedia":[{"embeddable":true,"href":"https:\/\/bisbalpenedes.com\/web\/wp-json\/wp\/v2\/media\/9072"}],"wp:attachment":[{"href":"https:\/\/bisbalpenedes.com\/web\/wp-json\/wp\/v2\/media?parent=9067"}],"wp:term":[{"taxonomy":"category","embeddable":true,"href":"https:\/\/bisbalpenedes.com\/web\/wp-json\/wp\/v2\/categories?post=9067"},{"taxonomy":"post_tag","embeddable":true,"href":"https:\/\/bisbalpenedes.com\/web\/wp-json\/wp\/v2\/tags?post=9067"}],"curies":[{"name":"wp","href":"https:\/\/api.w.org\/{rel}","templated":true}]}}