{"id":9060,"date":"2019-03-14T11:03:29","date_gmt":"2019-03-14T10:03:29","guid":{"rendered":"http:\/\/bisbalpenedes.com\/web\/?p=9060"},"modified":"2019-03-14T11:09:46","modified_gmt":"2019-03-14T10:09:46","slug":"la-xarxa-docupacio-fa-un-balanc-positiu-del-2018-i-oferira-noves-accions-de-capacitacio-durant-el-2019","status":"publish","type":"post","link":"https:\/\/bisbalpenedes.com\/web\/2019\/03\/14\/la-xarxa-docupacio-fa-un-balanc-positiu-del-2018-i-oferira-noves-accions-de-capacitacio-durant-el-2019\/","title":{"rendered":"La Xarxa d&#8217;Ocupaci\u00f3 fa un balan\u00e7 positiu del 2018 i oferir\u00e0 noves accions de capacitaci\u00f3 durant el 2019"},"content":{"rendered":"<p><a href=\"http:\/\/bisbalpenedes.com\/web\/wp-content\/uploads\/2019\/03\/XARXA-OCUPACIO-CLOENDA-2018-I-PRESENTACIO-2019.jpg\"><img loading=\"lazy\" class=\"size-large wp-image-9061 aligncenter\" src=\"http:\/\/bisbalpenedes.com\/web\/wp-content\/uploads\/2019\/03\/XARXA-OCUPACIO-CLOENDA-2018-I-PRESENTACIO-2019-1024x575.jpg\" alt=\"bty\" width=\"630\" height=\"354\" srcset=\"https:\/\/bisbalpenedes.com\/web\/wp-content\/uploads\/2019\/03\/XARXA-OCUPACIO-CLOENDA-2018-I-PRESENTACIO-2019-1024x575.jpg 1024w, https:\/\/bisbalpenedes.com\/web\/wp-content\/uploads\/2019\/03\/XARXA-OCUPACIO-CLOENDA-2018-I-PRESENTACIO-2019-600x337.jpg 600w, https:\/\/bisbalpenedes.com\/web\/wp-content\/uploads\/2019\/03\/XARXA-OCUPACIO-CLOENDA-2018-I-PRESENTACIO-2019-300x168.jpg 300w, https:\/\/bisbalpenedes.com\/web\/wp-content\/uploads\/2019\/03\/XARXA-OCUPACIO-CLOENDA-2018-I-PRESENTACIO-2019-768x431.jpg 768w\" sizes=\"(max-width: 630px) 100vw, 630px\" \/><\/a><\/p>\n<p><span style=\"color: #000000;\">La Xarxa d\u2019Ocupaci\u00f3 del Baix Pened\u00e8s \u00e9s un projecte que es va posar en marxa el 2018 per aglutinar les entitats de la comarca que intervenen en mat\u00e8ria d\u2019ocupaci\u00f3, entre elles el SOM Bisbal, amb l\u2019objectiu de realitzar programes anuals per millorar l\u2019ocupabilitat de les persones aturades i ajustar-ne el perfil professional al requerit per les empreses.<\/span><\/p>\n<p><span style=\"color: #000000;\">El balan\u00e7 del projecte per al 2018 es pot resumir amb els seg\u00fcents indicadors:<\/span><\/p>\n<p style=\"padding-left: 30px;\"><span style=\"color: #000000;\">-Atenci\u00f3 integral a 89 participants d\u2019arreu de la comarca.<\/span><\/p>\n<p style=\"padding-left: 30px;\"><span style=\"color: #000000;\">-3 accions de capacitaci\u00f3:<\/span><\/p>\n<p style=\"padding-left: 30px;\"><span style=\"color: #000000;\">\u00a0\u00a0\u00a0\u00a0\u00a0\u00a0\u00a0\u00a0\u00a0\u00a0\u00a0\u00a0\u00a0\u00a0\u00a0 -Cambrer\/a de pisos. 15 participants. Han finalitzat l\u2019acci\u00f3 14 i 13 han trobat feina.<\/span><\/p>\n<p style=\"padding-left: 30px;\"><span style=\"color: #000000;\">\u00a0\u00a0\u00a0\u00a0\u00a0\u00a0\u00a0\u00a0\u00a0\u00a0\u00a0\u00a0\u00a0\u00a0\u00a0 -Operari\/a industrial i log\u00edstic. 15 participants. Han finalitzat 15 i 10 han trobat feina.<\/span><\/p>\n<p style=\"padding-left: 30px;\"><span style=\"color: #000000;\">\u00a0\u00a0\u00a0\u00a0\u00a0\u00a0\u00a0\u00a0\u00a0\u00a0\u00a0\u00a0\u00a0\u00a0\u00a0 -Soldador\/a. 15 participants. Han finalitzat 14 i 5 han trobat feina.<\/span><\/p>\n<p style=\"padding-left: 30px;\"><span style=\"color: #000000;\">-Activitats de suport. Ja hi han participat m\u00e9s de 30 persones i aquestes c\u00e0psules finalitzaran el juny de 2019.<\/span><\/p>\n<p style=\"padding-left: 30px;\"><span style=\"color: #000000;\">-M\u00e9s de 70 empreses prospectades.<\/span><\/p>\n<p style=\"padding-left: 30px;\"><span style=\"color: #000000;\">-M\u00e9s de 90 ofertes de treball gestionades amb m\u00e9s de 200 posicions a ocupar.<\/span><\/p>\n<p style=\"padding-left: 30px;\"><span style=\"color: #000000;\">-65% de contractacions aconseguides<\/span><\/p>\n<p><span style=\"color: #000000;\">De cara al 2019, el projecte de la Xarxa d\u2019Ocupaci\u00f3 del Baix Pened\u00e8s continuar\u00e0 oferint atenci\u00f3 personalitzada a 75 persones (priorit\u00e0riament majors de 30 anys i en situaci\u00f3 d\u2019atur des de 6 i 12 mesos), fent un seguiment integral amb les persones amb la finalitat que es puguin recuperar de la seva situaci\u00f3 de dificultat i trobar feina. Per fer-ho possible, es comptar\u00e0 amb la figura de l\u2019orientador\/a itinerant.<\/span><\/p>\n<p><span style=\"color: #000000;\">A m\u00e9s, les pr\u00f2ximes accions de capacitaci\u00f3 previstes comptaran amb pr\u00e0ctiques no laborals a empreses, per afavorir la inserci\u00f3 laboral (40 hores per acci\u00f3) i s\u00f3n:<\/span><\/p>\n<p style=\"padding-left: 30px;\"><span style=\"color: #000000;\">-Carnisseria \u2013 cansaladeria i preparats carnis<\/span><\/p>\n<p style=\"padding-left: 30px;\"><span style=\"color: #000000;\">-Operari\/a de manteniment d\u2019instal\u00b7lacions d\u2019electricitat, fontaneria, calefacci\u00f3 i climatitzaci\u00f3 dom\u00e8stiques<\/span><\/p>\n<p><span style=\"color: #000000;\">D\u2019altra banda, est\u00e0 previst que s\u2019incorporin activitats de suport com ara tallers i seminaris amb la finalitat de treballar la vessant personal (autoconeixement, autoestima, autocontrol, etc.) i professional (eines, t\u00e8cniques d\u2019acc\u00e9s al mercat laboral, etc.).<\/span><\/p>\n<p><span style=\"color: #000000;\">El projecte de la Xarxa d\u2019Ocupaci\u00f3 del Baix Pened\u00e8s t\u00e9 un cost de 198.866\u20ac i est\u00e0 subvencionat en un 75% pel Ministerio de Empleo y Seguridad Social i el Servei d\u2019Ocupaci\u00f3 de Catalunya. El 25% restant\u00a0 l\u2019assumeixen els 14 municipis de la comarca que participen en el projecte, entre ells la Bisbal del Pened\u00e8s.<\/span><\/p>\n<p><a href=\"http:\/\/bisbalpenedes.com\/web\/wp-content\/uploads\/2016\/03\/SOM_Bisbal.png\"><img loading=\"lazy\" class=\"aligncenter size-full wp-image-1415\" src=\"http:\/\/bisbalpenedes.com\/web\/wp-content\/uploads\/2016\/03\/SOM_Bisbal.png\" alt=\"SOM Bisbal\" width=\"364\" height=\"258\" srcset=\"https:\/\/bisbalpenedes.com\/web\/wp-content\/uploads\/2016\/03\/SOM_Bisbal.png 364w, https:\/\/bisbalpenedes.com\/web\/wp-content\/uploads\/2016\/03\/SOM_Bisbal-300x212.png 300w\" sizes=\"(max-width: 364px) 100vw, 364px\" \/><\/a><\/p>\n<hr \/>\n<p><a href=\"http:\/\/bisbalpenedes.com\/web\/wp-content\/uploads\/2019\/03\/XARXA-OCUPACIO-CLOENDA-2018-I-PRESENTACIO-2019.jpg\"><img loading=\"lazy\" class=\"size-large wp-image-9061 aligncenter\" src=\"http:\/\/bisbalpenedes.com\/web\/wp-content\/uploads\/2019\/03\/XARXA-OCUPACIO-CLOENDA-2018-I-PRESENTACIO-2019-1024x575.jpg\" alt=\"bty\" width=\"630\" height=\"354\" srcset=\"https:\/\/bisbalpenedes.com\/web\/wp-content\/uploads\/2019\/03\/XARXA-OCUPACIO-CLOENDA-2018-I-PRESENTACIO-2019-1024x575.jpg 1024w, https:\/\/bisbalpenedes.com\/web\/wp-content\/uploads\/2019\/03\/XARXA-OCUPACIO-CLOENDA-2018-I-PRESENTACIO-2019-600x337.jpg 600w, https:\/\/bisbalpenedes.com\/web\/wp-content\/uploads\/2019\/03\/XARXA-OCUPACIO-CLOENDA-2018-I-PRESENTACIO-2019-300x168.jpg 300w, https:\/\/bisbalpenedes.com\/web\/wp-content\/uploads\/2019\/03\/XARXA-OCUPACIO-CLOENDA-2018-I-PRESENTACIO-2019-768x431.jpg 768w\" sizes=\"(max-width: 630px) 100vw, 630px\" \/><\/a><\/p>\n<p><span style=\"color: #000000;\"><strong>CASTELLANO |<\/strong> La Xarxa d&#8217;Ocupaci\u00f3 del Baix Pened\u00e8s es un proyecto que se puso en marcha en el 2018 para aglutinar las entidades de la comarca que intervienen en\u00a0 materia de ocupaci\u00f3n, entre ellas el SOM Bisbal, con el objetivo de realizar programas anuales para mejorar la ocupabilidad de las personas paradas y ajustar su perfil profesional al requerido por las empresas.<\/span><\/p>\n<p><span style=\"color: #000000;\">El balance del proyecto para el 2018 se puede resumir con los siguientes indicadores:<\/span><\/p>\n<p style=\"padding-left: 30px;\"><span style=\"color: #000000;\">-Atenci\u00f3n integral a 89 participantes de toda la comarca.<\/span><\/p>\n<p style=\"padding-left: 30px;\"><span style=\"color: #000000;\">-3 acciones de capacitaci\u00f3n:<\/span><\/p>\n<p style=\"padding-left: 60px;\"><span style=\"color: #000000;\">-Camarero\/a de pisos. 15 participantes. Han finalizado la acci\u00f3n 14 y 13 han encontrado trabajo.<\/span><\/p>\n<p style=\"padding-left: 60px;\"><span style=\"color: #000000;\">-Operario\/a industrial y log\u00edstico. 15 participantes. Han finalizado 15 y 10 han encontrado trabajo.<\/span><\/p>\n<p style=\"padding-left: 60px;\"><span style=\"color: #000000;\">-Soldador\/a. 15 participantes. Han finalizado 14 y 5 han encontrado trabajo.\u00a0<\/span><\/p>\n<p style=\"padding-left: 30px;\"><span style=\"color: #000000;\">-Actividades de soporte. Ya han participado m\u00e1s de 30 personas y estas c\u00e1psulas finalizar\u00e1n en junio del 2019.<\/span><\/p>\n<p style=\"padding-left: 30px;\"><span style=\"color: #000000;\">-M\u00e1s de 70 empresas prospectadas.<\/span><\/p>\n<p style=\"padding-left: 30px;\"><span style=\"color: #000000;\">-M\u00e1s de 90 ofertas de trabajo gestionadas con m\u00e1s de 200 posiciones a ocupar.<\/span><\/p>\n<p style=\"padding-left: 30px;\"><span style=\"color: #000000;\">-65% de contrataciones conseguidas.<\/span><\/p>\n<p><span style=\"color: #000000;\">De cara al 2019, el proyecto de la Xarxa d&#8217;Ocupaci\u00f3 del Baix Pened\u00e8s continuar\u00e1 ofreciendo atenci\u00f3n personalizada a 75 personas (prioritariamente mayores de 30 a\u00f1os y en situaci\u00f3n de paro desde 6 y 12 meses), haciendo un seguimiento integral con las personas con la finalidad de que puedan recuperarse de su situaci\u00f3n de dificultad y encontrar trabajo. Para hacerlo posible, se contar\u00e1 con la figura del\/de la orientador\/a itinerante.<\/span><\/p>\n<p><span style=\"color: #000000;\">Adem\u00e1s, las pr\u00f3ximas acciones de capacitaci\u00f3n previstas contar\u00e1n con pr\u00e1cticas no laborales en empresas, para favorecer la inserci\u00f3n laboral (40 horas por acci\u00f3n) y son:<\/span><\/p>\n<p style=\"padding-left: 30px;\"><span style=\"color: #000000;\">-Carnicer\u00eda &#8211;\u00a0tociner\u00eda y preparados c\u00e1rnicos<\/span><\/p>\n<p style=\"padding-left: 30px;\"><span style=\"color: #000000;\">-Operario\/a de mantenimiento de instalaciones de electricidad, fontaner\u00eda, calefacci\u00f3n y climatizaci\u00f3n dom\u00e9sticas<\/span><\/p>\n<p><span style=\"color: #000000;\">Por otro lado, est\u00e1 previsto que se incorporen actividades de soporte como por ejemplo talleres y seminarios con la finalidad de trabajar la vertiente personal (autoconocimiento, autoestima, autocontrol, etc.) y profesional (herramientas, t\u00e9cnicas de acceso al mercado laboral, etc.).<\/span><\/p>\n<p><span style=\"color: #000000;\">El proyecto de la Xarxa d&#8217;Ocupaci\u00f3 del Baix Pened\u00e8s tiene un coste de 198.866\u20ac y est\u00e1 subvencionado en un 75% por el Ministerio de Empleo y Seguridad Social y el Servei d&#8217;Ocupaci\u00f3 de Catalunya. El 25% restante lo asumen los 14 municipios de la comarca que participan en el proyecto, entre ellos la Bisbal del Pened\u00e8s.<\/span><\/p>\n<p><a href=\"http:\/\/bisbalpenedes.com\/web\/wp-content\/uploads\/2016\/03\/SOM_Bisbal.png\"><img loading=\"lazy\" class=\"aligncenter size-full wp-image-1415\" src=\"http:\/\/bisbalpenedes.com\/web\/wp-content\/uploads\/2016\/03\/SOM_Bisbal.png\" alt=\"SOM Bisbal\" width=\"364\" height=\"258\" srcset=\"https:\/\/bisbalpenedes.com\/web\/wp-content\/uploads\/2016\/03\/SOM_Bisbal.png 364w, https:\/\/bisbalpenedes.com\/web\/wp-content\/uploads\/2016\/03\/SOM_Bisbal-300x212.png 300w\" sizes=\"(max-width: 364px) 100vw, 364px\" \/><\/a><\/p>\n<p>&nbsp;<\/p>\n<p>&nbsp;<\/p>\n<p>&nbsp;<\/p>\n<p>&nbsp;<\/p>\n","protected":false},"excerpt":{"rendered":"<p>La Xarxa d\u2019Ocupaci\u00f3 del Baix Pened\u00e8s \u00e9s un projecte que es va posar en marxa el 2018 per aglutinar les entitats de la comarca que intervenen en mat\u00e8ria d\u2019ocupaci\u00f3, entre &hellip; <a href=\"https:\/\/bisbalpenedes.com\/web\/2019\/03\/14\/la-xarxa-docupacio-fa-un-balanc-positiu-del-2018-i-oferira-noves-accions-de-capacitacio-durant-el-2019\/\" class=\"more-link\">Read More<\/a><\/p>\n","protected":false},"author":4,"featured_media":9061,"comment_status":"closed","ping_status":"closed","sticky":false,"template":"","format":"standard","meta":[],"categories":[9],"tags":[2421,2848,41,2879,271,508,43,2878],"_links":{"self":[{"href":"https:\/\/bisbalpenedes.com\/web\/wp-json\/wp\/v2\/posts\/9060"}],"collection":[{"href":"https:\/\/bisbalpenedes.com\/web\/wp-json\/wp\/v2\/posts"}],"about":[{"href":"https:\/\/bisbalpenedes.com\/web\/wp-json\/wp\/v2\/types\/post"}],"author":[{"embeddable":true,"href":"https:\/\/bisbalpenedes.com\/web\/wp-json\/wp\/v2\/users\/4"}],"replies":[{"embeddable":true,"href":"https:\/\/bisbalpenedes.com\/web\/wp-json\/wp\/v2\/comments?post=9060"}],"version-history":[{"count":5,"href":"https:\/\/bisbalpenedes.com\/web\/wp-json\/wp\/v2\/posts\/9060\/revisions"}],"predecessor-version":[{"id":9066,"href":"https:\/\/bisbalpenedes.com\/web\/wp-json\/wp\/v2\/posts\/9060\/revisions\/9066"}],"wp:featuredmedia":[{"embeddable":true,"href":"https:\/\/bisbalpenedes.com\/web\/wp-json\/wp\/v2\/media\/9061"}],"wp:attachment":[{"href":"https:\/\/bisbalpenedes.com\/web\/wp-json\/wp\/v2\/media?parent=9060"}],"wp:term":[{"taxonomy":"category","embeddable":true,"href":"https:\/\/bisbalpenedes.com\/web\/wp-json\/wp\/v2\/categories?post=9060"},{"taxonomy":"post_tag","embeddable":true,"href":"https:\/\/bisbalpenedes.com\/web\/wp-json\/wp\/v2\/tags?post=9060"}],"curies":[{"name":"wp","href":"https:\/\/api.w.org\/{rel}","templated":true}]}}