{"id":9055,"date":"2019-03-14T09:52:46","date_gmt":"2019-03-14T08:52:46","guid":{"rendered":"http:\/\/bisbalpenedes.com\/web\/?p=9055"},"modified":"2019-03-14T10:11:15","modified_gmt":"2019-03-14T09:11:15","slug":"el-proper-ple-ordinari-tindra-lloc-el-dilluns-18-de-marc-a-les-19h","status":"publish","type":"post","link":"https:\/\/bisbalpenedes.com\/web\/2019\/03\/14\/el-proper-ple-ordinari-tindra-lloc-el-dilluns-18-de-marc-a-les-19h\/","title":{"rendered":"El proper dilluns 18 de mar\u00e7, a les 19h, tindr\u00e0 lloc el Ple Ordinari corresponent a aquest trimestre"},"content":{"rendered":"<p><span style=\"color: #000000;\">El proper dilluns 18 de mar\u00e7, a les 19h, tindr\u00e0 lloc un Ple Ordinari a l\u2019Ajuntament de la Bisbal del Pened\u00e8s amb el seg\u00fcent:<\/span><\/p>\n<p><span style=\"color: #000000;\"><strong>ORDRE DEL DIA<\/strong><\/span><\/p>\n<ol>\n<li><span style=\"color: #000000;\">Aprovaci\u00f3 de l\u2019acta del Ple ordinari de 17\/12\/18<\/span><\/li>\n<li><span style=\"color: #000000;\">Aprovaci\u00f3 de l\u2019acta del Ple extraordinari de 24\/12\/18<\/span><\/li>\n<li><span style=\"color: #000000;\">Aprovaci\u00f3 de l\u2019acta del Ple extraordinari del 07\/02\/19<\/span><\/li>\n<li><span style=\"color: #000000;\">Moci\u00f3 presentada per PDeCAT en relaci\u00f3 al pacte del Pened\u00e8s Mar\u00edtim<\/span><\/li>\n<li><span style=\"color: #000000;\">Moci\u00f3 Presentada per PDeCAT per fer front a l\u2019alarma social dels robatoris en cases habitades<\/span><\/li>\n<li><span style=\"color: #000000;\">Moci\u00f3 presentada per la regidora no adscrita, Sra. Antol\u00edn, en relaci\u00f3 a la renda garantida de la ciutadania<\/span><\/li>\n<li><span style=\"color: #000000;\">Donar compte dels decrets d\u2019alcaldia<\/span><\/li>\n<li><span style=\"color: #000000;\">Donar compte de l\u2019informe d\u2019intervenci\u00f3 sobre el compliment del c\u00e0lcul i la remissi\u00f3 del per\u00edode mig de pagament del 3r trimestre de 2018<\/span><\/li>\n<li><span style=\"color: #000000;\">Donar compte de l\u2019informe d\u2019intervenci\u00f3 sobre el compliment del c\u00e0lcul i la remissi\u00f3 del per\u00edode mig de pagament del 4rt trimestre de 2018<\/span><\/li>\n<li><span style=\"color: #000000;\">Donar compte del tancament i liquidaci\u00f3 de pressupost<\/span><\/li>\n<li><span style=\"color: #000000;\">Donar compte de la pr\u00f2rroga del pressupost 2018<\/span><\/li>\n<li><span style=\"color: #000000;\">Donar compte dels informes d\u2019intervenci\u00f3 i avaluaci\u00f3 de l\u2019objectiu d\u2019estabilitat pressupost\u00e0ria, regla de la despesa i deute p\u00fablic del 2019<\/span><\/li>\n<li><span style=\"color: #000000;\">Precs i preguntes<\/span><\/li>\n<\/ol>\n<p style=\"display: inline !important;\"><span style=\"color: #000000;\"><strong>PARTICIPACI\u00d3 CIUTADANA:<\/strong><\/span><\/p>\n<p><span style=\"color: #000000;\">Us recordem que segons el\u00a0<a style=\"color: #000000;\" href=\"http:\/\/bisbalpenedes.com\/web\/2017\/06\/22\/el-ple-ordinari-del-passat-19-de-juny-va-aprovar-el-primer-rom-de-lajuntament-de-la-bisbal-del-penedes\/\" target=\"_blank\">ROM<\/a>\u00a0aprovat al Ple de l\u2019Ajuntament de la Bisbal el 19 de juny de 2017, la ciutadania pot participar en els Plens Ordinaris. Tot seguit us detallem el funcionament d\u2019aquest sup\u00f2sit:<\/span><\/p>\n<p><span style=\"color: #000000;\">Totes les persones tenen dret a intervenir en les sessions ordin\u00e0ries del Ple en el punt de l\u2019ordre del dia de \u2018Precs i preguntes\u2019, d\u2019acord amb les prescripcions seg\u00fcents:<\/span><\/p>\n<ul>\n<li><span style=\"color: #000000;\">El prec o pregunta s\u2019haur\u00e0 de sol\u00b7licitar a l\u2019Alcaldia:<\/span>\n<ul>\n<li><span style=\"color: #000000;\">per escrit i entrar-lo\/a al Registre General com a m\u00e0xim 24 hores abans del Ple Ordinari<\/span><\/li>\n<li><span style=\"color: #000000;\">Per Twitter a @BisbalPenedes com a m\u00e0xim 24h abans del Ple Ordinari, complint el protocol d\u2019\u00fas de les xarxes socials i emprant l\u2019etiqueta #PleBisbalPened\u00e8s, seguit del prec o pregunta<\/span><\/li>\n<\/ul>\n<\/li>\n<li><span style=\"color: #000000;\">L\u2019assumpte objecte del prec o pregunta haur\u00e0 de ser de compet\u00e8ncia municipal sobre l\u2019acci\u00f3 de govern o estar directament relacionat amb els punts inclosos a l\u2019ordre del dia<\/span><\/li>\n<li><span style=\"color: #000000;\">Cada ciutad\u00e0\/ana\u00a0 pot formular un\u00a0 prec i una pregunta en un mateix Ple. La longitud m\u00e0xima de cada piulada \u00e9s de 140 car\u00e0cters i no es pot continuar la pregunta en un segon \u2018tweet\u2019.<\/span><\/li>\n<li><span style=\"color: #000000;\">L\u2019alcaldia podr\u00e0 no respondre si \u00e9s un assumpte sobre el qual l\u2019Ajuntament no t\u00e9 compet\u00e8ncies o si ja s\u2019ha presentat la mateixa pregunta en una altra sessi\u00f3 plen\u00e0ria en els \u00faltims 6 mesos.<\/span><\/li>\n<li><span style=\"color: #000000;\">L\u2019alcaldia comunicar\u00e0, acabat el termini m\u00e0xim de presentaci\u00f3 de preguntes, a qui vagin dirigides les preguntes o peticions sol\u00b7licitades perqu\u00e8 les pugui respondre<\/span><\/li>\n<li><span style=\"color: #000000;\">L\u2019Alcaldia llegir\u00e0 la pregunta en veu alta<\/span><\/li>\n<li><span style=\"color: #000000;\">L\u2019alcaldia o a qui va adre\u00e7ada la pregunta, la respondr\u00e0 en la mateixa sessi\u00f3 del Ple<\/span><\/li>\n<li><span style=\"color: #000000;\">El p\u00fablic assistent a les sessions no podr\u00e0 efectuar manifestacions de grat o desgrat. Tampoc es podran proferir comentaris que afectin el normal desenvolupament de la sessi\u00f3.<\/span><\/li>\n<\/ul>\n<hr \/>\n<p><span style=\"color: #000000;\"><strong>CASTELLANO |<\/strong> El pr\u00f3ximo lunes 18 de marzo a las 19h, tendr\u00e1 lugar un Pleno Ordinario en el Ayuntamiento de la Bisbal del Pened\u00e8s con el siguiente:<\/span><\/p>\n<p><strong><span style=\"color: #000000;\">ORDEN DEL D\u00cdA<\/span><\/strong><\/p>\n<ol>\n<li><span style=\"color: #000000;\">Aprobaci\u00f3n del acta del Pleno ordinario del\u00a0 17\/12\/18<\/span><\/li>\n<li><span style=\"color: #000000;\">Aprobaci\u00f3n del acta del Pleno extraordinario del 24\/12\/18<\/span><\/li>\n<li><span style=\"color: #000000;\">Aprobaci\u00f3n del acta del Pleno extraordinario del 07\/02\/19\u00a0<\/span><\/li>\n<li><span style=\"color: #000000;\">Moci\u00f3n presentada por el PDeCAT en relaci\u00f3n con el Pacte del Pened\u00e8s Mar\u00edtim\u00a0<\/span><\/li>\n<li><span style=\"color: #000000;\">Moci\u00f3n presentada por el PDeCAT para hacer frente a la alarma social de los robos en casas habitadas\u00a0<\/span><\/li>\n<li><span style=\"color: #000000;\">Moci\u00f3n presentada por la concejala no adscrita, Sra. Antol\u00edn,\u00a0 presentada per la regidora no adscrita Sra. Antol\u00edn en relaci\u00f3n con la renta garantizada de la ciudadan\u00eda\u00a0<\/span><\/li>\n<li><span style=\"color: #000000;\">Dar cuenta de los decretos de alcald\u00eda\u00a0<\/span><\/li>\n<li><span style=\"color: #000000;\">Dar cuenta del informe de intervenci\u00f3n sobre el cumplimiento del c\u00e1lculo y la remisi\u00f3n del periodo medio de pago del 3r trimestre del 2018\u00a0<\/span><\/li>\n<li><span style=\"color: #000000;\">Dar cuenta del informe de intervenci\u00f3n sobre el cumplimiento del c\u00e1lculo i la remisi\u00f3n del periodo medio de pago del 4\u00ba trimestre del 2018\u00a0<\/span><\/li>\n<li><span style=\"color: #000000;\">Dar cuenta del cierre y liquidaci\u00f3n del presupuesto<\/span><\/li>\n<li><span style=\"color: #000000;\">Dar cuenta de la pr\u00f3rroga del presupuesto 2018\u00a0<\/span><\/li>\n<li><span style=\"color: #000000;\">Dar cuenta de los informes de intervenci\u00f3n y evaluaci\u00f3n del objetivo de estabilidad presupuestaria, regla del gasto y deuda p\u00fablica del 2019\u00a0<\/span><\/li>\n<li><span style=\"color: #000000;\">Ruegos y preguntas<\/span><\/li>\n<\/ol>\n<p><span style=\"color: #000000;\"><strong>PARTICIPACI\u00d3N CIUDADANA:<\/strong><\/span><\/p>\n<p><span style=\"color: #000000;\">Os recordamos que seg\u00fan el\u00a0<a style=\"color: #000000;\" href=\"http:\/\/bisbalpenedes.com\/web\/2017\/06\/22\/el-ple-ordinari-del-passat-19-de-juny-va-aprovar-el-primer-rom-de-lajuntament-de-la-bisbal-del-penedes\/\" target=\"_blank\">ROM<\/a>\u00a0aprobado en el Pleno del Ayuntamiento de la Bisbal del Pened\u00e8s el 19 de junio del 2017, la ciudadan\u00eda puede participar en los Plenos Ordinarios. A continuaci\u00f3n os detallamos el funcionamiento de este supuesto:<\/span><\/p>\n<p><span style=\"color: #000000;\">Todas las personas tienen derecho a intervenir en las sesiones ordinarias del Pleno en el punto de la orden del d\u00eda de \u2018Ruegos y preguntas\u2019, de acuerdo con las prescripciones siguientes:<\/span><\/p>\n<ul>\n<li><span style=\"color: #000000;\">El ruego o pregunta deber\u00e1 solicitarse a Alcald\u00eda:<\/span>\n<ul>\n<li><span style=\"color: #000000;\">Por escrito y entrarlo\/la por escrito como m\u00e1ximo 24 horas antes del Pleno Ordinario<\/span><\/li>\n<li><span style=\"color: #000000;\">Por Twitter en @BisbalPenedes como m\u00e1ximo 24h antes del Pleno Ordinario, cumpliendo el protocolo de uso de las redes sociales con el formato #PleBisbalPened\u00e8s, seguido del ruego o pregunta.<\/span><\/li>\n<\/ul>\n<\/li>\n<li><span style=\"color: #000000;\">El asunto objeto del ruego o pregunta deber\u00e1 ser de competencia municipal sobre la acci\u00f3n de gobierno o estar directamente relacionado con los puntos incluidos en el orden del d\u00eda<\/span><\/li>\n<li><span style=\"color: #000000;\">Cada ciudadano\/na puede formular un ruego y una pregunta en un mismo Pleno. La longitud m\u00e1xima de cada tweet es de 140 caracteres y no se puede continuar la pregunta con un segundo \u2018tweet.<\/span><\/li>\n<li><span style=\"color: #000000;\">Alcald\u00eda podr\u00e1 no responder si es un asunto sobre el cual el Ayuntamiento no tiene competencias o si ya se ha presentado la misma pregunta en otra sesi\u00f3n plenaria de los \u00faltimos 6 meses.<\/span><\/li>\n<li><span style=\"color: #000000;\">Alcald\u00eda comunicar\u00e1, terminado el plazo m\u00e1ximo de presentaci\u00f3n de preguntas, a quien vayan dirigidas las preguntas o peticiones solicitadas para que las pueda responder<\/span><\/li>\n<li><span style=\"color: #000000;\">Alcald\u00eda leer\u00e1 la pregunta en voz alta<\/span><\/li>\n<li><span style=\"color: #000000;\">Alcald\u00eda o a quien vaya dirigida la pregunta, la responder\u00e1 en la misma sesi\u00f3n del Pleno<\/span><\/li>\n<li><span style=\"color: #000000;\">El p\u00fablico asistente a las sesiones no podr\u00e1 efectuar manifestaciones de agrado o desagrado. Tampoco se podr\u00e1n proferir comentarios que afecten el normal desarrollo de la sesi\u00f3n.<\/span><\/li>\n<\/ul>\n","protected":false},"excerpt":{"rendered":"<p>El proper dilluns 18 de mar\u00e7, a les 19h, tindr\u00e0 lloc un Ple Ordinari a l\u2019Ajuntament de la Bisbal del Pened\u00e8s amb el seg\u00fcent: ORDRE DEL DIA Aprovaci\u00f3 de l\u2019acta &hellip; <a href=\"https:\/\/bisbalpenedes.com\/web\/2019\/03\/14\/el-proper-ple-ordinari-tindra-lloc-el-dilluns-18-de-marc-a-les-19h\/\" class=\"more-link\">Read More<\/a><\/p>\n","protected":false},"author":4,"featured_media":8198,"comment_status":"closed","ping_status":"closed","sticky":false,"template":"","format":"standard","meta":[],"categories":[2250],"tags":[2875,1073,249,515,2877,2876],"_links":{"self":[{"href":"https:\/\/bisbalpenedes.com\/web\/wp-json\/wp\/v2\/posts\/9055"}],"collection":[{"href":"https:\/\/bisbalpenedes.com\/web\/wp-json\/wp\/v2\/posts"}],"about":[{"href":"https:\/\/bisbalpenedes.com\/web\/wp-json\/wp\/v2\/types\/post"}],"author":[{"embeddable":true,"href":"https:\/\/bisbalpenedes.com\/web\/wp-json\/wp\/v2\/users\/4"}],"replies":[{"embeddable":true,"href":"https:\/\/bisbalpenedes.com\/web\/wp-json\/wp\/v2\/comments?post=9055"}],"version-history":[{"count":4,"href":"https:\/\/bisbalpenedes.com\/web\/wp-json\/wp\/v2\/posts\/9055\/revisions"}],"predecessor-version":[{"id":9059,"href":"https:\/\/bisbalpenedes.com\/web\/wp-json\/wp\/v2\/posts\/9055\/revisions\/9059"}],"wp:featuredmedia":[{"embeddable":true,"href":"https:\/\/bisbalpenedes.com\/web\/wp-json\/wp\/v2\/media\/8198"}],"wp:attachment":[{"href":"https:\/\/bisbalpenedes.com\/web\/wp-json\/wp\/v2\/media?parent=9055"}],"wp:term":[{"taxonomy":"category","embeddable":true,"href":"https:\/\/bisbalpenedes.com\/web\/wp-json\/wp\/v2\/categories?post=9055"},{"taxonomy":"post_tag","embeddable":true,"href":"https:\/\/bisbalpenedes.com\/web\/wp-json\/wp\/v2\/tags?post=9055"}],"curies":[{"name":"wp","href":"https:\/\/api.w.org\/{rel}","templated":true}]}}