{"id":9052,"date":"2019-03-13T15:02:41","date_gmt":"2019-03-13T14:02:41","guid":{"rendered":"http:\/\/bisbalpenedes.com\/web\/?p=9052"},"modified":"2019-03-13T15:18:34","modified_gmt":"2019-03-13T14:18:34","slug":"exposicio-del-cens-electoral-per-a-les-eleccions-a-les-corts-generals-2019","status":"publish","type":"post","link":"https:\/\/bisbalpenedes.com\/web\/2019\/03\/13\/exposicio-del-cens-electoral-per-a-les-eleccions-a-les-corts-generals-2019\/","title":{"rendered":"Exposici\u00f3 del cens electoral per a les eleccions a les Corts Generals 2019"},"content":{"rendered":"<h1 style=\"text-align: center;\"><span style=\"text-decoration: underline; color: #000000;\">BAN<\/span><\/h1>\n<p><span style=\"color: #000000;\">S&#8217;informa la ciutadania que, fins al 18 de mar\u00e7, es podran consultar les llistes electorals vigents per a les pr\u00f2ximes Eleccions a les Corts Generals 2019, que se celebraran el diumenge 28 d&#8217;abril.<\/span><\/p>\n<p><span style=\"color: #000000;\">La consulta es realitzar\u00e0 personalment a les oficines municipals.<\/span><\/p>\n<p><span style=\"color: #000000;\">Fins al dia 18 de mar\u00e7 es poden presentar reclamacions sobre les dades censals, directament a les delegacions provincials de l&#8217;Oficina del Cens electoral o a trav\u00e9s d&#8217;aquest Ajuntament.<\/span><\/p>\n<p>&nbsp;<\/p>\n<p style=\"text-align: right;\"><span style=\"color: #000000;\">Agn\u00e8s Ferr\u00e9 Ca\u00f1ellas<\/span><\/p>\n<p style=\"text-align: right;\"><span style=\"color: #000000;\">Alcaldessa de la Bisbal del Pened\u00e8s<\/span><\/p>\n<hr \/>\n<h1 style=\"text-align: center;\"><span style=\"text-decoration: underline; color: #000000;\">BANDO<\/span><\/h1>\n<p style=\"text-align: left;\"><span style=\"color: #000000;\">Se informa a la ciudadan\u00eda que, hasta el 18 de marzo, se podr\u00e1n consultar las listas electorales vigentes para las pr\u00f3ximas Elecciones a las Cortes Generales 2019, que se celebrar\u00e1n el domingo 28 de abril.<\/span><\/p>\n<p style=\"text-align: left;\"><span style=\"color: #000000;\">La consulta se realizar\u00e1 personalmente en las oficinas municipales.<\/span><\/p>\n<p style=\"text-align: left;\"><span style=\"color: #000000;\">Hasta el d\u00eda 18 de marzo se pueden presentar reclamaciones sobre los datos censales, directamente en las delegaciones provinciales de la Oficina del Censo electoral o a trav\u00e9s de este Ayuntamiento.<\/span><\/p>\n<p style=\"text-align: right;\"><span style=\"color: #000000;\">Agn\u00e8s Ferr\u00e9 Ca\u00f1ellas<\/span><\/p>\n<p style=\"text-align: right;\"><span style=\"color: #000000;\">Alcaldesa de la Bisbal del Pened\u00e8s<\/span><\/p>\n","protected":false},"excerpt":{"rendered":"<p>BAN S&#8217;informa la ciutadania que, fins al 18 de mar\u00e7, es podran consultar les llistes electorals vigents per a les pr\u00f2ximes Eleccions a les Corts Generals 2019, que se celebraran &hellip; <a href=\"https:\/\/bisbalpenedes.com\/web\/2019\/03\/13\/exposicio-del-cens-electoral-per-a-les-eleccions-a-les-corts-generals-2019\/\" class=\"more-link\">Read More<\/a><\/p>\n","protected":false},"author":4,"featured_media":7089,"comment_status":"closed","ping_status":"closed","sticky":false,"template":"","format":"standard","meta":[],"categories":[2057],"tags":[2873,892,2874],"_links":{"self":[{"href":"https:\/\/bisbalpenedes.com\/web\/wp-json\/wp\/v2\/posts\/9052"}],"collection":[{"href":"https:\/\/bisbalpenedes.com\/web\/wp-json\/wp\/v2\/posts"}],"about":[{"href":"https:\/\/bisbalpenedes.com\/web\/wp-json\/wp\/v2\/types\/post"}],"author":[{"embeddable":true,"href":"https:\/\/bisbalpenedes.com\/web\/wp-json\/wp\/v2\/users\/4"}],"replies":[{"embeddable":true,"href":"https:\/\/bisbalpenedes.com\/web\/wp-json\/wp\/v2\/comments?post=9052"}],"version-history":[{"count":2,"href":"https:\/\/bisbalpenedes.com\/web\/wp-json\/wp\/v2\/posts\/9052\/revisions"}],"predecessor-version":[{"id":9054,"href":"https:\/\/bisbalpenedes.com\/web\/wp-json\/wp\/v2\/posts\/9052\/revisions\/9054"}],"wp:featuredmedia":[{"embeddable":true,"href":"https:\/\/bisbalpenedes.com\/web\/wp-json\/wp\/v2\/media\/7089"}],"wp:attachment":[{"href":"https:\/\/bisbalpenedes.com\/web\/wp-json\/wp\/v2\/media?parent=9052"}],"wp:term":[{"taxonomy":"category","embeddable":true,"href":"https:\/\/bisbalpenedes.com\/web\/wp-json\/wp\/v2\/categories?post=9052"},{"taxonomy":"post_tag","embeddable":true,"href":"https:\/\/bisbalpenedes.com\/web\/wp-json\/wp\/v2\/tags?post=9052"}],"curies":[{"name":"wp","href":"https:\/\/api.w.org\/{rel}","templated":true}]}}