{"id":9044,"date":"2019-03-13T14:16:43","date_gmt":"2019-03-13T13:16:43","guid":{"rendered":"http:\/\/bisbalpenedes.com\/web\/?p=9044"},"modified":"2019-03-13T14:26:58","modified_gmt":"2019-03-13T13:26:58","slug":"9044","status":"publish","type":"post","link":"https:\/\/bisbalpenedes.com\/web\/2019\/03\/13\/9044\/","title":{"rendered":"El diumenge 31 de mar\u00e7 a les 18h gaudiu de la pel\u00b7l\u00edcula &#8216;Entre dos aguas&#8217; al CMC"},"content":{"rendered":"<p><span style=\"color: #000000;\"><a style=\"color: #000000;\" href=\"http:\/\/bisbalpenedes.com\/web\/wp-content\/uploads\/2019\/03\/VISUAL_A3_ENTRE_2_AGUAS_LA_BISBAL_PENEDES.jpg\"><img loading=\"lazy\" class=\"aligncenter size-large wp-image-9045\" src=\"http:\/\/bisbalpenedes.com\/web\/wp-content\/uploads\/2019\/03\/VISUAL_A3_ENTRE_2_AGUAS_LA_BISBAL_PENEDES-728x1024.jpg\" alt=\"VISUAL_A3_ENTRE_2_AGUAS_LA_BISBAL_PENEDES\" width=\"630\" height=\"886\" srcset=\"https:\/\/bisbalpenedes.com\/web\/wp-content\/uploads\/2019\/03\/VISUAL_A3_ENTRE_2_AGUAS_LA_BISBAL_PENEDES-728x1024.jpg 728w, https:\/\/bisbalpenedes.com\/web\/wp-content\/uploads\/2019\/03\/VISUAL_A3_ENTRE_2_AGUAS_LA_BISBAL_PENEDES-600x843.jpg 600w, https:\/\/bisbalpenedes.com\/web\/wp-content\/uploads\/2019\/03\/VISUAL_A3_ENTRE_2_AGUAS_LA_BISBAL_PENEDES-213x300.jpg 213w, https:\/\/bisbalpenedes.com\/web\/wp-content\/uploads\/2019\/03\/VISUAL_A3_ENTRE_2_AGUAS_LA_BISBAL_PENEDES-768x1080.jpg 768w, https:\/\/bisbalpenedes.com\/web\/wp-content\/uploads\/2019\/03\/VISUAL_A3_ENTRE_2_AGUAS_LA_BISBAL_PENEDES.jpg 1146w\" sizes=\"(max-width: 630px) 100vw, 630px\" \/><\/a><\/span><\/p>\n<p><span style=\"color: #000000;\">El proper diumenge 31 de mar\u00e7, a les 18h, podreu gaudir de la pel\u00b7l\u00edcula &#8220;Entre dos aguas&#8221; d&#8217;Isaki Lacuesta, guardonada als XI Premis Gaud\u00ed en les categories de: Millor pel\u00b7l\u00edcula en llengua no catalana, millor direcci\u00f3 (Isaki Lacuesta), Millor protagonista mascul\u00ed (Israel G\u00f3mez Romero), Millor muntatge (Sergi Dies), Millor m\u00fasica original (Kiko Veneno i Ra\u00fcl Refree), millor fotografia (Diego Dussuel) i millor so (Alejandro Castillo i Amanda Villavieja). La projecci\u00f3 tindr\u00e0 lloc a l&#8217;auditori Salb\u00e0 del CMC.<\/span><\/p>\n<p style=\"text-align: center;\"><span style=\"color: #000000;\">Podeu consultar la fitxa t\u00e8cnica i la sinopsi de la pel\u00b7l\u00edcula, aqu\u00ed:\u00a0<a style=\"color: #000000;\" href=\"https:\/\/www.ciclegaudi.cat\/cartellera\/entre-dos-aguas\/\" target=\"_blank\">https:\/\/www.ciclegaudi.cat\/cartellera\/entre-dos-aguas\/<\/a><\/span><br \/>\n<iframe loading=\"lazy\" src=\"https:\/\/www.youtube.com\/embed\/FtQ4DnB5iAM\" width=\"560\" height=\"315\" frameborder=\"0\" allowfullscreen=\"allowfullscreen\"><\/iframe><\/p>\n<p><span style=\"color: #000000;\">El preu general de l\u2019entrada \u00e9s de 4,5\u20ac i s\u2019ofereix un preu redu\u00eft de 3\u20ac presentant el carnet de la Biblioteca Municipal de La Bisbal.<\/span><\/p>\n<p><span style=\"color: #000000;\">Quant a la recaptaci\u00f3, aquesta es destinar\u00e0 a l\u2019entitat del poble que s\u2019encarregui de gestionar la taquilla en cadascuna de les projeccions, en aquest cas els Geganters i Grallers de la Societat.<\/span><\/p>\n<hr \/>\n<p>&nbsp;<\/p>\n<p><span style=\"color: #000000;\"><strong>CASTELLANO |<\/strong> El pr\u00f3ximo domingo 31 de marzo, a las 18h, podr\u00e9is disfrutar de la pel\u00edcula &#8220;Entre dos aguas&#8221; de Isaki Lacuesta, galardonada en los XI Premis Gaud\u00ed en las categor\u00edas de: Mejor pel\u00edcula en lengua no catalana, mejor direcci\u00f3n (Isaki Lacuesta), Mejor protagonista masculino (Israel G\u00f3mez Romero), Mejor montaje (Sergi Dies), Mejor m\u00fasica original (Kiko Veneno y Ra\u00fcl Refree), mejor fotograf\u00eda (Diego Dussuel) y mejor sonido (Alejandro Castillo y Amanda Villavieja). La proyecci\u00f3n tendr\u00e1 lugar en el auditorio Salb\u00e0 del CMC.<\/span><\/p>\n<p style=\"text-align: center;\"><span style=\"color: #000000;\">Pod\u00e9is consultar la ficha t\u00e9cnica y la sinopsis de la pel\u00edcula, aqu\u00ed:\u00a0<a style=\"color: #000000;\" href=\"https:\/\/www.ciclegaudi.cat\/cartellera\/entre-dos-aguas\/\" target=\"_blank\">https:\/\/www.ciclegaudi.cat\/cartellera\/entre-dos-aguas\/<\/a><\/span><br \/>\n<iframe loading=\"lazy\" src=\"https:\/\/www.youtube.com\/embed\/FtQ4DnB5iAM\" width=\"560\" height=\"315\" frameborder=\"0\" allowfullscreen=\"allowfullscreen\"><\/iframe><\/p>\n<p><span style=\"color: #000000;\">El precio general de la entrada es de 4,5\u20ac y se ofrece un precio reducido de 3\u20ac presentando el carn\u00e9 de la Biblioteca Municipal de la Bisbal.<\/span><\/p>\n<p><span style=\"color: #000000;\">En cuanto a la recaudaci\u00f3n, esta se destinar\u00e1 a la entidad del municipio que se encargue de gestionar la taquilla en cada una de las proyecciones, en este caso los Geganters i grallers de la Societat<\/span><\/p>\n<p>&nbsp;<\/p>\n<p>&nbsp;<\/p>\n<p>&nbsp;<\/p>\n<p>&nbsp;<\/p>\n","protected":false},"excerpt":{"rendered":"<p>El proper diumenge 31 de mar\u00e7, a les 18h, podreu gaudir de la pel\u00b7l\u00edcula &#8220;Entre dos aguas&#8221; d&#8217;Isaki Lacuesta, guardonada als XI Premis Gaud\u00ed en les categories de: Millor pel\u00b7l\u00edcula &hellip; <a href=\"https:\/\/bisbalpenedes.com\/web\/2019\/03\/13\/9044\/\" class=\"more-link\">Read More<\/a><\/p>\n","protected":false},"author":4,"featured_media":9045,"comment_status":"closed","ping_status":"closed","sticky":false,"template":"","format":"standard","meta":[],"categories":[8],"tags":[308,307,226,2872,2181,2871,771],"_links":{"self":[{"href":"https:\/\/bisbalpenedes.com\/web\/wp-json\/wp\/v2\/posts\/9044"}],"collection":[{"href":"https:\/\/bisbalpenedes.com\/web\/wp-json\/wp\/v2\/posts"}],"about":[{"href":"https:\/\/bisbalpenedes.com\/web\/wp-json\/wp\/v2\/types\/post"}],"author":[{"embeddable":true,"href":"https:\/\/bisbalpenedes.com\/web\/wp-json\/wp\/v2\/users\/4"}],"replies":[{"embeddable":true,"href":"https:\/\/bisbalpenedes.com\/web\/wp-json\/wp\/v2\/comments?post=9044"}],"version-history":[{"count":6,"href":"https:\/\/bisbalpenedes.com\/web\/wp-json\/wp\/v2\/posts\/9044\/revisions"}],"predecessor-version":[{"id":9051,"href":"https:\/\/bisbalpenedes.com\/web\/wp-json\/wp\/v2\/posts\/9044\/revisions\/9051"}],"wp:featuredmedia":[{"embeddable":true,"href":"https:\/\/bisbalpenedes.com\/web\/wp-json\/wp\/v2\/media\/9045"}],"wp:attachment":[{"href":"https:\/\/bisbalpenedes.com\/web\/wp-json\/wp\/v2\/media?parent=9044"}],"wp:term":[{"taxonomy":"category","embeddable":true,"href":"https:\/\/bisbalpenedes.com\/web\/wp-json\/wp\/v2\/categories?post=9044"},{"taxonomy":"post_tag","embeddable":true,"href":"https:\/\/bisbalpenedes.com\/web\/wp-json\/wp\/v2\/tags?post=9044"}],"curies":[{"name":"wp","href":"https:\/\/api.w.org\/{rel}","templated":true}]}}