{"id":9041,"date":"2019-03-13T12:50:56","date_gmt":"2019-03-13T11:50:56","guid":{"rendered":"http:\/\/bisbalpenedes.com\/web\/?p=9041"},"modified":"2019-03-13T12:50:56","modified_gmt":"2019-03-13T11:50:56","slug":"lassociacio-de-jubilats-organitza-una-excursio-a-fuentespalda-per-al-dimecres-3-dabril","status":"publish","type":"post","link":"https:\/\/bisbalpenedes.com\/web\/2019\/03\/13\/lassociacio-de-jubilats-organitza-una-excursio-a-fuentespalda-per-al-dimecres-3-dabril\/","title":{"rendered":"L&#8217;Associaci\u00f3 de Jubilats organitza una excursi\u00f3 a Fuentespalda per al dimecres 3 d&#8217;abril"},"content":{"rendered":"<p><span style=\"color: #000000;\">L&#8217;Associaci\u00f3 de Jubilats de la Bisbal del Pened\u00e8s ha organitzat una sortida a Fuentespalda (Teruel) per participar en el dinar de la matan\u00e7a del porc.\u00a0<\/span><\/p>\n<p><span style=\"color: #000000;\">L&#8217;excursi\u00f3 tindr\u00e0 lloc el dimecres 3 d&#8217;abril i se sortir\u00e0, en autob\u00fas, des del Rac\u00f3 de la Gent Gran, a les 7.30h. Per a m\u00e9s informaci\u00f3 us podeu adre\u00e7ar al Rac\u00f3 de la Gent Gran.<\/span><\/p>\n<hr \/>\n<p><span style=\"color: #000000;\"><strong>CASTELLANO |<\/strong> La Associaci\u00f3 de Jubilats de la Bisbal del Pened\u00e8s ha organizado una salida a Fuentespalda (Teruel) para participar en la comida de la matanza del cerdo.<\/span><\/p>\n<p><span style=\"color: #000000;\">La excursi\u00f3n se realizar\u00e1 el mi\u00e9rcoles 3 de abril y se saldr\u00e1, en autob\u00fas, desde el Rac\u00f3 de la Gent Gran, a las 7.30h. Para m\u00e1s informaci\u00f3n os pod\u00e9is dirigir al Rac\u00f3 de la Gent Gran.<\/span><\/p>\n<p><a href=\"http:\/\/bisbalpenedes.com\/web\/wp-content\/uploads\/2019\/03\/excursio-matarrana.jpg\"><img loading=\"lazy\" class=\"aligncenter size-large wp-image-9042\" src=\"http:\/\/bisbalpenedes.com\/web\/wp-content\/uploads\/2019\/03\/excursio-matarrana-724x1024.jpg\" alt=\"excursio-matarrana\" width=\"630\" height=\"891\" srcset=\"https:\/\/bisbalpenedes.com\/web\/wp-content\/uploads\/2019\/03\/excursio-matarrana-724x1024.jpg 724w, https:\/\/bisbalpenedes.com\/web\/wp-content\/uploads\/2019\/03\/excursio-matarrana-600x848.jpg 600w, https:\/\/bisbalpenedes.com\/web\/wp-content\/uploads\/2019\/03\/excursio-matarrana-212x300.jpg 212w, https:\/\/bisbalpenedes.com\/web\/wp-content\/uploads\/2019\/03\/excursio-matarrana-768x1086.jpg 768w, https:\/\/bisbalpenedes.com\/web\/wp-content\/uploads\/2019\/03\/excursio-matarrana.jpg 827w\" sizes=\"(max-width: 630px) 100vw, 630px\" \/><\/a><\/p>\n","protected":false},"excerpt":{"rendered":"<p>L&#8217;Associaci\u00f3 de Jubilats de la Bisbal del Pened\u00e8s ha organitzat una sortida a Fuentespalda (Teruel) per participar en el dinar de la matan\u00e7a del porc.\u00a0 L&#8217;excursi\u00f3 tindr\u00e0 lloc el dimecres &hellip; <a href=\"https:\/\/bisbalpenedes.com\/web\/2019\/03\/13\/lassociacio-de-jubilats-organitza-una-excursio-a-fuentespalda-per-al-dimecres-3-dabril\/\" class=\"more-link\">Read More<\/a><\/p>\n","protected":false},"author":4,"featured_media":9042,"comment_status":"closed","ping_status":"closed","sticky":false,"template":"","format":"standard","meta":[],"categories":[20],"tags":[2869,565,2870,2115],"_links":{"self":[{"href":"https:\/\/bisbalpenedes.com\/web\/wp-json\/wp\/v2\/posts\/9041"}],"collection":[{"href":"https:\/\/bisbalpenedes.com\/web\/wp-json\/wp\/v2\/posts"}],"about":[{"href":"https:\/\/bisbalpenedes.com\/web\/wp-json\/wp\/v2\/types\/post"}],"author":[{"embeddable":true,"href":"https:\/\/bisbalpenedes.com\/web\/wp-json\/wp\/v2\/users\/4"}],"replies":[{"embeddable":true,"href":"https:\/\/bisbalpenedes.com\/web\/wp-json\/wp\/v2\/comments?post=9041"}],"version-history":[{"count":1,"href":"https:\/\/bisbalpenedes.com\/web\/wp-json\/wp\/v2\/posts\/9041\/revisions"}],"predecessor-version":[{"id":9043,"href":"https:\/\/bisbalpenedes.com\/web\/wp-json\/wp\/v2\/posts\/9041\/revisions\/9043"}],"wp:featuredmedia":[{"embeddable":true,"href":"https:\/\/bisbalpenedes.com\/web\/wp-json\/wp\/v2\/media\/9042"}],"wp:attachment":[{"href":"https:\/\/bisbalpenedes.com\/web\/wp-json\/wp\/v2\/media?parent=9041"}],"wp:term":[{"taxonomy":"category","embeddable":true,"href":"https:\/\/bisbalpenedes.com\/web\/wp-json\/wp\/v2\/categories?post=9041"},{"taxonomy":"post_tag","embeddable":true,"href":"https:\/\/bisbalpenedes.com\/web\/wp-json\/wp\/v2\/tags?post=9041"}],"curies":[{"name":"wp","href":"https:\/\/api.w.org\/{rel}","templated":true}]}}