{"id":9034,"date":"2019-03-13T12:39:48","date_gmt":"2019-03-13T11:39:48","guid":{"rendered":"http:\/\/bisbalpenedes.com\/web\/?p=9034"},"modified":"2019-03-13T12:41:18","modified_gmt":"2019-03-13T11:41:18","slug":"lajuntament-de-la-bisbal-i-aqualia-creen-un-fons-social-per-a-les-families-sense-recursos","status":"publish","type":"post","link":"https:\/\/bisbalpenedes.com\/web\/2019\/03\/13\/lajuntament-de-la-bisbal-i-aqualia-creen-un-fons-social-per-a-les-families-sense-recursos\/","title":{"rendered":"L\u2019Ajuntament de la Bisbal i Aqualia creen un Fons Social per a les fam\u00edlies amb dificultats econ\u00f2miques"},"content":{"rendered":"<p><a href=\"http:\/\/bisbalpenedes.com\/web\/wp-content\/uploads\/2019\/03\/LA-BISBAL-DES-DE-LES-VINYES.jpg\"><img loading=\"lazy\" class=\"aligncenter size-medium wp-image-9035\" src=\"http:\/\/bisbalpenedes.com\/web\/wp-content\/uploads\/2019\/03\/LA-BISBAL-DES-DE-LES-VINYES-300x200.jpg\" alt=\"LA BISBAL DES DE LES VINYES\" width=\"300\" height=\"200\" srcset=\"https:\/\/bisbalpenedes.com\/web\/wp-content\/uploads\/2019\/03\/LA-BISBAL-DES-DE-LES-VINYES-300x200.jpg 300w, https:\/\/bisbalpenedes.com\/web\/wp-content\/uploads\/2019\/03\/LA-BISBAL-DES-DE-LES-VINYES-600x400.jpg 600w, https:\/\/bisbalpenedes.com\/web\/wp-content\/uploads\/2019\/03\/LA-BISBAL-DES-DE-LES-VINYES-768x512.jpg 768w, https:\/\/bisbalpenedes.com\/web\/wp-content\/uploads\/2019\/03\/LA-BISBAL-DES-DE-LES-VINYES-1024x683.jpg 1024w\" sizes=\"(max-width: 300px) 100vw, 300px\" \/><\/a><\/p>\n<p><span style=\"color: #000000;\">L\u2019Ajuntament de la Bisbal del Pened\u00e8s i Aqualia, l\u2019empresa que gestiona el Servei Municipal d\u2019Aig\u00fces, han signat un conveni per crear un Fons de Solidaritat per garantir l\u2019acc\u00e9s a l\u2019aigua potable a tota la ciutadania i, aix\u00ed, complir la normativa en mat\u00e8ria de pobresa energ\u00e8tica. Aquesta mesura pret\u00e9n donar cobertura econ\u00f2mica i evitar el tall del subministrament d\u2019aigua potable a les persones amb pocs recursos del municipi. La dotaci\u00f3 anual d\u2019aquest Fons Social \u00e9s de 3.500\u20ac i ser\u00e0 assumida per Aqualia, a fons perdut.<\/span><\/p>\n<p style=\"text-align: justify;\"><span style=\"color: #000000;\">L\u2019alcaldessa de la Bisbal, Agn\u00e8s Ferr\u00e9, ha explicat que \u201chem signat aquest conveni amb Aqualia, amb qui hem creat un Fons Social per garantir ajuts o descomptes per a aquelles persones i unitats familiars que es troben en situacions econ\u00f2miques dif\u00edcils, ja que tal com estableix la llei, <em>l<\/em><em>es administracions p\u00fabliques han de garantir el dret d\u2019acc\u00e9s als subministraments b\u00e0sics d\u2019aigua potable, de gas i d\u2019electricitat a les persones i unitats familiars en situaci\u00f3 de risc d\u2019exclusi\u00f3 residencial<\/em>\u201d<\/span><\/p>\n<p style=\"text-align: justify;\"><span style=\"color: #000000;\">Per la seva banda, el delegat de Lleida i Tarragona d\u2019Aqualia, Francesc Quintill\u00e0, ha manifestat que \u201cl\u2019aigua \u00e9s un b\u00e9 b\u00e0sic de primera necessitat i, per tant, un dret hum\u00e0 que tothom ha de tenir garantit. Per aix\u00f2, des d\u2019Aqualia proposem mecanismes que permetin continuar prestant el servei a les persones necessitades, assegurant aix\u00ed que ning\u00fa es pugui veure privat d\u2019aquest b\u00e9 per motius econ\u00f2mics\u201d.<\/span><\/p>\n<p style=\"text-align: justify;\"><span style=\"color: #000000;\">Ara ambdues parts consensuaran un protocol d\u2019aplicaci\u00f3 per definir qui es podr\u00e0 beneficiar d\u2019aquests ajuts i com gestionar el Fons Social.<\/span><\/p>\n<hr \/>\n<p style=\"text-align: justify;\"><span style=\"color: #000000;\"><strong>CASTELLANO |<\/strong> El Ayuntamiento de la Bisbal del Pened\u00e8s y Aqualia, la empresa que gestiona el Servicio Municipal de Aguas, han firmado un convenio para crear un Fondo de Solidaridad para garantizar el acceso al agua potable de toda la ciudadan\u00eda y, as\u00ed, cumplir la normativa en materia de pobreza energ\u00e9tica. Esta medida pretende dar cobertura econ\u00f3mica y evitar el corte de suministro de agua potable a las personas con pocos recursos del municipio. La dotaci\u00f3n anual de este Fondo Social es de 3.500\u20ac y ser\u00e1 asumida por Aqualia a fondo perdido.<\/span><\/p>\n<p style=\"text-align: justify;\"><span style=\"color: #000000;\">La alcaldesa de la Bisbal, Agn\u00e8s Ferr\u00e9, ha explicado que &#8220;hemos firmado este convenio con Aqualia, con qui\u00e9n hemos creado un Fondo Social para garantizar ayudas o descuentos para aquellas personas y unidades familiares que se encuentran en situaciones econ\u00f3micas dif\u00edciles, ya que tal como establece la ley, <em>las administraciones p\u00fablicas deben garantizar el derecho al acceso a los suministros b\u00e1sicos de agua potable, de gas y de electricidad a las personas y unidades familiares en situaci\u00f3n de riesgo de exclusi\u00f3n residencial&#8221;.<\/em><\/span><\/p>\n<p style=\"text-align: justify;\"><span style=\"color: #000000;\">Por su parte, el delegado de Lleida y Tarragona de Aqualia, Francesc Quintill\u00e0, ha manifestado que &#8220;el agua es un bien b\u00e1sico de primera necesidad y, por lo tanto, un derecho humano que todo el mundo debe tener garantizado. Por eso, desde Aqualia proponemos mecanismos que permitan continuar prestando el servicio a las personas necesitadas, asegurando as\u00ed que nadie se pueda ver privado de este bien por motivos econ\u00f3micos&#8221;.<\/span><\/p>\n<p style=\"text-align: justify;\"><span style=\"color: #000000;\"><span style=\"color: #000000;\">Ahora ambas partes consensuaran un protocolo de aplicaci\u00f3n para definir qui\u00e9n se podr\u00e1 beneficiar de estas ayudas y c\u00f3mo gestionar el Fondo Social.<\/span><\/span><\/p>\n<p style=\"text-align: justify;\"><span style=\"color: #000000;\"><strong><u>\u00a0<\/u><\/strong><\/span><\/p>\n","protected":false},"excerpt":{"rendered":"<p>L\u2019Ajuntament de la Bisbal del Pened\u00e8s i Aqualia, l\u2019empresa que gestiona el Servei Municipal d\u2019Aig\u00fces, han signat un conveni per crear un Fons de Solidaritat per garantir l\u2019acc\u00e9s a l\u2019aigua &hellip; <a href=\"https:\/\/bisbalpenedes.com\/web\/2019\/03\/13\/lajuntament-de-la-bisbal-i-aqualia-creen-un-fons-social-per-a-les-families-sense-recursos\/\" class=\"more-link\">Read More<\/a><\/p>\n","protected":false},"author":4,"featured_media":9035,"comment_status":"closed","ping_status":"closed","sticky":false,"template":"","format":"standard","meta":[],"categories":[17],"tags":[649,2696,2868,1173,268],"_links":{"self":[{"href":"https:\/\/bisbalpenedes.com\/web\/wp-json\/wp\/v2\/posts\/9034"}],"collection":[{"href":"https:\/\/bisbalpenedes.com\/web\/wp-json\/wp\/v2\/posts"}],"about":[{"href":"https:\/\/bisbalpenedes.com\/web\/wp-json\/wp\/v2\/types\/post"}],"author":[{"embeddable":true,"href":"https:\/\/bisbalpenedes.com\/web\/wp-json\/wp\/v2\/users\/4"}],"replies":[{"embeddable":true,"href":"https:\/\/bisbalpenedes.com\/web\/wp-json\/wp\/v2\/comments?post=9034"}],"version-history":[{"count":5,"href":"https:\/\/bisbalpenedes.com\/web\/wp-json\/wp\/v2\/posts\/9034\/revisions"}],"predecessor-version":[{"id":9040,"href":"https:\/\/bisbalpenedes.com\/web\/wp-json\/wp\/v2\/posts\/9034\/revisions\/9040"}],"wp:featuredmedia":[{"embeddable":true,"href":"https:\/\/bisbalpenedes.com\/web\/wp-json\/wp\/v2\/media\/9035"}],"wp:attachment":[{"href":"https:\/\/bisbalpenedes.com\/web\/wp-json\/wp\/v2\/media?parent=9034"}],"wp:term":[{"taxonomy":"category","embeddable":true,"href":"https:\/\/bisbalpenedes.com\/web\/wp-json\/wp\/v2\/categories?post=9034"},{"taxonomy":"post_tag","embeddable":true,"href":"https:\/\/bisbalpenedes.com\/web\/wp-json\/wp\/v2\/tags?post=9034"}],"curies":[{"name":"wp","href":"https:\/\/api.w.org\/{rel}","templated":true}]}}