{"id":9026,"date":"2019-03-12T21:20:30","date_gmt":"2019-03-12T20:20:30","guid":{"rendered":"http:\/\/bisbalpenedes.com\/web\/?p=9026"},"modified":"2019-03-12T21:21:45","modified_gmt":"2019-03-12T20:21:45","slug":"la-brigada-municipal-estrena-un-nou-vehicle","status":"publish","type":"post","link":"https:\/\/bisbalpenedes.com\/web\/2019\/03\/12\/la-brigada-municipal-estrena-un-nou-vehicle\/","title":{"rendered":"La brigada municipal estrena un nou vehicle"},"content":{"rendered":"<p style=\"text-align: justify;\"><a href=\"http:\/\/bisbalpenedes.com\/web\/wp-content\/uploads\/2019\/03\/DSC03498.jpg\"><img loading=\"lazy\" class=\"aligncenter size-large wp-image-9027\" src=\"http:\/\/bisbalpenedes.com\/web\/wp-content\/uploads\/2019\/03\/DSC03498-1024x768.jpg\" alt=\"furgoneta renting\" width=\"630\" height=\"473\" srcset=\"https:\/\/bisbalpenedes.com\/web\/wp-content\/uploads\/2019\/03\/DSC03498-1024x768.jpg 1024w, https:\/\/bisbalpenedes.com\/web\/wp-content\/uploads\/2019\/03\/DSC03498-600x450.jpg 600w, https:\/\/bisbalpenedes.com\/web\/wp-content\/uploads\/2019\/03\/DSC03498-300x225.jpg 300w, https:\/\/bisbalpenedes.com\/web\/wp-content\/uploads\/2019\/03\/DSC03498-768x576.jpg 768w\" sizes=\"(max-width: 630px) 100vw, 630px\" \/><\/a><\/p>\n<p style=\"text-align: justify;\"><span style=\"color: #000000;\">La brigada municipal va estrenar un nou vehicle la setmana passada. Es tracta d&#8217;una furgoneta Nissan adquirida mitjan\u00e7ant r\u00e8nting per 426,81\u20ac.<\/span><\/p>\n<p style=\"text-align: justify;\"><span style=\"color: #000000;\">Tal com vam informar el passat <a style=\"color: #000000;\" href=\"http:\/\/bisbalpenedes.com\/web\/2019\/02\/26\/servei-d-informacio-nou-vehicle\/\" target=\"_blank\">26 de febrer<\/a>,\u00a0tant aquest vehicle com el nou vehicle del Servei d&#8217;Informaci\u00f3 i Inspecci\u00f3 municipal\u00a0s&#8217;han adquirit mitjan\u00e7ant r\u00e8nting a trav\u00e9s de la central de Compres de l&#8217;Associaci\u00f3 Catalana de Municipis, despr\u00e9s que ambdues operacions s&#8217;aprovessin per Junta de Govern en el darrer trimestre de l&#8217;any 2018.<\/span><\/p>\n<hr \/>\n<p style=\"text-align: justify;\"><span style=\"color: #000000;\"><strong>CASTELLANO |<\/strong> La brigada municipal estren\u00f3 un nuevo veh\u00edculo la semana pasada. Se trata de una furgoneta Nissan adquirida mediante renting por 426,82\u20ac.<\/span><\/p>\n<p style=\"text-align: justify;\"><span style=\"color: #000000;\">Tal y como informamos el pasado <a href=\"http:\/\/bisbalpenedes.com\/web\/2019\/02\/26\/servei-d-informacio-nou-vehicle\/\" target=\"_blank\">26 de febrero<\/a>, tanto este veh\u00edculo como el nuevo veh\u00edculo del Servicio de Informaci\u00f3n e Inspecci\u00f3n municipal se han adquirido mediante renting a trav\u00e9s de la central de Compras de la Associaci\u00f3 Catalana de Municipis, despu\u00e9s de que ambas operaciones se aprobaran por Junta de Gobierno en el \u00faltimo trimestre del a\u00f1o 2018.<\/span><\/p>\n<p>&nbsp;<\/p>\n","protected":false},"excerpt":{"rendered":"<p>La brigada municipal va estrenar un nou vehicle la setmana passada. Es tracta d&#8217;una furgoneta Nissan adquirida mitjan\u00e7ant r\u00e8nting per 426,81\u20ac. Tal com vam informar el passat 26 de febrer,\u00a0tant &hellip; <a href=\"https:\/\/bisbalpenedes.com\/web\/2019\/03\/12\/la-brigada-municipal-estrena-un-nou-vehicle\/\" class=\"more-link\">Read More<\/a><\/p>\n","protected":false},"author":4,"featured_media":9027,"comment_status":"closed","ping_status":"closed","sticky":false,"template":"","format":"standard","meta":[],"categories":[32,1377],"tags":[2462,2341,2526],"_links":{"self":[{"href":"https:\/\/bisbalpenedes.com\/web\/wp-json\/wp\/v2\/posts\/9026"}],"collection":[{"href":"https:\/\/bisbalpenedes.com\/web\/wp-json\/wp\/v2\/posts"}],"about":[{"href":"https:\/\/bisbalpenedes.com\/web\/wp-json\/wp\/v2\/types\/post"}],"author":[{"embeddable":true,"href":"https:\/\/bisbalpenedes.com\/web\/wp-json\/wp\/v2\/users\/4"}],"replies":[{"embeddable":true,"href":"https:\/\/bisbalpenedes.com\/web\/wp-json\/wp\/v2\/comments?post=9026"}],"version-history":[{"count":3,"href":"https:\/\/bisbalpenedes.com\/web\/wp-json\/wp\/v2\/posts\/9026\/revisions"}],"predecessor-version":[{"id":9033,"href":"https:\/\/bisbalpenedes.com\/web\/wp-json\/wp\/v2\/posts\/9026\/revisions\/9033"}],"wp:featuredmedia":[{"embeddable":true,"href":"https:\/\/bisbalpenedes.com\/web\/wp-json\/wp\/v2\/media\/9027"}],"wp:attachment":[{"href":"https:\/\/bisbalpenedes.com\/web\/wp-json\/wp\/v2\/media?parent=9026"}],"wp:term":[{"taxonomy":"category","embeddable":true,"href":"https:\/\/bisbalpenedes.com\/web\/wp-json\/wp\/v2\/categories?post=9026"},{"taxonomy":"post_tag","embeddable":true,"href":"https:\/\/bisbalpenedes.com\/web\/wp-json\/wp\/v2\/tags?post=9026"}],"curies":[{"name":"wp","href":"https:\/\/api.w.org\/{rel}","templated":true}]}}