{"id":9023,"date":"2019-03-12T21:13:04","date_gmt":"2019-03-12T20:13:04","guid":{"rendered":"http:\/\/bisbalpenedes.com\/web\/?p=9023"},"modified":"2019-03-12T21:21:00","modified_gmt":"2019-03-12T20:21:00","slug":"lajuntament-de-la-bisbal-del-penedes-ha-comencat-a-treballar-en-la-relacio-de-llocs-de-treball","status":"publish","type":"post","link":"https:\/\/bisbalpenedes.com\/web\/2019\/03\/12\/lajuntament-de-la-bisbal-del-penedes-ha-comencat-a-treballar-en-la-relacio-de-llocs-de-treball\/","title":{"rendered":"L\u2019Ajuntament de la Bisbal del Pened\u00e8s ha comen\u00e7at a treballar en la Relaci\u00f3 de Llocs de Treball"},"content":{"rendered":"<p style=\"text-align: justify;\"><a href=\"http:\/\/bisbalpenedes.com\/web\/wp-content\/uploads\/2019\/03\/RLT-IMATGE.jpg\"><img loading=\"lazy\" class=\"aligncenter size-medium wp-image-9029\" src=\"http:\/\/bisbalpenedes.com\/web\/wp-content\/uploads\/2019\/03\/RLT-IMATGE-300x225.jpg\" alt=\"RLT IMATGE\" width=\"300\" height=\"225\" srcset=\"https:\/\/bisbalpenedes.com\/web\/wp-content\/uploads\/2019\/03\/RLT-IMATGE-300x225.jpg 300w, https:\/\/bisbalpenedes.com\/web\/wp-content\/uploads\/2019\/03\/RLT-IMATGE-600x450.jpg 600w, https:\/\/bisbalpenedes.com\/web\/wp-content\/uploads\/2019\/03\/RLT-IMATGE-768x576.jpg 768w, https:\/\/bisbalpenedes.com\/web\/wp-content\/uploads\/2019\/03\/RLT-IMATGE-1024x768.jpg 1024w\" sizes=\"(max-width: 300px) 100vw, 300px\" \/><\/a><\/p>\n<p style=\"text-align: justify;\"><span style=\"color: #000000;\">L\u2019Ajuntament de la Bisbal del Pened\u00e8s ha comen\u00e7at a treballar en la creaci\u00f3 de la Relaci\u00f3 de Llocs de Treball (RLT) de l\u2019Ajuntament i, per aquest motiu, el passat divendres 8 de mar\u00e7 va tenir lloc una reuni\u00f3 informativa pr\u00e8via a la constituci\u00f3 de la mesa de negociaci\u00f3. Van prendre part d\u2019aquesta trobada diversos representants dels treballadors, la secret\u00e0ria de l\u2019ajuntament, l\u2019alcaldessa del municipi i personal de l\u2019empresa encarregada de dur a terme l\u2019assessorament i la redacci\u00f3 de la Relaci\u00f3 de Llocs de Treball. La reuni\u00f3 va servir per lliurar el primer document de treball- que inclou la mem\u00f2ria de la RLT de l\u2019Ajuntament, un organigrama i les fitxes de cadascun dels llocs de treball de l\u2019Ajuntament (els actuals i els que es podrien preveure de cara a un futur)-, consensuar la decisi\u00f3 de treballar tamb\u00e9 en un conveni per als treballadors funcionaris i laborals i fixar un calendari de reunions.<\/span><\/p>\n<p style=\"text-align: justify;\"><span style=\"color: #000000;\">En la propera reuni\u00f3 programada, que tindr\u00e0 lloc aquest mes de mar\u00e7, es constituir\u00e0 la mesa de negociaci\u00f3 i, a banda dels representants que han assistit a la reuni\u00f3 del 8 de mar\u00e7, tamb\u00e9 es comptar\u00e0 amb els representants dels sindicats UGT i CCOO.<\/span><\/p>\n<p style=\"text-align: justify;\"><span style=\"color: #000000;\">L\u2019alcaldessa de la Bisbal, Agn\u00e8s Ferr\u00e9, ha explicat que \u201cla intenci\u00f3 d\u2019alcaldia \u00e9s consensuar la proposta de la RLT i de conveni, de manera que sigui la que millor representi els treballadors actuals i la que millor reflecteixi les necessitats actuals i futures de l\u2019Ajuntament per poder oferir un bon servei a la ciutadania\u201d. Ferr\u00e9 ha afegit que \u201cl\u2019Ajuntament de la Bisbal no comptava amb aquest document i, per aquest motiu, ha comen\u00e7at a treballar en la seva confecci\u00f3, en comunicaci\u00f3 amb els treballadors de l\u2019Ajuntament i l\u2019empresa contractada per a la redacci\u00f3 de la Relaci\u00f3 de llocs de Treball\u201d.\u00a0 Quant al conveni per als treballadors, Ferr\u00e9 considera que \u201ctot i que l\u2019Ajuntament no t\u00e9 l\u2019obligaci\u00f3 de comptar amb aquest document, ni per volum de poblaci\u00f3 ni per nombre de treballadors, pot ser positiu tirar-lo endavant, ja que ajudar\u00e0 a regular les relacions laborals entre els treballadors i l\u2019Ajuntament i contribuir\u00e0 a garantir els drets i les obligacions d\u2019ambdues parts\u201d.<\/span><\/p>\n<p style=\"text-align: justify;\"><span style=\"color: #000000;\"><strong>LA RELACI\u00d3 DE LLOCS DE TREBALL DE L\u2019AJUNTAMENT DE LA BISBAL DEL PENED\u00c8S<\/strong><\/span><\/p>\n<p style=\"text-align: justify;\"><span style=\"color: #000000;\">La Relaci\u00f3 de llocs de treball (RLT) \u00e9s un instrument formal d&#8217;ordenaci\u00f3 i classificaci\u00f3 de tots els llocs de treball de funcionaris, personal laboral i eventual de l\u2019Ajuntament. Per a cada lloc de treball s\u2019ha d\u2019indicar, com a m\u00ednim:<\/span><\/p>\n<ul style=\"text-align: justify;\">\n<li><span style=\"color: #000000;\">La denominaci\u00f3 del lloc i el seu enquadrament org\u00e0nic.<\/span><\/li>\n<li><span style=\"color: #000000;\">Les caracter\u00edstiques essencials del lloc, incloses, si escau, les funcions espec\u00edfiques atribu\u00efdes.<\/span><\/li>\n<li><span style=\"color: #000000;\">Els requisits exigits per a ocupar el lloc de treball.<\/span><\/li>\n<li><span style=\"color: #000000;\">El complement de destinaci\u00f3 assignat i el complement espec\u00edfic corresponent.<\/span><\/li>\n<li><span style=\"color: #000000;\">La forma de provisi\u00f3 del lloc de treball.<\/span><\/li>\n<\/ul>\n<p style=\"text-align: justify;\"><span style=\"color: #000000;\">La Relaci\u00f3 de Llocs de Treball (RLT) de l\u2019Ajuntament de la Bisbal del Pened\u00e8s contemplar\u00e0 els llocs de treball necessaris per al funcionament actual de l\u2019Ajuntament per\u00f2 tamb\u00e9 aquells que es podrien necessitar en un futur i, una vegada aprovada, s\u2019aniran traient a concurs diversos llocs de treball, sempre en la mesura que ho permetin les Lleis de Pressupostos Generals de l\u2019Estat i els pressupostos municipals. El document tamb\u00e9 servir\u00e0 per adequar els sous dels treballadors, de manera que cobrin el mateix per fer una mateixa feina (antiguitats a banda). En aquest sentit, Ferr\u00e9 ha volgut aclarir que \u201ccap dels treballadors cobrar\u00e0 menys del que venia cobrant fins ara\u201d.<\/span><\/p>\n<p style=\"text-align: justify;\"><span style=\"color: #000000;\">Les primeres reunions per confeccionar la Relaci\u00f3 de Llocs de Treball van comen\u00e7ar al desembre, quan l\u2019empresa que s\u2019encarrega de la confecci\u00f3 del document i l\u2019alcaldessa van fer reunions amb tots els treballadors per explicar-los qu\u00e8 \u00e9s una RLT i quin procediment se segueix per a la seva confecci\u00f3 i aprovaci\u00f3. Durant la segona quinzena de desembre l\u2019alcaldessa va lliurar a cada treballador la seva fitxa de lloc de treball amb la denominaci\u00f3 del lloc i el seu enquadrament org\u00e0nic, les caracter\u00edstiques essencials del lloc, les funcions espec\u00edfiques atribu\u00efdes, els requisits exigits per a ocupar el lloc de treball, el complement de destinaci\u00f3 assignat, el complement espec\u00edfic corresponent, la forma de provisi\u00f3 del lloc de treball, el sou brut mensual i el que es correspondr\u00e0 amb l\u2019aplicaci\u00f3 de la RLT. El personal podia fer propostes de modificaci\u00f3 d\u2019aquestes fitxes fins a la setmana despr\u00e9s de Reis i ara, un cop lliurades les propostes de modificaci\u00f3 a alcaldia, han comen\u00e7at les reunions amb la finalitat de constituir la mesa de negociaci\u00f3 de la RLT per redactar i aprovar el document.<\/span><\/p>\n<hr \/>\n<p style=\"text-align: justify;\"><a href=\"http:\/\/bisbalpenedes.com\/web\/wp-content\/uploads\/2019\/03\/RLT-IMATGE.jpg\"><img loading=\"lazy\" class=\"aligncenter size-medium wp-image-9029\" src=\"http:\/\/bisbalpenedes.com\/web\/wp-content\/uploads\/2019\/03\/RLT-IMATGE-300x225.jpg\" alt=\"RLT IMATGE\" width=\"300\" height=\"225\" srcset=\"https:\/\/bisbalpenedes.com\/web\/wp-content\/uploads\/2019\/03\/RLT-IMATGE-300x225.jpg 300w, https:\/\/bisbalpenedes.com\/web\/wp-content\/uploads\/2019\/03\/RLT-IMATGE-600x450.jpg 600w, https:\/\/bisbalpenedes.com\/web\/wp-content\/uploads\/2019\/03\/RLT-IMATGE-768x576.jpg 768w, https:\/\/bisbalpenedes.com\/web\/wp-content\/uploads\/2019\/03\/RLT-IMATGE-1024x768.jpg 1024w\" sizes=\"(max-width: 300px) 100vw, 300px\" \/><\/a><\/p>\n<p style=\"text-align: justify;\"><span style=\"color: #000000;\"><strong>CASTELLANO |<\/strong> El Ayuntamiento de la Bisbal del Pened\u00e8s ha empezado a trabajar en la creaci\u00f3n de la Relaci\u00f3n de Puestos de Trabajo (RPT) del Ayuntamiento y, por este motivo, el pasado viernes 8 de marzo tuvo lugar una reuni\u00f3n informativa previa a la constituci\u00f3n de la mesa de negociaci\u00f3n. Tomaron parte de este encuentro varios representantes de los trabajadores, la secretaria municipal, la alcaldesa del municipio y personal de la empresa encargada de llevar a cabo el asesoramiento y la redacci\u00f3n de la Relaci\u00f3n de Puestos de Trabajo. La reuni\u00f3n sirvi\u00f3 para entregar el primer documento de trabajo &#8211; que incluye la memoria de la RPT del Ayuntamiento, un organigrama y las fichas de cada uno de los puestos de trabajo del Ayuntamiento (los actuales y los que se podr\u00edan prever de cara a un futuro)-, consensuar la decisi\u00f3n de trabajar tambi\u00e9n en un convenio para los trabajadores funcionarios y laborales y fijar un calendario de reuniones.<\/span><\/p>\n<p style=\"text-align: justify;\"><span style=\"color: #000000;\">En la pr\u00f3xima reuni\u00f3n programada, que tendr\u00e1 lugar este mes de marzo, se constituir\u00e1 la mesa de negociaci\u00f3n y, a parte de los representantes que han asistido a la reuni\u00f3n del 8 de marzo, tambi\u00e9n se contar\u00e1 con los representantes de los sindicatos UGT y CCOO.<\/span><\/p>\n<p style=\"text-align: justify;\"><span style=\"color: #000000;\">La alcaldesa de la Bisbal, Agn\u00e8s Ferr\u00e9, ha explicado que &#8220;la intenci\u00f3n de alcald\u00eda es consensuar la propuesta de la RPT y del convenio, de manera que sea la que mejor represente a los trabajadores actuales y la que mejor refleje las necesidades actuales y futuras del Ayuntamiento para poder ofrecer un buen servicio a la ciudadan\u00eda&#8221;. Ferr\u00e9 ha a\u00f1adido que &#8220;el Ayuntamiento de la Bisbal no contaba con este documento y, por este motivo, ha empezado a trabajar en su confecci\u00f3n, en comunicaci\u00f3n con los trabajadores del Ayuntamiento y la empresa contratada para la redacci\u00f3n de la Relaci\u00f3n de Puestos de Trabajo&#8221;. En cuanto al convenio para los trabajadores, Ferr\u00e9 considera que &#8220;aunque el Ayuntamiento no tiene la obligaci\u00f3n de contar con este documento, ni por volumen de poblaci\u00f3n ni por n\u00famero de trabajadores, puede ser positivo llevarlo a cabo,ya que ayudar\u00e1 a regular las relaciones laborales entre los trabajadores y el Ayuntamiento y contribuir\u00e1 a garantizar los derechos y las obligaciones de ambas partes&#8221;.<\/span><\/p>\n<p style=\"text-align: justify;\"><span style=\"color: #000000;\"><strong>LA RELACI\u00d3N DE PUESTOS DE TRABAJO DEL AYUNTAMIENTO DE LA BISBAL DEL PENED\u00c8S<\/strong><\/span><\/p>\n<p style=\"text-align: justify;\"><span style=\"color: #000000;\">La Relaci\u00f3n de Puestos de Trabajo (RPT) es un instrumento formal de ordenaci\u00f3n y clasificaci\u00f3n de todos los puestos de trabajo de funcionarios, personal laboral y eventual del Ayuntamiento. Par cada puesto de trabajo de debe indicar, como m\u00ednimo:<\/span><\/p>\n<ul style=\"text-align: justify;\">\n<li><span style=\"color: #000000;\">La denominaci\u00f3n del puesto y de su encuadre org\u00e1nico.<\/span><\/li>\n<li><span style=\"color: #000000;\">Las caracter\u00edsticas esenciales del puesto, incluidas, si corresponde, las funciones espec\u00edficas atribuibles.<\/span><\/li>\n<li><span style=\"color: #000000;\">Los requisitos exigidos para ocupar el puesto de trabajo.<\/span><\/li>\n<li><span style=\"color: #000000;\">El complemento de destinaci\u00f3n asignado y el complemento espec\u00edfico correspondiente.<\/span><\/li>\n<li><span style=\"color: #000000;\">La forma de provisi\u00f3n del puesto de trabajo.<\/span><\/li>\n<\/ul>\n<p style=\"text-align: justify;\"><span style=\"color: #000000;\">La Relaci\u00f3n de Puestos de Trabajo (RPT) del Ayuntamiento de la Bisbal del Pened\u00e8s contemplar\u00e1 los puestos de trabajo necesarios para el funcionamiento actual del Ayuntamiento pero tambi\u00e9n aquellos que se podr\u00edan necesitar en un futuro y, una vez aprobada, se ir\u00e1n sacando a concurso varios puestos de trabajo, siempre en la medida que lo permitan las Leyes de Presupuestos Generales del Estado y los presupuestos municipales. El documento tambi\u00e9n servir\u00e1 para adecuar los sueldos de los trabajadores, de manera que cobren lo mismo por hacer un mismo trabajo (antig\u00fcedades a parte). En este sentido, Ferr\u00e9 ha querido aclarar que &#8220;ning\u00fan trabajador cobrar\u00e1 menos de lo que ven\u00eda cobrando hasta ahora&#8221;.<\/span><\/p>\n<p style=\"text-align: justify;\"><span style=\"color: #000000;\">Las primeras reuniones para confeccionar la Relaci\u00f3n de Puestos de Trabajo empezaron en diciembre, cuando la empresa que se encarga de la confecci\u00f3n del documento y la alcaldesa hicieron reuniones con todos los trabajadores para explicarles que es una RPT y que procedimiento se sigue para su confecci\u00f3n y aprobaci\u00f3n. Durante la segunda quincena de diciembre la alcaldesa entreg\u00f3 a cada trabajador su ficha de puesto de trabajo con la denominaci\u00f3n del puesto y su encuadre org\u00e1nico, las caracter\u00edsticas esenciales del puesto, las funciones espec\u00edficas atribuibles, los requisitos exigidos para ocupar el puesto de trabajo, el complemento de destinaci\u00f3n asi9gnado, el complemento espec\u00edfico correspondiente, la forma de provisi\u00f3n del puesto de trabajo, el sueldo bruto mensual y el que se corresponder\u00e1 con la aplicaci\u00f3n de la RLT. El personal pod\u00eda hacer propuestas de modificaci\u00f3n de estas fichas hasta la semana despu\u00e9s de Reyes y, ahora, una vez entregadas las propuestas de modificaci\u00f3n a alcald\u00eda, han empezado las reuniones con la finalidad de constituir la mesa de negociaci\u00f3n de la RPT para redactar y aprobar el documento.<\/span><\/p>\n<p>&nbsp;<\/p>\n<p>&nbsp;<\/p>\n<p>&nbsp;<\/p>\n<p>&nbsp;<\/p>\n","protected":false},"excerpt":{"rendered":"<p>L\u2019Ajuntament de la Bisbal del Pened\u00e8s ha comen\u00e7at a treballar en la creaci\u00f3 de la Relaci\u00f3 de Llocs de Treball (RLT) de l\u2019Ajuntament i, per aquest motiu, el passat divendres &hellip; <a href=\"https:\/\/bisbalpenedes.com\/web\/2019\/03\/12\/lajuntament-de-la-bisbal-del-penedes-ha-comencat-a-treballar-en-la-relacio-de-llocs-de-treball\/\" class=\"more-link\">Read More<\/a><\/p>\n","protected":false},"author":4,"featured_media":9029,"comment_status":"closed","ping_status":"closed","sticky":false,"template":"","format":"standard","meta":[],"categories":[2057,8],"tags":[2866,540,2867,2865,746,2864,749],"_links":{"self":[{"href":"https:\/\/bisbalpenedes.com\/web\/wp-json\/wp\/v2\/posts\/9023"}],"collection":[{"href":"https:\/\/bisbalpenedes.com\/web\/wp-json\/wp\/v2\/posts"}],"about":[{"href":"https:\/\/bisbalpenedes.com\/web\/wp-json\/wp\/v2\/types\/post"}],"author":[{"embeddable":true,"href":"https:\/\/bisbalpenedes.com\/web\/wp-json\/wp\/v2\/users\/4"}],"replies":[{"embeddable":true,"href":"https:\/\/bisbalpenedes.com\/web\/wp-json\/wp\/v2\/comments?post=9023"}],"version-history":[{"count":3,"href":"https:\/\/bisbalpenedes.com\/web\/wp-json\/wp\/v2\/posts\/9023\/revisions"}],"predecessor-version":[{"id":9032,"href":"https:\/\/bisbalpenedes.com\/web\/wp-json\/wp\/v2\/posts\/9023\/revisions\/9032"}],"wp:featuredmedia":[{"embeddable":true,"href":"https:\/\/bisbalpenedes.com\/web\/wp-json\/wp\/v2\/media\/9029"}],"wp:attachment":[{"href":"https:\/\/bisbalpenedes.com\/web\/wp-json\/wp\/v2\/media?parent=9023"}],"wp:term":[{"taxonomy":"category","embeddable":true,"href":"https:\/\/bisbalpenedes.com\/web\/wp-json\/wp\/v2\/categories?post=9023"},{"taxonomy":"post_tag","embeddable":true,"href":"https:\/\/bisbalpenedes.com\/web\/wp-json\/wp\/v2\/tags?post=9023"}],"curies":[{"name":"wp","href":"https:\/\/api.w.org\/{rel}","templated":true}]}}