{"id":9004,"date":"2019-03-12T13:17:45","date_gmt":"2019-03-12T12:17:45","guid":{"rendered":"http:\/\/bisbalpenedes.com\/web\/?p=9004"},"modified":"2019-03-22T10:49:37","modified_gmt":"2019-03-22T09:49:37","slug":"el-diumenge-24-de-marc-tindran-lloc-els-tradicionals-tres-tombs-de-la-bisbal-del-penedes","status":"publish","type":"post","link":"https:\/\/bisbalpenedes.com\/web\/2019\/03\/12\/el-diumenge-24-de-marc-tindran-lloc-els-tradicionals-tres-tombs-de-la-bisbal-del-penedes\/","title":{"rendered":"El diumenge 24 de mar\u00e7 tindran lloc els tradicionals Tres Tombs de la Bisbal del Pened\u00e8s"},"content":{"rendered":"<p style=\"text-align: justify;\"><a href=\"http:\/\/bisbalpenedes.com\/web\/wp-content\/uploads\/2019\/03\/3t19_qua.jpg\"><img loading=\"lazy\" class=\"aligncenter size-large wp-image-9021\" src=\"http:\/\/bisbalpenedes.com\/web\/wp-content\/uploads\/2019\/03\/3t19_qua-1024x805.jpg\" alt=\"3t19_qua\" width=\"630\" height=\"495\" srcset=\"https:\/\/bisbalpenedes.com\/web\/wp-content\/uploads\/2019\/03\/3t19_qua-1024x805.jpg 1024w, https:\/\/bisbalpenedes.com\/web\/wp-content\/uploads\/2019\/03\/3t19_qua-600x472.jpg 600w, https:\/\/bisbalpenedes.com\/web\/wp-content\/uploads\/2019\/03\/3t19_qua-300x236.jpg 300w, https:\/\/bisbalpenedes.com\/web\/wp-content\/uploads\/2019\/03\/3t19_qua-768x604.jpg 768w, https:\/\/bisbalpenedes.com\/web\/wp-content\/uploads\/2019\/03\/3t19_qua.jpg 1364w\" sizes=\"(max-width: 630px) 100vw, 630px\" \/><\/a><\/p>\n<p style=\"text-align: justify;\"><span style=\"color: #000000;\">El diumenge 24 de mar\u00e7 de 2019 tindran lloc els tradicionals Tres Tombs de la Bisbal del Pened\u00e8s. En aquesta nova edici\u00f3 comptarem amb una norantena de participants, que es\u00a0repartiran entre 8 genets i 25 carros, un dels quals\u00a0l&#8217;ha facilitat la Federaci\u00f3 Catalana dels Tres Tombs amb l&#8217;objectiu que les persones amb dificultats especials puguin apropar-se a la festa dels Tres Tombs.\u00a0<\/span><\/p>\n<p style=\"text-align: justify;\"><span style=\"color: #000000;\"><strong>PROGRAMA<\/strong><\/span><\/p>\n<p style=\"padding-left: 30px; text-align: justify;\"><span style=\"color: #000000;\">A les 9.00h, concentraci\u00f3 de cavalls i carros a l&#8217;esplanada del darrere del camp de futbol municipal.\u00a0<\/span><\/p>\n<p style=\"padding-left: 30px; text-align: justify;\"><span style=\"color: #000000;\">A les 9.30h tindr\u00e0 lloc un <a href=\"http:\/\/bisbalpenedes.com\/web\/2019\/03\/21\/aquest-diumenge-vine-a-lesmorzar-dels-tres-tombs\/\" target=\"_blank\">esmorzar<\/a>, organitzat pel Ball de Diables de la Bisbal del Pened\u00e8s, a l&#8217;Era de Batre. Es vendran els tiquets all\u00e0 mateix pel preu de 6\u20ac.<\/span><\/p>\n<p style=\"padding-left: 30px; text-align: justify;\"><span style=\"color: #000000;\">A les 12.00h comen\u00e7aran els Tres Tombs pels carrers de la Vila, amb l&#8217;acompanyament dels Grallers i Tabalers de la Societat, amb la benedicci\u00f3 durant el recorregut.<\/span><\/p>\n<p style=\"padding-left: 30px; text-align: justify;\"><span style=\"color: #000000;\">En acabar (a les 14.00h aprox.) tindr\u00e0 lloc l&#8217;<\/span><span style=\"color: #000000;\">acte de lliurament d&#8217;obsequis, creats per la bisbalenca \u00c0ngela Saumoy, a la pla\u00e7a Catalunya.<\/span><\/p>\n<p style=\"padding-left: 30px; text-align: justify;\"><span style=\"color: #000000;\">Durant tot el mat\u00ed hi haur\u00e0 venda de tortells de Sant Antoni a la pla\u00e7a Catalunya, a c\u00e0rrec del Ball de Gitanes de la Bisbal.<\/span><\/p>\n<p style=\"text-align: justify;\"><span style=\"font-family: 'Georgia',serif; color: black;\">L&#8217;any 2018 els Tres Tombs van tenir lloc al maig, de forma excepcional, ja que el municipi va acollir la XXI Trobada Nacional dels Tres Tombs, que va comptar amb la participaci\u00f3 de m\u00e9s de 50 entitats, 90 carros, 500 cavalls i 600 traginers. La trobada va servir per posar fi a la temporada dels Tres Tombs per\u00f2 tamb\u00e9 per presentar el R\u00e8gim Normatiu dels Tres Tombs, un document que va impulsar la Federaci\u00f3 Catalana dels Tres Tombs amb l&#8217;objectiu de convertir-se en un dec\u00e0leg per unificar criteris de participaci\u00f3 entre totes les colles que formen les festes, com ara garantir que les recreacions compleixin els criteris de rigor hist\u00f2ric i que se segueixi assegurant el benestar animal abans, durant i despr\u00e9s de les trobades.<\/span><a href=\"http:\/\/bisbalpenedes.com\/web\/wp-content\/uploads\/2019\/03\/recorregut-mapa-3-tombs-2019-C.jpg\"><br \/>\n<\/a><\/p>\n<p style=\"text-align: justify;\"><a href=\"http:\/\/bisbalpenedes.com\/web\/wp-content\/uploads\/2019\/03\/recorregut-mapa-3-tombs-2019-C-2.jpg\"><img loading=\"lazy\" class=\"aligncenter size-large wp-image-9020\" src=\"http:\/\/bisbalpenedes.com\/web\/wp-content\/uploads\/2019\/03\/recorregut-mapa-3-tombs-2019-C-2-988x1024.jpg\" alt=\"recorregut-mapa-3-tombs-2019-C\" width=\"630\" height=\"653\" srcset=\"https:\/\/bisbalpenedes.com\/web\/wp-content\/uploads\/2019\/03\/recorregut-mapa-3-tombs-2019-C-2-988x1024.jpg 988w, https:\/\/bisbalpenedes.com\/web\/wp-content\/uploads\/2019\/03\/recorregut-mapa-3-tombs-2019-C-2-600x622.jpg 600w, https:\/\/bisbalpenedes.com\/web\/wp-content\/uploads\/2019\/03\/recorregut-mapa-3-tombs-2019-C-2-289x300.jpg 289w, https:\/\/bisbalpenedes.com\/web\/wp-content\/uploads\/2019\/03\/recorregut-mapa-3-tombs-2019-C-2-768x796.jpg 768w\" sizes=\"(max-width: 630px) 100vw, 630px\" \/><\/a><\/p>\n<hr \/>\n<p style=\"text-align: justify;\"><span style=\"color: #000000;\"><strong>CASTELLANO |<\/strong> El domingo 24 de marzo del 2019 tendr\u00e1n lugar los tradicionales Tres Tombs de la Bisbal del Pened\u00e8s. En esta nueva edici\u00f3n contaremos con unos noventa participantes, que se repartir\u00e1n entre 8 jinetes y 25 carros, no de los cuales lo ha facilitado la Federaci\u00f3 Catalana dels Tres Tombs con el objetivo de que las personas con dificultades especiales puedan acercarse a la fiesta de los Tres Tombs.<\/span><\/p>\n<p style=\"text-align: justify;\"><span style=\"color: #000000;\"><strong>PROGRAMA<\/strong><\/span><\/p>\n<p style=\"text-align: justify; padding-left: 30px;\"><span style=\"color: #000000;\">A las 9.00h, concentraci\u00f3n de caballos y carros en la explanada de detr\u00e1s del campo de f\u00fatbol municipal.<\/span><\/p>\n<p style=\"text-align: justify; padding-left: 30px;\"><span style=\"color: #000000;\">A las 9.30h tendr\u00e1 lugar un <a href=\"http:\/\/bisbalpenedes.com\/web\/2019\/03\/21\/aquest-diumenge-vine-a-lesmorzar-dels-tres-tombs\/\" target=\"_blank\">desayuno de tenedor<\/a>, organizado por el Ball de Diables de la Bisbal del Pened\u00e8s, en la Era de Batre. Se vender\u00e1n los <em>tickets<\/em>\u00a0all\u00ed mismo por el precio de 6\u20ac.<\/span><\/p>\n<p style=\"text-align: justify; padding-left: 30px;\"><span style=\"color: #000000;\">A las 12.00h empezar\u00e1n los Tres Tombs por las calles de la Villa, con el acompa\u00f1amiento de los Grallers i Tabalers de la Societat, con la bendici\u00f3n durante el recorrido.<\/span><\/p>\n<p style=\"text-align: justify; padding-left: 30px;\"><span style=\"color: #000000;\">Al finalizar (a las 14.00h aprox.) tendr\u00e1 lugar el acto de entrega de obsequios, creados por la bisbalenca \u00c0ngela Saumoy, en la pla\u00e7a Catalunya.<\/span><\/p>\n<p style=\"text-align: justify; padding-left: 30px;\"><span style=\"color: #000000;\">Durante toda la ma\u00f1ana habr\u00e1 venta de torteles de Sant Antoni en la pla\u00e7a Catalunya, a cargo del Ball de Gitanes de la Bisbal.<\/span><\/p>\n<p style=\"text-align: justify;\"><span style=\"font-family: Georgia, serif; color: #000000;\">El a\u00f1o 2018 los Tres Tombs tuvieron lugar en\u00a0 mayo, de forma excepcional, ya que el municipio acogi\u00f3 la XXI Trobada Nacional dels Tres Tombs, que cont\u00f3 con la participaci\u00f3n de m\u00e1s de 50 entidades, 90 carros, 500 cavallos y 600 porteadores. La &#8216;trobada&#8217; sirvi\u00f3 para finalizar la temporada de los Tres Tombs pero tambi\u00e9n para presentar el R\u00e8gim Normatiu dels Tres Tombs, un documento que impuls\u00f3 la Federaci\u00f3 Catalana dels Tres Tombs con el objetivo de convertirse en un dec\u00e1logo para unificar criterios de participaci\u00f3n entre todas las &#8216;colles&#8217; que forman las fiestas, como por ejemplo garantizar que las recreaciones cumplan los criterios de rigor hist\u00f3rico y que se siga asegurando el bienestar animal antes, durante y despu\u00e9s de los encuentros.<\/span><\/p>\n<p style=\"text-align: justify;\"><a href=\"http:\/\/bisbalpenedes.com\/web\/wp-content\/uploads\/2019\/03\/recorregut-mapa-3-tombs-2019-C-2.jpg\"><img loading=\"lazy\" class=\"aligncenter size-large wp-image-9020\" src=\"http:\/\/bisbalpenedes.com\/web\/wp-content\/uploads\/2019\/03\/recorregut-mapa-3-tombs-2019-C-2-988x1024.jpg\" alt=\"recorregut-mapa-3-tombs-2019-C\" width=\"630\" height=\"653\" srcset=\"https:\/\/bisbalpenedes.com\/web\/wp-content\/uploads\/2019\/03\/recorregut-mapa-3-tombs-2019-C-2-988x1024.jpg 988w, https:\/\/bisbalpenedes.com\/web\/wp-content\/uploads\/2019\/03\/recorregut-mapa-3-tombs-2019-C-2-600x622.jpg 600w, https:\/\/bisbalpenedes.com\/web\/wp-content\/uploads\/2019\/03\/recorregut-mapa-3-tombs-2019-C-2-289x300.jpg 289w, https:\/\/bisbalpenedes.com\/web\/wp-content\/uploads\/2019\/03\/recorregut-mapa-3-tombs-2019-C-2-768x796.jpg 768w\" sizes=\"(max-width: 630px) 100vw, 630px\" \/><\/a><\/p>\n<p>&nbsp;<\/p>\n<p>&nbsp;<\/p>\n","protected":false},"excerpt":{"rendered":"<p>El diumenge 24 de mar\u00e7 de 2019 tindran lloc els tradicionals Tres Tombs de la Bisbal del Pened\u00e8s. En aquesta nova edici\u00f3 comptarem amb una norantena de participants, que es\u00a0repartiran &hellip; <a href=\"https:\/\/bisbalpenedes.com\/web\/2019\/03\/12\/el-diumenge-24-de-marc-tindran-lloc-els-tradicionals-tres-tombs-de-la-bisbal-del-penedes\/\" class=\"more-link\">Read More<\/a><\/p>\n","protected":false},"author":4,"featured_media":9021,"comment_status":"closed","ping_status":"closed","sticky":false,"template":"","format":"standard","meta":[],"categories":[8],"tags":[1118,2863,1450,2535,228],"_links":{"self":[{"href":"https:\/\/bisbalpenedes.com\/web\/wp-json\/wp\/v2\/posts\/9004"}],"collection":[{"href":"https:\/\/bisbalpenedes.com\/web\/wp-json\/wp\/v2\/posts"}],"about":[{"href":"https:\/\/bisbalpenedes.com\/web\/wp-json\/wp\/v2\/types\/post"}],"author":[{"embeddable":true,"href":"https:\/\/bisbalpenedes.com\/web\/wp-json\/wp\/v2\/users\/4"}],"replies":[{"embeddable":true,"href":"https:\/\/bisbalpenedes.com\/web\/wp-json\/wp\/v2\/comments?post=9004"}],"version-history":[{"count":8,"href":"https:\/\/bisbalpenedes.com\/web\/wp-json\/wp\/v2\/posts\/9004\/revisions"}],"predecessor-version":[{"id":9129,"href":"https:\/\/bisbalpenedes.com\/web\/wp-json\/wp\/v2\/posts\/9004\/revisions\/9129"}],"wp:featuredmedia":[{"embeddable":true,"href":"https:\/\/bisbalpenedes.com\/web\/wp-json\/wp\/v2\/media\/9021"}],"wp:attachment":[{"href":"https:\/\/bisbalpenedes.com\/web\/wp-json\/wp\/v2\/media?parent=9004"}],"wp:term":[{"taxonomy":"category","embeddable":true,"href":"https:\/\/bisbalpenedes.com\/web\/wp-json\/wp\/v2\/categories?post=9004"},{"taxonomy":"post_tag","embeddable":true,"href":"https:\/\/bisbalpenedes.com\/web\/wp-json\/wp\/v2\/tags?post=9004"}],"curies":[{"name":"wp","href":"https:\/\/api.w.org\/{rel}","templated":true}]}}