{"id":8995,"date":"2019-03-11T08:14:50","date_gmt":"2019-03-11T07:14:50","guid":{"rendered":"http:\/\/bisbalpenedes.com\/web\/?p=8995"},"modified":"2019-03-11T08:14:50","modified_gmt":"2019-03-11T07:14:50","slug":"el-dissabte-16-de-marc-tindra-lloc-la-descoberta-duna-nova-placa-commemorativa-a-la-facana-de-la-societat-la-presentacio-del-llibre-dun-bisbalenc-i-una-nova-conferencia-castellera","status":"publish","type":"post","link":"https:\/\/bisbalpenedes.com\/web\/2019\/03\/11\/el-dissabte-16-de-marc-tindra-lloc-la-descoberta-duna-nova-placa-commemorativa-a-la-facana-de-la-societat-la-presentacio-del-llibre-dun-bisbalenc-i-una-nova-conferencia-castellera\/","title":{"rendered":"El dissabte 16 de mar\u00e7 tindr\u00e0 lloc la descoberta d&#8217;una nova placa commemorativa a la fa\u00e7ana de la Societat, la presentaci\u00f3 del llibre d&#8217;un bisbalenc i una nova confer\u00e8ncia castellera"},"content":{"rendered":"<p><span style=\"color: #000000;\">El proper dissabte 16 de mar\u00e7, a les 18h, tindr\u00e0 lloc la descoberta d\u2019una nova placa commemorativa a la fa\u00e7ana de la\u00a0Societat Cultural i Recreativa Bisbalenca, en aquest cas, en reconeixement a la Torre de 8 sense folre descarregada per la\u00a0Colla Joves Xiquets de Valls\u00a0el 15 d\u2019agost de 2018.<\/span><br \/>\n<span style=\"color: #000000;\">Tot seguit, el bisbalenc\u00a0Salvador Ferr\u00e9 i Mir\u00f3\u00a0presentar\u00e0 el seu llibre \u201cLa Llibreta del Roig. Annals del Fet Casteller a la Bisbal del Pened\u00e8s.<\/span><\/p>\n<p><span style=\"color: #000000;\">A les 19h, David Lobo, cap de colla de la Colla Castellera de Sant Pere i Sant Pau, pronunciar\u00e0 la confer\u00e8ncia \u201cCanvi de percepci\u00f3 i funcionament, mantenint la singularitat de l\u2019entitat\u201d. Es tracta de la darrera xerrada del 22\u00e8 Cicle de Confer\u00e8ncies de tem\u00e0tica castellera de la Societat.<\/span><\/p>\n<p><span style=\"color: #000000;\">\u2014<\/span><\/p>\n<div class=\"text_exposed_show\">\n<p><span style=\"color: #000000;\"><strong>CASTELLANO |<\/strong> El pr\u00f3ximo s\u00e1bado 16 de marzo, a las 18h, tendr\u00e1 lugar el descubrimiento de una nueva placa conmemorativa en la fachada de la Societat Cultural i Recreativa Bisbalenca, en este caso, en reconocimiento a la Torre de 8 sense folre descargada por la Colla Joves Xiquets de Valls el 15 de agosto del 2018. A continuaci\u00f3n, el bisbalenc Salvador Ferr\u00e9 Mir\u00f3 presentar\u00e1 su libro \u201cLa Llibreta del Roig. Annals del Fet Casteller a la Bisbal del Pened\u00e8s.<\/span><\/p>\n<p><span style=\"color: #000000;\">A las 19h, David Lobo, cap de colla de la Colla Castellera de Sant Pere i Sant Pau, pronunciar\u00e1 la conferencia &#8220;Canvi de percepci\u00f3 i funcionament, mantenint la singularitat de l&#8217;entitat&#8221;. Se trata de la \u00faltima charla del 22\u00e8 Cicle de Confer\u00e8ncies de tem\u00e0tica castellera de la Societat.<\/span><\/p>\n<p><a href=\"http:\/\/bisbalpenedes.com\/web\/wp-content\/uploads\/2019\/03\/POSTER_LLIBRE-ROIG_DEF.jpg\"><img loading=\"lazy\" class=\"aligncenter size-full wp-image-8996\" src=\"http:\/\/bisbalpenedes.com\/web\/wp-content\/uploads\/2019\/03\/POSTER_LLIBRE-ROIG_DEF.jpg\" alt=\"POSTER_LLIBRE-ROIG_DEF\" width=\"1169\" height=\"1654\" srcset=\"https:\/\/bisbalpenedes.com\/web\/wp-content\/uploads\/2019\/03\/POSTER_LLIBRE-ROIG_DEF.jpg 1169w, https:\/\/bisbalpenedes.com\/web\/wp-content\/uploads\/2019\/03\/POSTER_LLIBRE-ROIG_DEF-600x849.jpg 600w, https:\/\/bisbalpenedes.com\/web\/wp-content\/uploads\/2019\/03\/POSTER_LLIBRE-ROIG_DEF-212x300.jpg 212w, https:\/\/bisbalpenedes.com\/web\/wp-content\/uploads\/2019\/03\/POSTER_LLIBRE-ROIG_DEF-768x1087.jpg 768w, https:\/\/bisbalpenedes.com\/web\/wp-content\/uploads\/2019\/03\/POSTER_LLIBRE-ROIG_DEF-724x1024.jpg 724w\" sizes=\"(max-width: 1169px) 100vw, 1169px\" \/><\/a><\/p>\n<\/div>\n","protected":false},"excerpt":{"rendered":"<p>El proper dissabte 16 de mar\u00e7, a les 18h, tindr\u00e0 lloc la descoberta d\u2019una nova placa commemorativa a la fa\u00e7ana de la\u00a0Societat Cultural i Recreativa Bisbalenca, en aquest cas, en &hellip; <a href=\"https:\/\/bisbalpenedes.com\/web\/2019\/03\/11\/el-dissabte-16-de-marc-tindra-lloc-la-descoberta-duna-nova-placa-commemorativa-a-la-facana-de-la-societat-la-presentacio-del-llibre-dun-bisbalenc-i-una-nova-conferencia-castellera\/\" class=\"more-link\">Read More<\/a><\/p>\n","protected":false},"author":4,"featured_media":8996,"comment_status":"closed","ping_status":"closed","sticky":false,"template":"","format":"standard","meta":[],"categories":[13],"tags":[2857,377,667,1720,2859,47,2856,2858,2776],"_links":{"self":[{"href":"https:\/\/bisbalpenedes.com\/web\/wp-json\/wp\/v2\/posts\/8995"}],"collection":[{"href":"https:\/\/bisbalpenedes.com\/web\/wp-json\/wp\/v2\/posts"}],"about":[{"href":"https:\/\/bisbalpenedes.com\/web\/wp-json\/wp\/v2\/types\/post"}],"author":[{"embeddable":true,"href":"https:\/\/bisbalpenedes.com\/web\/wp-json\/wp\/v2\/users\/4"}],"replies":[{"embeddable":true,"href":"https:\/\/bisbalpenedes.com\/web\/wp-json\/wp\/v2\/comments?post=8995"}],"version-history":[{"count":1,"href":"https:\/\/bisbalpenedes.com\/web\/wp-json\/wp\/v2\/posts\/8995\/revisions"}],"predecessor-version":[{"id":8997,"href":"https:\/\/bisbalpenedes.com\/web\/wp-json\/wp\/v2\/posts\/8995\/revisions\/8997"}],"wp:featuredmedia":[{"embeddable":true,"href":"https:\/\/bisbalpenedes.com\/web\/wp-json\/wp\/v2\/media\/8996"}],"wp:attachment":[{"href":"https:\/\/bisbalpenedes.com\/web\/wp-json\/wp\/v2\/media?parent=8995"}],"wp:term":[{"taxonomy":"category","embeddable":true,"href":"https:\/\/bisbalpenedes.com\/web\/wp-json\/wp\/v2\/categories?post=8995"},{"taxonomy":"post_tag","embeddable":true,"href":"https:\/\/bisbalpenedes.com\/web\/wp-json\/wp\/v2\/tags?post=8995"}],"curies":[{"name":"wp","href":"https:\/\/api.w.org\/{rel}","templated":true}]}}