{"id":8992,"date":"2019-03-08T16:18:00","date_gmt":"2019-03-08T15:18:00","guid":{"rendered":"http:\/\/bisbalpenedes.com\/web\/?p=8992"},"modified":"2019-03-08T16:18:30","modified_gmt":"2019-03-08T15:18:30","slug":"la-junta-de-govern-local-ha-aprovat-el-conveni-perque-els-bous-puguin-continuar-assajant-a-lescola-ull-de-vent","status":"publish","type":"post","link":"https:\/\/bisbalpenedes.com\/web\/2019\/03\/08\/la-junta-de-govern-local-ha-aprovat-el-conveni-perque-els-bous-puguin-continuar-assajant-a-lescola-ull-de-vent\/","title":{"rendered":"La Junta de Govern local ha aprovat el conveni perqu\u00e8 els Bous puguin continuar assajant a l\u2019Escola Ull de Vent"},"content":{"rendered":"<p style=\"text-align: justify;\">La Junta de Govern local del 22 de febrer de 2018 ha aprovat el conveni de col\u00b7laboraci\u00f3 entre l\u2019Ajuntament de la Bisbal del Pened\u00e8s, l\u2019Escola Ull de Vent i la colla castellera Els Bous per a l\u2019\u00fas social de les instal\u00b7lacions del centre educatiu amb la finalitat que la colla pugui seguir utilitzant el gimn\u00e0s de l\u2019escola per assajar.<\/p>\n<p style=\"text-align: justify;\">D\u2019acord amb la cl\u00e0usula sisena del conveni de col\u00b7laboraci\u00f3, aquest conveni ser\u00e0 vigent durant el 2018 per\u00f2 es podr\u00e0 prorrogar de manera expressa per un any m\u00e9s. Com que no hi ha hagut cap incid\u00e8ncia i l\u2019\u00fas ha sigut l\u2019adequat, la Junta de Govern del divendres 8 de mar\u00e7 ha aprovat la pr\u00f2rroga del conveni per a l\u2019any 2019.<\/p>\n<hr \/>\n<p style=\"text-align: justify;\"><strong>CASTELLANO |<\/strong> La Junta de Gobierno local del 22 de febrero del 2018 ha aprobado el convenio de colaboraci\u00f3n entre el Ayuntamiento de la Bisbal del Pened\u00e8s, la Escola Ull de Vent y la colla castellera Els Bous para el uso social de las instalaciones del centro educativo con la finalidad de que la colla pueda seguir utilizando el gimnasio de la escuela para ensayar.<\/p>\n<p style=\"text-align: justify;\">De acuerdo con la cl\u00e1usula sexta del convenio de colaboraci\u00f3n, este convenio ser\u00e1\u00a0vigente durante el 2018 pero se podr\u00e1 prorrogar de manera expresa por un a\u00f1o m\u00e1s. Como no ha habido ninguna incidencia y el uso ha sido el adecuado, la Junta de Gobierno del viernes 8 de marzo ha aprobado la pr\u00f3rroga del convenio para el a\u00f1o 2019.<\/p>\n","protected":false},"excerpt":{"rendered":"<p>La Junta de Govern local del 22 de febrer de 2018 ha aprovat el conveni de col\u00b7laboraci\u00f3 entre l\u2019Ajuntament de la Bisbal del Pened\u00e8s, l\u2019Escola Ull de Vent i la &hellip; <a href=\"https:\/\/bisbalpenedes.com\/web\/2019\/03\/08\/la-junta-de-govern-local-ha-aprovat-el-conveni-perque-els-bous-puguin-continuar-assajant-a-lescola-ull-de-vent\/\" class=\"more-link\">Read More<\/a><\/p>\n","protected":false},"author":4,"featured_media":8993,"comment_status":"closed","ping_status":"closed","sticky":false,"template":"","format":"standard","meta":[],"categories":[20],"tags":[378,668,2855,440],"_links":{"self":[{"href":"https:\/\/bisbalpenedes.com\/web\/wp-json\/wp\/v2\/posts\/8992"}],"collection":[{"href":"https:\/\/bisbalpenedes.com\/web\/wp-json\/wp\/v2\/posts"}],"about":[{"href":"https:\/\/bisbalpenedes.com\/web\/wp-json\/wp\/v2\/types\/post"}],"author":[{"embeddable":true,"href":"https:\/\/bisbalpenedes.com\/web\/wp-json\/wp\/v2\/users\/4"}],"replies":[{"embeddable":true,"href":"https:\/\/bisbalpenedes.com\/web\/wp-json\/wp\/v2\/comments?post=8992"}],"version-history":[{"count":1,"href":"https:\/\/bisbalpenedes.com\/web\/wp-json\/wp\/v2\/posts\/8992\/revisions"}],"predecessor-version":[{"id":8994,"href":"https:\/\/bisbalpenedes.com\/web\/wp-json\/wp\/v2\/posts\/8992\/revisions\/8994"}],"wp:featuredmedia":[{"embeddable":true,"href":"https:\/\/bisbalpenedes.com\/web\/wp-json\/wp\/v2\/media\/8993"}],"wp:attachment":[{"href":"https:\/\/bisbalpenedes.com\/web\/wp-json\/wp\/v2\/media?parent=8992"}],"wp:term":[{"taxonomy":"category","embeddable":true,"href":"https:\/\/bisbalpenedes.com\/web\/wp-json\/wp\/v2\/categories?post=8992"},{"taxonomy":"post_tag","embeddable":true,"href":"https:\/\/bisbalpenedes.com\/web\/wp-json\/wp\/v2\/tags?post=8992"}],"curies":[{"name":"wp","href":"https:\/\/api.w.org\/{rel}","templated":true}]}}