{"id":8986,"date":"2019-03-08T15:48:01","date_gmt":"2019-03-08T14:48:01","guid":{"rendered":"http:\/\/bisbalpenedes.com\/web\/?p=8986"},"modified":"2019-03-08T16:03:13","modified_gmt":"2019-03-08T15:03:13","slug":"la-junta-de-govern-ha-aprovat-el-pagament-de-les-subvencions-de-menjador-escolar","status":"publish","type":"post","link":"https:\/\/bisbalpenedes.com\/web\/2019\/03\/08\/la-junta-de-govern-ha-aprovat-el-pagament-de-les-subvencions-de-menjador-escolar\/","title":{"rendered":"La Junta de govern ha aprovat el pagament de les subvencions de menjador escolar"},"content":{"rendered":"<p style=\"text-align: justify;\"><span style=\"color: #000000;\">La Junta de govern del 8 de mar\u00e7 de 2019 ha aprovat el pagament de les subvencions de menjador escolar corresponents als mesos de setembre a gener (ambd\u00f3s inclosos) del curs 2018\/2019 de l\u2019Escola Ull de Vent i la Llar d\u2019infants l\u2019Oreneta. En total han presentat la sol\u00b7licitud de la subvenci\u00f3 de menjador escolar 109 fam\u00edlies, de les quals 84\u00a0 han resultat benefici\u00e0ries. Aix\u00ed, s\u2019ha aprovat el pagament de l\u2019import de 5.467,62\u20ac a distribuir les fam\u00edlies benefici\u00e0ries.<\/span><\/p>\n<p style=\"text-align: justify;\"><span style=\"color: #000000;\">De les 109 fam\u00edlies sol\u00b7licitants, 84 fam\u00edlies complien tots els requisits de la convocat\u00f2ria i, per tant, rebran la subvenci\u00f3. Quant a les 25 fam\u00edlies que no s\u00f3n benefici\u00e0ries, s\u2019ha desestimat l\u2019entrega de la subvenci\u00f3 a 24 fam\u00edlies per incomplir un dels requisits de la llei de subvencions, que exigeix que les fam\u00edlies han d\u2019estar al corrent de pagament amb Hisenda, la Seguretat Social i l\u2019Ajuntament de la Bisbal del Pened\u00e8s, i a 1 fam\u00edlia pel fet de no estar empadronada a la Bisbal del Pened\u00e8s, un requisit que figurava a les bases de la subvenci\u00f3.<\/span><\/p>\n<p style=\"text-align: justify;\"><span style=\"color: #000000;\">Al final d\u2019aquest curs escolar s\u2019aprovaran i pagaran les subvencions corresponents als mesos de febrer a juny (ambd\u00f3s inclosos).<\/span><\/p>\n<hr \/>\n<p style=\"text-align: justify;\"><span style=\"color: #000000;\"><strong>CASTELLANO |<\/strong> La Junta de gobierno del 8 de marzo del 2019 ha aprobado el pago de las subvenciones de comedor escolar correspondientes a los meses de septiembre a enero (ambos incluidos) del curso 2018\/2019 de la Escola Ull de Vent y la Llar d&#8217;infants l&#8217;Oreneta. En total han presentado la solicitud de la subvenci\u00f3n de comedor escolar 109 familias, de las cuales 84 han resultado beneficiarias. As\u00ed, se ha aprobado el pago del importe de 5.467,62\u20ac a distribuir las familias beneficiarias.<\/span><\/p>\n<p style=\"text-align: justify;\"><span style=\"color: #000000;\">De las 109 familias solicitantes, 84 familias cumpl\u00edan todos los requisitos de la convocatoria y, por lo tanto, recibir\u00e1n la subvenci\u00f3n. En cuanto a las 25 familias que no son beneficiarias, se ha desestimado la entrega de la subvenci\u00f3n a 24 familias por incumplir uno de los requisitos de la ley de subvenciones, que exige que las familias deben estar al corriente de pago con Hacienda, la Seguridad Social y el Ayuntamiento de la Bisbal del Pened\u00e8s, y a 1 familia por el hecho de no estar empadronada en la Bisbal del Pened\u00e8s, un requisito que figuraba en las bases de la subvenci\u00f3n.<\/span><\/p>\n<p style=\"text-align: justify;\"><span style=\"color: #000000;\">Al final de este curso escolar se aprobar\u00e1n y pagar\u00e1n las subvenciones correspondientes a los meses de febrero a junio (ambos incluidos).<\/span><\/p>\n","protected":false},"excerpt":{"rendered":"<p>La Junta de govern del 8 de mar\u00e7 de 2019 ha aprovat el pagament de les subvencions de menjador escolar corresponents als mesos de setembre a gener (ambd\u00f3s inclosos) del &hellip; <a href=\"https:\/\/bisbalpenedes.com\/web\/2019\/03\/08\/la-junta-de-govern-ha-aprovat-el-pagament-de-les-subvencions-de-menjador-escolar\/\" class=\"more-link\">Read More<\/a><\/p>\n","protected":false},"author":4,"featured_media":6354,"comment_status":"closed","ping_status":"closed","sticky":false,"template":"","format":"standard","meta":[],"categories":[2397],"tags":[337,1703,336,99,102],"_links":{"self":[{"href":"https:\/\/bisbalpenedes.com\/web\/wp-json\/wp\/v2\/posts\/8986"}],"collection":[{"href":"https:\/\/bisbalpenedes.com\/web\/wp-json\/wp\/v2\/posts"}],"about":[{"href":"https:\/\/bisbalpenedes.com\/web\/wp-json\/wp\/v2\/types\/post"}],"author":[{"embeddable":true,"href":"https:\/\/bisbalpenedes.com\/web\/wp-json\/wp\/v2\/users\/4"}],"replies":[{"embeddable":true,"href":"https:\/\/bisbalpenedes.com\/web\/wp-json\/wp\/v2\/comments?post=8986"}],"version-history":[{"count":2,"href":"https:\/\/bisbalpenedes.com\/web\/wp-json\/wp\/v2\/posts\/8986\/revisions"}],"predecessor-version":[{"id":8989,"href":"https:\/\/bisbalpenedes.com\/web\/wp-json\/wp\/v2\/posts\/8986\/revisions\/8989"}],"wp:featuredmedia":[{"embeddable":true,"href":"https:\/\/bisbalpenedes.com\/web\/wp-json\/wp\/v2\/media\/6354"}],"wp:attachment":[{"href":"https:\/\/bisbalpenedes.com\/web\/wp-json\/wp\/v2\/media?parent=8986"}],"wp:term":[{"taxonomy":"category","embeddable":true,"href":"https:\/\/bisbalpenedes.com\/web\/wp-json\/wp\/v2\/categories?post=8986"},{"taxonomy":"post_tag","embeddable":true,"href":"https:\/\/bisbalpenedes.com\/web\/wp-json\/wp\/v2\/tags?post=8986"}],"curies":[{"name":"wp","href":"https:\/\/api.w.org\/{rel}","templated":true}]}}