{"id":8965,"date":"2019-03-07T10:23:35","date_gmt":"2019-03-07T09:23:35","guid":{"rendered":"http:\/\/bisbalpenedes.com\/web\/?p=8965"},"modified":"2019-03-07T14:09:37","modified_gmt":"2019-03-07T13:09:37","slug":"el-diumenge-17-de-marc-a-les-11h-tindra-lloc-el-cros-escolar-a-la-bisbal-del-penedes","status":"publish","type":"post","link":"https:\/\/bisbalpenedes.com\/web\/2019\/03\/07\/el-diumenge-17-de-marc-a-les-11h-tindra-lloc-el-cros-escolar-a-la-bisbal-del-penedes\/","title":{"rendered":"El diumenge 17 de mar\u00e7 a les 11h tindr\u00e0 lloc el cros comarcal de la Bisbal del Pened\u00e8s"},"content":{"rendered":"<p>Un any m\u00e9s, arriba el Cros a la Bisbal del Pened\u00e8s. Enguany tindr\u00e0 lloc el diumenge 17 de mar\u00e7, a partir de les 11.00h, des de l&#8217;avda. Baix Pened\u00e8s. La cursa comptar\u00e0 amb la participaci\u00f3 d&#8217;infants i joves de tota la comarca, entre els quals hi haur\u00e0 els alumnes de l&#8217;Escola Ull de Vent i de l&#8217;Institut Coster de la Torre.<\/p>\n<hr \/>\n<p><strong>CASTELLANO |<\/strong>\u00a0Un a\u00f1o m\u00e1s, llega el Cros a la Bisbal del Pened\u00e8s. Este a\u00f1o tendr\u00e1 lugar el domingo 17 de marzo, a partir de las 11.00h, desde la avda. Baix Pened\u00e8s. La carrera contar\u00e1 con la participaci\u00f3n de ni\u00f1os y j\u00f3venes de toda la comarca, entre los cuales habr\u00e1 los alumnos de la Escola Ull de Vent y del Institut Coster de la Torre.<\/p>\n<p><a href=\"http:\/\/bisbalpenedes.com\/web\/wp-content\/uploads\/2019\/03\/CROS-2019-CARTELL-A.jpg\"><img loading=\"lazy\" class=\"aligncenter size-full wp-image-8975\" src=\"http:\/\/bisbalpenedes.com\/web\/wp-content\/uploads\/2019\/03\/CROS-2019-CARTELL-A.jpg\" alt=\"CROS-2019-CARTELL-A\" width=\"595\" height=\"842\" srcset=\"https:\/\/bisbalpenedes.com\/web\/wp-content\/uploads\/2019\/03\/CROS-2019-CARTELL-A.jpg 595w, https:\/\/bisbalpenedes.com\/web\/wp-content\/uploads\/2019\/03\/CROS-2019-CARTELL-A-212x300.jpg 212w\" sizes=\"(max-width: 595px) 100vw, 595px\" \/><\/a><\/p>\n<p>&nbsp;<\/p>\n","protected":false},"excerpt":{"rendered":"<p>Un any m\u00e9s, arriba el Cros a la Bisbal del Pened\u00e8s. Enguany tindr\u00e0 lloc el diumenge 17 de mar\u00e7, a partir de les 11.00h, des de l&#8217;avda. Baix Pened\u00e8s. La &hellip; <a href=\"https:\/\/bisbalpenedes.com\/web\/2019\/03\/07\/el-diumenge-17-de-marc-a-les-11h-tindra-lloc-el-cros-escolar-a-la-bisbal-del-penedes\/\" class=\"more-link\">Read More<\/a><\/p>\n","protected":false},"author":4,"featured_media":8975,"comment_status":"closed","ping_status":"closed","sticky":false,"template":"","format":"standard","meta":[],"categories":[19,8],"tags":[218,2853,2854],"_links":{"self":[{"href":"https:\/\/bisbalpenedes.com\/web\/wp-json\/wp\/v2\/posts\/8965"}],"collection":[{"href":"https:\/\/bisbalpenedes.com\/web\/wp-json\/wp\/v2\/posts"}],"about":[{"href":"https:\/\/bisbalpenedes.com\/web\/wp-json\/wp\/v2\/types\/post"}],"author":[{"embeddable":true,"href":"https:\/\/bisbalpenedes.com\/web\/wp-json\/wp\/v2\/users\/4"}],"replies":[{"embeddable":true,"href":"https:\/\/bisbalpenedes.com\/web\/wp-json\/wp\/v2\/comments?post=8965"}],"version-history":[{"count":7,"href":"https:\/\/bisbalpenedes.com\/web\/wp-json\/wp\/v2\/posts\/8965\/revisions"}],"predecessor-version":[{"id":8982,"href":"https:\/\/bisbalpenedes.com\/web\/wp-json\/wp\/v2\/posts\/8965\/revisions\/8982"}],"wp:featuredmedia":[{"embeddable":true,"href":"https:\/\/bisbalpenedes.com\/web\/wp-json\/wp\/v2\/media\/8975"}],"wp:attachment":[{"href":"https:\/\/bisbalpenedes.com\/web\/wp-json\/wp\/v2\/media?parent=8965"}],"wp:term":[{"taxonomy":"category","embeddable":true,"href":"https:\/\/bisbalpenedes.com\/web\/wp-json\/wp\/v2\/categories?post=8965"},{"taxonomy":"post_tag","embeddable":true,"href":"https:\/\/bisbalpenedes.com\/web\/wp-json\/wp\/v2\/tags?post=8965"}],"curies":[{"name":"wp","href":"https:\/\/api.w.org\/{rel}","templated":true}]}}