{"id":8950,"date":"2019-03-04T14:36:13","date_gmt":"2019-03-04T13:36:13","guid":{"rendered":"http:\/\/bisbalpenedes.com\/web\/?p=8950"},"modified":"2019-03-04T14:36:13","modified_gmt":"2019-03-04T13:36:13","slug":"lajuntament-de-la-bisbal-del-penedes-vol-invertir-en-un-nou-collector-daigues-residuals-per-al-priorat","status":"publish","type":"post","link":"https:\/\/bisbalpenedes.com\/web\/2019\/03\/04\/lajuntament-de-la-bisbal-del-penedes-vol-invertir-en-un-nou-collector-daigues-residuals-per-al-priorat\/","title":{"rendered":"L\u2019Ajuntament de la Bisbal del Pened\u00e8s vol invertir en un nou col\u00b7lector d\u2019aigues residuals per al Priorat"},"content":{"rendered":"<p style=\"text-align: justify;\"><a href=\"http:\/\/bisbalpenedes.com\/web\/wp-content\/uploads\/2019\/03\/Priorat-de-la-Bisbal.jpg\"><img loading=\"lazy\" class=\"aligncenter size-medium wp-image-8958\" src=\"http:\/\/bisbalpenedes.com\/web\/wp-content\/uploads\/2019\/03\/Priorat-de-la-Bisbal-300x264.jpg\" alt=\"Priorat de la Bisbal\" width=\"300\" height=\"264\" srcset=\"https:\/\/bisbalpenedes.com\/web\/wp-content\/uploads\/2019\/03\/Priorat-de-la-Bisbal-300x264.jpg 300w, https:\/\/bisbalpenedes.com\/web\/wp-content\/uploads\/2019\/03\/Priorat-de-la-Bisbal-600x528.jpg 600w, https:\/\/bisbalpenedes.com\/web\/wp-content\/uploads\/2019\/03\/Priorat-de-la-Bisbal-768x676.jpg 768w, https:\/\/bisbalpenedes.com\/web\/wp-content\/uploads\/2019\/03\/Priorat-de-la-Bisbal-1024x902.jpg 1024w\" sizes=\"(max-width: 300px) 100vw, 300px\" \/><\/a><\/p>\n<p style=\"text-align: justify;\"><span style=\"color: #000000;\">L\u2019Ajuntament de la Bisbal del Pened\u00e8s vol instal\u00b7lar un nou col\u00b7lector d\u2019aig\u00fces residuals al Priorat de la Bisbal i, per aquest motiu, ha sol\u00b7licitat la subvenci\u00f3 del PAM (Pla d\u2019Acci\u00f3 Municipal) i PEXI de la Diputaci\u00f3 de Tarragona que, per al municipi, seria de 74.013\u20ac.<\/span><\/p>\n<p style=\"text-align: justify;\"><span style=\"color: #000000;\">El projecte que es vol executar consisteix en realitzar les actuacions necess\u00e0ries per substituir les canalitzacions principals del col\u00b7lector d\u2019aig\u00fces residuals del cabal principal de la urbanitzaci\u00f3 del Priorat de la Bisbal. Segons l\u2019alcaldessa Agn\u00e8s Ferr\u00e9 \u201cen l\u2019actualitat aquestes canalitzacions estan en molt mal estat de conservaci\u00f3 i \u00e9s necessari fer una inversi\u00f3 important per garantir el seu bon funcionament. En aquesta xarxa de clavegueram no s\u2019ha fet cap inversi\u00f3 des que es va construir i, tot i que aquesta problem\u00e0tica de funcionament fa anys que hi \u00e9s, fins ara no s\u2019hi havia actuat\u201d.<\/span><\/p>\n<p style=\"text-align: justify;\"><span style=\"color: #000000;\">La xarxa de clavegueram de la part alta del Priorat va a parar, en diferents camals o afluents, a la canalitzaci\u00f3 principal que est\u00e0 situada al mig de la riera natural que descendeix fins al <em>fondo Many\u00e9<\/em>. Es tracta d\u2019un terreny muntany\u00f3s i amb molt de desnivell, ple de pins i matolls, aix\u00ed com plantes arbustives. Per canviar aquest tram de clavegueram principal, cal:<\/span><\/p>\n<p style=\"text-align: justify; padding-left: 30px;\"><span style=\"color: #000000;\">-Desbrossar la zona boscosa per on transiten els trams de clavegueram (la part dels voltants i del tub, d\u2019una longitud de 600m).<\/span><\/p>\n<p style=\"text-align: justify; padding-left: 30px;\"><span style=\"color: #000000;\">-Executar 600m de rasa pel nou col\u00b7lector de sanejament i els 14 pous de registre.<\/span><\/p>\n<p style=\"text-align: justify; padding-left: 30px;\"><span style=\"color: #000000;\">-Terraplenar i piconar la rasa i els pous amb terres adequades.<\/span><\/p>\n<p style=\"text-align: justify; padding-left: 30px;\"><span style=\"color: #000000;\">-Instal\u00b7lar el col\u00b7lector i pous per afluents residuals.<\/span><\/p>\n<p style=\"text-align: justify; padding-left: 30px;\"><span style=\"color: #000000;\">-Proves d\u2019estanquitat (amb aigua) per comprovar la correcta instal\u00b7laci\u00f3 del conjunt de col\u00b7lector i pous.<\/span><\/p>\n<p style=\"text-align: justify; padding-left: 30px;\"><span style=\"color: #000000;\">-Execuci\u00f3 de la protecci\u00f3 d\u2019obra per al col\u00b7lector d\u2019aig\u00fces de residuals. La rasa per on discorre el col\u00b7lector s\u2019omplir\u00e0 de la terra vegetal que s\u2019hagi tret per fer la rasa. Damunt de la mateixa s\u2019hi far\u00e0 una capa de formig\u00f3 per protegir la canalitzaci\u00f3.<\/span><\/p>\n<p style=\"text-align: justify; padding-left: 30px;\"><span style=\"color: #000000;\">-Connexi\u00f3 amb la xarxa de sanejament existent, deixant a partir d\u2019aquell moment el tram existent fora de servei.<\/span><\/p>\n<p style=\"text-align: justify; padding-left: 30px;\"><span style=\"color: #000000;\">-Controls i proves finals d\u2019instal\u00b7laci\u00f3.<\/span><\/p>\n<p style=\"text-align: justify;\"><span style=\"color: #000000;\">L\u2019alcaldessa Agn\u00e8s Ferr\u00e9 ha explicat que \u201cl\u2019obra del nou col\u00b7lector d\u2019aig\u00fces residuals del Priorat de la Bisbal \u00e9s complexa, tant per la quantitat de metres d\u2019obra com per la dificultat del terreny. Preveiem que la durada de l\u2019obra ser\u00e0 d\u2019entre 8 i 10 mesos\u201d.<\/span><\/p>\n<p style=\"text-align: justify;\"><span style=\"color: #000000;\">El pressupost total, amb IVA incl\u00f2s, ascendeix a 84.961,44\u20ac i l\u2019Ajuntament ha sol\u00b7licitat la subvenci\u00f3 del Pla d\u2019Acci\u00f3 Municipal de la Diputaci\u00f3 de Tarragona per un import de 74.013\u20ac. La resoluci\u00f3 de l\u2019atorgament de la subvenci\u00f3 ser\u00e0 a finals de maig o comen\u00e7aments de juny i, a partir del moment de la concessi\u00f3, es podr\u00e0 licitar l\u2019obra.<\/span><\/p>\n<hr \/>\n<p style=\"text-align: justify;\"><a href=\"http:\/\/bisbalpenedes.com\/web\/wp-content\/uploads\/2019\/03\/Priorat-de-la-Bisbal.jpg\"><img loading=\"lazy\" class=\"aligncenter size-medium wp-image-8958\" src=\"http:\/\/bisbalpenedes.com\/web\/wp-content\/uploads\/2019\/03\/Priorat-de-la-Bisbal-300x264.jpg\" alt=\"Priorat de la Bisbal\" width=\"300\" height=\"264\" srcset=\"https:\/\/bisbalpenedes.com\/web\/wp-content\/uploads\/2019\/03\/Priorat-de-la-Bisbal-300x264.jpg 300w, https:\/\/bisbalpenedes.com\/web\/wp-content\/uploads\/2019\/03\/Priorat-de-la-Bisbal-600x528.jpg 600w, https:\/\/bisbalpenedes.com\/web\/wp-content\/uploads\/2019\/03\/Priorat-de-la-Bisbal-768x676.jpg 768w, https:\/\/bisbalpenedes.com\/web\/wp-content\/uploads\/2019\/03\/Priorat-de-la-Bisbal-1024x902.jpg 1024w\" sizes=\"(max-width: 300px) 100vw, 300px\" \/><\/a><\/p>\n<p style=\"text-align: justify;\"><span style=\"color: #000000;\"><strong>CASTELLANO |<\/strong> El Ayuntamiento de la Bisbal del Pened\u00e8s quiere instalar un nuevo colector de aguas residuales en el Priorato de la Bisbal y, por este motivo, ha solicitado la subvenci\u00f3n del PAM (Pla d&#8217;Acci\u00f3 Municipal) y PEXI de la Diputaci\u00f3n de Tarragona que, para el municipio, ser\u00eda de 74.013\u20ac.<\/span><\/p>\n<p style=\"text-align: justify;\"><span style=\"color: #000000;\">El proyecto que se quiere ejecutar consiste en realizar las actuaciones necesarias para sustituir las canalizaciones principales del colector de aguas residuales del cabal principal de la urbanizaci\u00f3n del Priorat de la Bisbal. Seg\u00fan la alcaldesa Agn\u00e8s Ferr\u00e9 &#8220;en la actualidad estas canalizaciones est\u00e1n en muy mal estado de conservaci\u00f3n y se hace necesario hacer una inversi\u00f3n importante para garantizar su buen funcionamiento. En esta red de alcantarillado no se ha hecho ninguna inversi\u00f3n desde que se construy\u00f3 y, aunque esta problem\u00e1tica de funcionamiento ya hace a\u00f1os que est\u00e1, hasta ahora no se hab\u00eda actuado&#8221;.<\/span><\/p>\n<p style=\"text-align: justify;\"><span style=\"color: #000000;\">La red de alcantarillado de la parte alta del Priorato llega, en diferentes ramales o afluentes, a la canalizaci\u00f3n principal que est\u00e1 situada en medio de la riera natural que desciende hasta el <em>fondo Many\u00e9<\/em>. Se trata de un terreno monta\u00f1oso y con mucho desnivel, lleno de pinos y matojos, as\u00ed como plantas arbustivas. Para cambiar este tramo de alcantarillado principal, es necesario:<\/span><\/p>\n<p style=\"text-align: justify; padding-left: 30px;\"><span style=\"color: #000000;\">-Desbrozar la zona boscosa por donde transitan los tramos de alcantarillado (la parte de los alrededores y del tubo, de una longitud de 600m).<\/span><\/p>\n<p style=\"text-align: justify; padding-left: 30px;\"><span style=\"color: #000000;\">-Ejecutar 600m de rasa por el nuevo colector de saneamiento y sus 14 pozos de registro.<\/span><\/p>\n<p style=\"text-align: justify; padding-left: 30px;\"><span style=\"color: #000000;\">-Terraplenar y\u00a0apisonar la rasa y los pozos con las tierras adecuadas.<\/span><\/p>\n<p style=\"text-align: justify; padding-left: 30px;\"><span style=\"color: #000000;\">-Instalar el colector y pozos para afluentes residuales<\/span><\/p>\n<p style=\"text-align: justify; padding-left: 30px;\"><span style=\"color: #000000;\">-Pruebas de estanqueidad (con agua) para comprobar la correcta instalaci\u00f3n del conjunto de colector y pozos.<\/span><\/p>\n<p style=\"text-align: justify; padding-left: 30px;\"><span style=\"color: #000000;\">-Ejecuci\u00f3n de la protecci\u00f3n de obra para el colector de aguas de residuales. La rasa por donde discurre el colector se llenar\u00e1 de la tierra vegetal que se haya sacado para hacer la rasa. Encima de la misma se har\u00e1 una capa de hormig\u00f3n para proteger la canalizaci\u00f3n.<\/span><\/p>\n<p style=\"text-align: justify; padding-left: 30px;\"><span style=\"color: #000000;\">-Conexi\u00f3n con la red de saneamiento existente, dejando a partir de aquel momento el tramo existente fuera de servicio.<\/span><\/p>\n<p style=\"text-align: justify; padding-left: 30px;\"><span style=\"color: #000000;\">-Controles y pruebas finales de instalaci\u00f3n.<\/span><\/p>\n<p style=\"text-align: justify;\"><span style=\"color: #000000;\">La alcaldesa Agn\u00e8s Ferr\u00e9 ha explicado que &#8220;la obra del nuevo colector de aguas residuales del Priorat de la Bisbal es compleja, tanto por la cantidad de metros de obra como por la dificultad del terreno. Prevemos que la duraci\u00f3n de la obra ser\u00e1 de entre 8 y 10 meses&#8221;.<\/span><\/p>\n<p style=\"text-align: justify;\"><span style=\"color: #000000;\">El presupuesto total, con IVA incluido, asciende a 84.961,44\u20ac y el Ayuntamiento ha solicitado la subvenci\u00f3n del Plan de Acci\u00f3n Municipal de la Diputaci\u00f3n de Tarragona por un importe de 74.013\u20ac. La resoluci\u00f3n del otorgamiento de la subvenci\u00f3n ser\u00e1 a finales de mayo o principios de junio y, a partir del momento de la concesi\u00f3n, se podr\u00e1 licitar la obra.<\/span><\/p>\n<p style=\"text-align: justify;\">\n","protected":false},"excerpt":{"rendered":"<p>L\u2019Ajuntament de la Bisbal del Pened\u00e8s vol instal\u00b7lar un nou col\u00b7lector d\u2019aig\u00fces residuals al Priorat de la Bisbal i, per aquest motiu, ha sol\u00b7licitat la subvenci\u00f3 del PAM (Pla d\u2019Acci\u00f3 &hellip; <a href=\"https:\/\/bisbalpenedes.com\/web\/2019\/03\/04\/lajuntament-de-la-bisbal-del-penedes-vol-invertir-en-un-nou-collector-daigues-residuals-per-al-priorat\/\" class=\"more-link\">Read More<\/a><\/p>\n","protected":false},"author":4,"featured_media":8958,"comment_status":"closed","ping_status":"closed","sticky":false,"template":"","format":"standard","meta":[],"categories":[8,15],"tags":[161,2851,2765,1107,520],"_links":{"self":[{"href":"https:\/\/bisbalpenedes.com\/web\/wp-json\/wp\/v2\/posts\/8950"}],"collection":[{"href":"https:\/\/bisbalpenedes.com\/web\/wp-json\/wp\/v2\/posts"}],"about":[{"href":"https:\/\/bisbalpenedes.com\/web\/wp-json\/wp\/v2\/types\/post"}],"author":[{"embeddable":true,"href":"https:\/\/bisbalpenedes.com\/web\/wp-json\/wp\/v2\/users\/4"}],"replies":[{"embeddable":true,"href":"https:\/\/bisbalpenedes.com\/web\/wp-json\/wp\/v2\/comments?post=8950"}],"version-history":[{"count":2,"href":"https:\/\/bisbalpenedes.com\/web\/wp-json\/wp\/v2\/posts\/8950\/revisions"}],"predecessor-version":[{"id":8959,"href":"https:\/\/bisbalpenedes.com\/web\/wp-json\/wp\/v2\/posts\/8950\/revisions\/8959"}],"wp:featuredmedia":[{"embeddable":true,"href":"https:\/\/bisbalpenedes.com\/web\/wp-json\/wp\/v2\/media\/8958"}],"wp:attachment":[{"href":"https:\/\/bisbalpenedes.com\/web\/wp-json\/wp\/v2\/media?parent=8950"}],"wp:term":[{"taxonomy":"category","embeddable":true,"href":"https:\/\/bisbalpenedes.com\/web\/wp-json\/wp\/v2\/categories?post=8950"},{"taxonomy":"post_tag","embeddable":true,"href":"https:\/\/bisbalpenedes.com\/web\/wp-json\/wp\/v2\/tags?post=8950"}],"curies":[{"name":"wp","href":"https:\/\/api.w.org\/{rel}","templated":true}]}}