{"id":8938,"date":"2019-03-04T11:46:34","date_gmt":"2019-03-04T10:46:34","guid":{"rendered":"http:\/\/bisbalpenedes.com\/web\/?p=8938"},"modified":"2019-03-04T11:49:02","modified_gmt":"2019-03-04T10:49:02","slug":"el-local-social-de-la-miralba-ja-es-una-realitat-aquest-dissabte-2-de-marc-sha-inaugurat","status":"publish","type":"post","link":"https:\/\/bisbalpenedes.com\/web\/2019\/03\/04\/el-local-social-de-la-miralba-ja-es-una-realitat-aquest-dissabte-2-de-marc-sha-inaugurat\/","title":{"rendered":"El local social de la Miralba ja \u00e9s una realitat: aquest dissabte 2 de mar\u00e7 s\u2019ha inaugurat"},"content":{"rendered":"<p><a href=\"http:\/\/bisbalpenedes.com\/web\/wp-content\/uploads\/2019\/03\/tRbPdODg.jpeg\"><img loading=\"lazy\" class=\"aligncenter size-large wp-image-8948\" src=\"http:\/\/bisbalpenedes.com\/web\/wp-content\/uploads\/2019\/03\/tRbPdODg-1024x683.jpeg\" alt=\"tRbPdODg\" width=\"630\" height=\"420\" srcset=\"https:\/\/bisbalpenedes.com\/web\/wp-content\/uploads\/2019\/03\/tRbPdODg-1024x683.jpeg 1024w, https:\/\/bisbalpenedes.com\/web\/wp-content\/uploads\/2019\/03\/tRbPdODg-600x400.jpeg 600w, https:\/\/bisbalpenedes.com\/web\/wp-content\/uploads\/2019\/03\/tRbPdODg-300x200.jpeg 300w, https:\/\/bisbalpenedes.com\/web\/wp-content\/uploads\/2019\/03\/tRbPdODg-768x512.jpeg 768w\" sizes=\"(max-width: 630px) 100vw, 630px\" \/><\/a><\/p>\n<p style=\"text-align: justify;\">\n<p style=\"text-align: justify;\"><span style=\"color: #000000;\">Aquest dissabte 2 de mar\u00e7 ha tingut lloc la inauguraci\u00f3 del local social de la Miralba, un nou equipament municipal de 230,33 m\u00b2 constru\u00efts que permetr\u00e0 que els ve\u00efns puguin comptar amb un espai on realitzar activitats i reunions. L\u2019espai, que ha tingut un cost total de 239.376,15\u20ac s\u2019ha finan\u00e7at, en bona part, gr\u00e0cies al Pla d\u2019Acci\u00f3 Municipal (PAM) de la Diputaci\u00f3 de Tarragona.<\/span><\/p>\n<p style=\"text-align: justify;\"><a href=\"http:\/\/bisbalpenedes.com\/web\/wp-content\/uploads\/2019\/03\/local-miralba-agnes-e1551695911436.jpeg\"><img loading=\"lazy\" class=\"aligncenter size-medium wp-image-8941\" src=\"http:\/\/bisbalpenedes.com\/web\/wp-content\/uploads\/2019\/03\/local-miralba-agnes-e1551695911436-300x254.jpeg\" alt=\"local miralba agnes\" width=\"300\" height=\"254\" srcset=\"https:\/\/bisbalpenedes.com\/web\/wp-content\/uploads\/2019\/03\/local-miralba-agnes-e1551695911436-300x254.jpeg 300w, https:\/\/bisbalpenedes.com\/web\/wp-content\/uploads\/2019\/03\/local-miralba-agnes-e1551695911436-600x508.jpeg 600w, https:\/\/bisbalpenedes.com\/web\/wp-content\/uploads\/2019\/03\/local-miralba-agnes-e1551695911436-768x650.jpeg 768w, https:\/\/bisbalpenedes.com\/web\/wp-content\/uploads\/2019\/03\/local-miralba-agnes-e1551695911436-1024x866.jpeg 1024w, https:\/\/bisbalpenedes.com\/web\/wp-content\/uploads\/2019\/03\/local-miralba-agnes-e1551695911436.jpeg 1220w\" sizes=\"(max-width: 300px) 100vw, 300px\" \/><\/a><\/p>\n<p style=\"text-align: justify;\"><span style=\"color: #000000;\">Durant la inauguraci\u00f3, l\u2019alcaldessa de la Bisbal del Pened\u00e8s, Agn\u00e8s Ferr\u00e9, ha explicat que aquest projecte ha comptat amb \u201ctres pilars fonamentals: el primer, la voluntat de l\u2019equip de govern de fer-lo realitat i els recursos de l\u2019Ajuntament de la Bisbal del Pened\u00e8s; el segon, els recursos i suport de la Diputaci\u00f3 de la Tarragona; i el tercer, l\u2019acompanyament constant de l\u2019Associaci\u00f3 de Ve\u00efns de la Miralba, des de l\u2019inici del projecte i fins ara\u201d. Ferr\u00e9 ha reiterat \u201cel gran valor del poder associatiu del municipi i la import\u00e0ncia de la bona comunicaci\u00f3 amb les entitats per poder fer realitat projectes com aquest\u201d.<\/span><\/p>\n<p style=\"text-align: justify;\"><a href=\"http:\/\/bisbalpenedes.com\/web\/wp-content\/uploads\/2019\/03\/diego-castellon.jpeg\"><img loading=\"lazy\" class=\"aligncenter size-medium wp-image-8942\" src=\"http:\/\/bisbalpenedes.com\/web\/wp-content\/uploads\/2019\/03\/diego-castellon-300x200.jpeg\" alt=\"diego castellon\" width=\"300\" height=\"200\" srcset=\"https:\/\/bisbalpenedes.com\/web\/wp-content\/uploads\/2019\/03\/diego-castellon-300x200.jpeg 300w, https:\/\/bisbalpenedes.com\/web\/wp-content\/uploads\/2019\/03\/diego-castellon-600x400.jpeg 600w, https:\/\/bisbalpenedes.com\/web\/wp-content\/uploads\/2019\/03\/diego-castellon-768x512.jpeg 768w, https:\/\/bisbalpenedes.com\/web\/wp-content\/uploads\/2019\/03\/diego-castellon-1024x682.jpeg 1024w, https:\/\/bisbalpenedes.com\/web\/wp-content\/uploads\/2019\/03\/diego-castellon.jpeg 1600w\" sizes=\"(max-width: 300px) 100vw, 300px\" \/><\/a><\/p>\n<p style=\"text-align: justify;\"><span style=\"color: #000000;\">Al seu torn, el president de l\u2019Associaci\u00f3 de Ve\u00efns de la Miralba, Diego Castell\u00f3n ha relatat que \u201cfa tres anys ens vam reunir just aqu\u00ed al darrere per fundar l\u2019Associaci\u00f3 de Ve\u00efns de la Miralba i feia molt de fred, per\u00f2 no ten\u00edem lloc on reunir-nos. Vam fundar l\u2019associaci\u00f3 i la nostra idea era parlar amb l\u2019Ajuntament per fer el local social. Avui, tres anys despr\u00e9s, estem aqu\u00ed i el local ja est\u00e0 constru\u00eft\u201d.\u00a0<\/span><\/p>\n<p style=\"text-align: justify;\"><a href=\"http:\/\/bisbalpenedes.com\/web\/wp-content\/uploads\/2019\/03\/josep-poblet-reduida.jpg\"><img loading=\"lazy\" class=\"aligncenter size-medium wp-image-8943\" src=\"http:\/\/bisbalpenedes.com\/web\/wp-content\/uploads\/2019\/03\/josep-poblet-reduida-300x200.jpg\" alt=\"josep poblet reduida\" width=\"300\" height=\"200\" srcset=\"https:\/\/bisbalpenedes.com\/web\/wp-content\/uploads\/2019\/03\/josep-poblet-reduida-300x200.jpg 300w, https:\/\/bisbalpenedes.com\/web\/wp-content\/uploads\/2019\/03\/josep-poblet-reduida-600x400.jpg 600w, https:\/\/bisbalpenedes.com\/web\/wp-content\/uploads\/2019\/03\/josep-poblet-reduida-768x512.jpg 768w, https:\/\/bisbalpenedes.com\/web\/wp-content\/uploads\/2019\/03\/josep-poblet-reduida-1024x682.jpg 1024w, https:\/\/bisbalpenedes.com\/web\/wp-content\/uploads\/2019\/03\/josep-poblet-reduida.jpg 2048w\" sizes=\"(max-width: 300px) 100vw, 300px\" \/><\/a><\/p>\n<p style=\"text-align: justify;\"><span style=\"color: #000000;\">Per la seva banda, el president de la Diputaci\u00f3 de Tarragona, Josep Poblet s&#8217;ha referit a l&#8217;acci\u00f3 de la Diputaci\u00f3, a trav\u00e9s del Pla d&#8217;Acci\u00f3 Municipal (PAM) i ha destacat que &#8220;als municipis no nom\u00e9s \u00e9s necessari resoldre les infraestructures,\u00a0 sin\u00f3 fer apostes decidides per la qualitat de vida dels ve\u00efns, creant espais on puguin desenvolupar la seva activitat com en el cas del casal de La Miralba&#8221;<\/span><\/p>\n<figure id=\"attachment_8944\" aria-describedby=\"caption-attachment-8944\" style=\"width: 630px\" class=\"wp-caption aligncenter\"><a href=\"http:\/\/bisbalpenedes.com\/web\/wp-content\/uploads\/2019\/03\/asociacio-ajutament-i-dipta-reduida.jpg\"><img loading=\"lazy\" class=\"wp-image-8944 size-large\" src=\"http:\/\/bisbalpenedes.com\/web\/wp-content\/uploads\/2019\/03\/asociacio-ajutament-i-dipta-reduida-1024x682.jpg\" alt=\"La Junta de lAssociaci\u00f3 de ve\u00efns de la Miralba amb el Josep Poblet, president de la Diputaci\u00f3 de Tarragona; Joaquim Nin, vicepresident de la Diputaci\u00f3 de Tarragona; i lalcaldessa de la Bisbal del Pened\u00e8s, Agn\u00e8s Ferr\u00e9.\" width=\"630\" height=\"420\" srcset=\"https:\/\/bisbalpenedes.com\/web\/wp-content\/uploads\/2019\/03\/asociacio-ajutament-i-dipta-reduida-1024x682.jpg 1024w, https:\/\/bisbalpenedes.com\/web\/wp-content\/uploads\/2019\/03\/asociacio-ajutament-i-dipta-reduida-600x400.jpg 600w, https:\/\/bisbalpenedes.com\/web\/wp-content\/uploads\/2019\/03\/asociacio-ajutament-i-dipta-reduida-300x200.jpg 300w, https:\/\/bisbalpenedes.com\/web\/wp-content\/uploads\/2019\/03\/asociacio-ajutament-i-dipta-reduida-768x511.jpg 768w, https:\/\/bisbalpenedes.com\/web\/wp-content\/uploads\/2019\/03\/asociacio-ajutament-i-dipta-reduida.jpg 1200w\" sizes=\"(max-width: 630px) 100vw, 630px\" \/><\/a><figcaption id=\"caption-attachment-8944\" class=\"wp-caption-text\">La Junta de l&#8217;Associaci\u00f3 de ve\u00efns de la Miralba amb el Josep Poblet, president de la Diputaci\u00f3 de Tarragona; Joaquim Nin, vicepresident de la Diputaci\u00f3 de Tarragona; i l&#8217;alcaldessa de la Bisbal del Pened\u00e8s, Agn\u00e8s Ferr\u00e9.<\/figcaption><\/figure>\n<p style=\"text-align: justify;\"><span style=\"color: #000000;\">El projecte de creaci\u00f3 del local social de la Miralba, per a l\u2019\u00fas dels ve\u00efns, es va iniciar l\u2019any 2016, quan la Regidoria d\u2019Urbanisme va iniciar el procediment per a la construcci\u00f3 d\u2019un local al carrer Gladiol, 6 de la Miralba. El cost total de l\u2019execuci\u00f3 de l\u2019obra ha estat de 239.376,15\u20ac (IVA incl\u00f2s), dels quals 215.438,54\u20ac es pagaran amb la subvenci\u00f3 del Pla d\u2019Acci\u00f3 Municipal (PAM) de la Diputaci\u00f3 de Tarragona i, la resta, amb fons propis municipals.<\/span><\/p>\n<p style=\"text-align: justify;\"><a href=\"http:\/\/bisbalpenedes.com\/web\/wp-content\/uploads\/2019\/03\/inauguracio-menjar-reduida.jpg\"><img loading=\"lazy\" class=\"aligncenter size-medium wp-image-8946\" src=\"http:\/\/bisbalpenedes.com\/web\/wp-content\/uploads\/2019\/03\/inauguracio-menjar-reduida-300x200.jpg\" alt=\"inauguracio menjar reduida\" width=\"300\" height=\"200\" srcset=\"https:\/\/bisbalpenedes.com\/web\/wp-content\/uploads\/2019\/03\/inauguracio-menjar-reduida-300x200.jpg 300w, https:\/\/bisbalpenedes.com\/web\/wp-content\/uploads\/2019\/03\/inauguracio-menjar-reduida-600x400.jpg 600w, https:\/\/bisbalpenedes.com\/web\/wp-content\/uploads\/2019\/03\/inauguracio-menjar-reduida-768x511.jpg 768w, https:\/\/bisbalpenedes.com\/web\/wp-content\/uploads\/2019\/03\/inauguracio-menjar-reduida-1024x682.jpg 1024w, https:\/\/bisbalpenedes.com\/web\/wp-content\/uploads\/2019\/03\/inauguracio-menjar-reduida.jpg 1200w\" sizes=\"(max-width: 300px) 100vw, 300px\" \/><\/a><\/p>\n<p style=\"text-align: justify;\"><span style=\"color: #000000;\">L\u2019espai compta amb una sala polivalent, dos despatxos, lavabos, bar, magatzem i porxos i, en tot moment, s\u2019ha projectat en comunicaci\u00f3 amb l\u2019Associaci\u00f3 de ve\u00efns de la Miralba, perqu\u00e8 els ve\u00efns de la zona poguessin donar el seu vistiplau als passos que s\u2019han anat seguint. L\u2019alcaldessa Agn\u00e8s Ferr\u00e9 ha explicat, durant la inauguraci\u00f3, que \u201cara falta per fer la porta d\u2019acc\u00e9s al carrer i instal\u00b7lar un panell m\u00f2bil que servir\u00e0 per dividir la sala polivalent en dos\u201d. A m\u00e9s, l\u2019Ajuntament de la Bisbal del Pened\u00e8s t\u00e9 la intenci\u00f3 d\u2019adequar, en els pr\u00f2xims mesos, un terreny d\u2019equipaments municipals que est\u00e0 ubicat just al costat del local social. D\u2019aquesta manera es podrien ampliar els equipaments i la zona de descans i oci de l\u2019exterior del local.<\/span><\/p>\n<p style=\"text-align: justify;\"><a href=\"http:\/\/bisbalpenedes.com\/web\/wp-content\/uploads\/2019\/03\/local-miralba-reduida.jpg\"><img loading=\"lazy\" class=\"aligncenter wp-image-8940 size-large\" src=\"http:\/\/bisbalpenedes.com\/web\/wp-content\/uploads\/2019\/03\/local-miralba-reduida-1024x768.jpg\" alt=\"local miralba reduida\" width=\"630\" height=\"473\" srcset=\"https:\/\/bisbalpenedes.com\/web\/wp-content\/uploads\/2019\/03\/local-miralba-reduida-1024x768.jpg 1024w, https:\/\/bisbalpenedes.com\/web\/wp-content\/uploads\/2019\/03\/local-miralba-reduida-600x450.jpg 600w, https:\/\/bisbalpenedes.com\/web\/wp-content\/uploads\/2019\/03\/local-miralba-reduida-300x225.jpg 300w, https:\/\/bisbalpenedes.com\/web\/wp-content\/uploads\/2019\/03\/local-miralba-reduida-768x576.jpg 768w, https:\/\/bisbalpenedes.com\/web\/wp-content\/uploads\/2019\/03\/local-miralba-reduida.jpg 1200w\" sizes=\"(max-width: 630px) 100vw, 630px\" \/><\/a><\/p>\n<hr \/>\n<p style=\"text-align: justify;\"><a href=\"http:\/\/bisbalpenedes.com\/web\/wp-content\/uploads\/2019\/03\/tRbPdODg.jpeg\"><img loading=\"lazy\" class=\"aligncenter size-large wp-image-8948\" src=\"http:\/\/bisbalpenedes.com\/web\/wp-content\/uploads\/2019\/03\/tRbPdODg-1024x683.jpeg\" alt=\"tRbPdODg\" width=\"630\" height=\"420\" srcset=\"https:\/\/bisbalpenedes.com\/web\/wp-content\/uploads\/2019\/03\/tRbPdODg-1024x683.jpeg 1024w, https:\/\/bisbalpenedes.com\/web\/wp-content\/uploads\/2019\/03\/tRbPdODg-600x400.jpeg 600w, https:\/\/bisbalpenedes.com\/web\/wp-content\/uploads\/2019\/03\/tRbPdODg-300x200.jpeg 300w, https:\/\/bisbalpenedes.com\/web\/wp-content\/uploads\/2019\/03\/tRbPdODg-768x512.jpeg 768w\" sizes=\"(max-width: 630px) 100vw, 630px\" \/><\/a><\/p>\n<p style=\"text-align: justify;\"><span style=\"color: #000000;\"><strong>CASTELLANO |<\/strong> Este s\u00e1bado 2 de marzo se ha inaugurado el local social de la Miralba, un nuevo equipamiento municipal de 230,33\u00a0m\u00b2 construidos que permitir\u00e1 que los vecinos puedan contar con un espacio donde realizar actividades y reuniones. El espacio, que ha tenido un coste total de 239.376,15\u20ac se ha financiado, en buena parte, gracias al Plan de Acci\u00f3n Municipal (PAM) de la Diputaci\u00f3n de Tarragona.<\/span><\/p>\n<p style=\"text-align: justify;\"><a href=\"http:\/\/bisbalpenedes.com\/web\/wp-content\/uploads\/2019\/03\/local-miralba-agnes-e1551695911436.jpeg\"><img loading=\"lazy\" class=\"aligncenter size-medium wp-image-8941\" src=\"http:\/\/bisbalpenedes.com\/web\/wp-content\/uploads\/2019\/03\/local-miralba-agnes-e1551695911436-300x254.jpeg\" alt=\"local miralba agnes\" width=\"300\" height=\"254\" srcset=\"https:\/\/bisbalpenedes.com\/web\/wp-content\/uploads\/2019\/03\/local-miralba-agnes-e1551695911436-300x254.jpeg 300w, https:\/\/bisbalpenedes.com\/web\/wp-content\/uploads\/2019\/03\/local-miralba-agnes-e1551695911436-600x508.jpeg 600w, https:\/\/bisbalpenedes.com\/web\/wp-content\/uploads\/2019\/03\/local-miralba-agnes-e1551695911436-768x650.jpeg 768w, https:\/\/bisbalpenedes.com\/web\/wp-content\/uploads\/2019\/03\/local-miralba-agnes-e1551695911436-1024x866.jpeg 1024w, https:\/\/bisbalpenedes.com\/web\/wp-content\/uploads\/2019\/03\/local-miralba-agnes-e1551695911436.jpeg 1220w\" sizes=\"(max-width: 300px) 100vw, 300px\" \/><\/a><\/p>\n<p style=\"text-align: justify;\"><span style=\"color: #000000;\">Durante la inauguraci\u00f3n, la alcaldesa de la Bisbal del Pened\u00e8s, Agn\u00e8s Ferr\u00e9, ha explicado que este proyecto ha contado con &#8220;tres pilares fundamentales: el primero, la voluntad del equipo de gobierno de hacerlo realidad y los recursos del Ayuntamiento de la Bisbal del Pened\u00e8s, el segundo, los recursos y soporte de la Diputaci\u00f3n de Tarragona; y el tercero, el acompa\u00f1amiento constante de la Asociaci\u00f3n de Vecinos de la Miralba, desde el inicio del proyecto hasta ahora&#8221;. Ferr\u00e9 ha reiterado &#8220;el gran valor del poder asociativo del municipio y la importancia de la buena comunicaci\u00f3n con las entidades para poder hacer realidad proyectos como este&#8221;.<\/span><\/p>\n<p style=\"text-align: justify;\"><a href=\"http:\/\/bisbalpenedes.com\/web\/wp-content\/uploads\/2019\/03\/diego-castellon.jpeg\"><img loading=\"lazy\" class=\"aligncenter size-medium wp-image-8942\" src=\"http:\/\/bisbalpenedes.com\/web\/wp-content\/uploads\/2019\/03\/diego-castellon-300x200.jpeg\" alt=\"diego castellon\" width=\"300\" height=\"200\" srcset=\"https:\/\/bisbalpenedes.com\/web\/wp-content\/uploads\/2019\/03\/diego-castellon-300x200.jpeg 300w, https:\/\/bisbalpenedes.com\/web\/wp-content\/uploads\/2019\/03\/diego-castellon-600x400.jpeg 600w, https:\/\/bisbalpenedes.com\/web\/wp-content\/uploads\/2019\/03\/diego-castellon-768x512.jpeg 768w, https:\/\/bisbalpenedes.com\/web\/wp-content\/uploads\/2019\/03\/diego-castellon-1024x682.jpeg 1024w, https:\/\/bisbalpenedes.com\/web\/wp-content\/uploads\/2019\/03\/diego-castellon.jpeg 1600w\" sizes=\"(max-width: 300px) 100vw, 300px\" \/><\/a><\/p>\n<p style=\"text-align: justify;\"><span style=\"color: #000000;\">En su turno de palabra, el presidente de la Asociaci\u00f3n de Vecinos de la Miralba, Diego Castell\u00f3n ha relatado que &#8220;hace tres a\u00f1os nos reunimos justo aqu\u00ed detr\u00e1s para fundar la Asociaci\u00f3n de Vecinos de la Miralba y hac\u00eda mucho fr\u00edo, pero no ten\u00edamos un sitio donde reunirnos. Fundamos la asociaci\u00f3n y nuestra idea era hablar con el Ayuntamiento para hacer el local social. Hoy, tres a\u00f1os despu\u00e9s, estamos aqu\u00ed y el local ya est\u00e1 construido&#8221;.\u00a0<\/span><\/p>\n<p style=\"text-align: justify;\"><a href=\"http:\/\/bisbalpenedes.com\/web\/wp-content\/uploads\/2019\/03\/josep-poblet-reduida.jpg\"><img loading=\"lazy\" class=\"aligncenter size-medium wp-image-8943\" src=\"http:\/\/bisbalpenedes.com\/web\/wp-content\/uploads\/2019\/03\/josep-poblet-reduida-300x200.jpg\" alt=\"josep poblet reduida\" width=\"300\" height=\"200\" srcset=\"https:\/\/bisbalpenedes.com\/web\/wp-content\/uploads\/2019\/03\/josep-poblet-reduida-300x200.jpg 300w, https:\/\/bisbalpenedes.com\/web\/wp-content\/uploads\/2019\/03\/josep-poblet-reduida-600x400.jpg 600w, https:\/\/bisbalpenedes.com\/web\/wp-content\/uploads\/2019\/03\/josep-poblet-reduida-768x512.jpg 768w, https:\/\/bisbalpenedes.com\/web\/wp-content\/uploads\/2019\/03\/josep-poblet-reduida-1024x682.jpg 1024w, https:\/\/bisbalpenedes.com\/web\/wp-content\/uploads\/2019\/03\/josep-poblet-reduida.jpg 2048w\" sizes=\"(max-width: 300px) 100vw, 300px\" \/><\/a><\/p>\n<p style=\"text-align: justify;\"><span style=\"color: #000000;\">Por su parte, el presidente de la Diputaci\u00f3n de Tarragona, Josep Poblet se ha referido a la acci\u00f3n de la Diputaci\u00f3n, a trav\u00e9s del Plan de Acci\u00f3n Municipal (PAM) y ha destacado que &#8220;en los municipios no solo es necesario resolver las infraestructuras, sino hacer apuestas decididas para la calidad de vida de los vecinos, creando espacios donde puedan desarrollar su actividad como en el caso del casal de la Miralba&#8221;.<\/span><\/p>\n<figure id=\"attachment_8944\" aria-describedby=\"caption-attachment-8944\" style=\"width: 630px\" class=\"wp-caption aligncenter\"><a href=\"http:\/\/bisbalpenedes.com\/web\/wp-content\/uploads\/2019\/03\/asociacio-ajutament-i-dipta-reduida.jpg\"><img loading=\"lazy\" class=\"size-large wp-image-8944\" src=\"http:\/\/bisbalpenedes.com\/web\/wp-content\/uploads\/2019\/03\/asociacio-ajutament-i-dipta-reduida-1024x682.jpg\" alt=\"La Junta de lAssociaci\u00f3 de ve\u00efns de la Miralba amb el Josep Poblet, president de la Diputaci\u00f3 de Tarragona; Joaquim Nin, vicepresident de la Diputaci\u00f3 de Tarragona; i lalcaldessa de la Bisbal del Pened\u00e8s, Agn\u00e8s Ferr\u00e9.\" width=\"630\" height=\"420\" srcset=\"https:\/\/bisbalpenedes.com\/web\/wp-content\/uploads\/2019\/03\/asociacio-ajutament-i-dipta-reduida-1024x682.jpg 1024w, https:\/\/bisbalpenedes.com\/web\/wp-content\/uploads\/2019\/03\/asociacio-ajutament-i-dipta-reduida-600x400.jpg 600w, https:\/\/bisbalpenedes.com\/web\/wp-content\/uploads\/2019\/03\/asociacio-ajutament-i-dipta-reduida-300x200.jpg 300w, https:\/\/bisbalpenedes.com\/web\/wp-content\/uploads\/2019\/03\/asociacio-ajutament-i-dipta-reduida-768x511.jpg 768w, https:\/\/bisbalpenedes.com\/web\/wp-content\/uploads\/2019\/03\/asociacio-ajutament-i-dipta-reduida.jpg 1200w\" sizes=\"(max-width: 630px) 100vw, 630px\" \/><\/a><figcaption id=\"caption-attachment-8944\" class=\"wp-caption-text\">La Junta de la Asociaci\u00f3n de vecinos de la Miralba con Josep Poblet, presidente de la Diputaci\u00f3n de Tarragona; Joaquim Nin, vicepresidente de la Diputaci\u00f3n de Tarragona; y la alcaldesa de la Bisbal del Pened\u00e8s, Agn\u00e8s Ferr\u00e9.<\/figcaption><\/figure>\n<p style=\"text-align: justify;\"><span style=\"color: #000000;\">El proyecto de creaci\u00f3n del local social de la Miralba, para uso de los vecinos, se inici\u00f3 en el a\u00f1o 2016, cuando la Concejal\u00eda de Urbanismo inici\u00f3 el procedimiento para la construcci\u00f3n de un local en la calle Gladiol, 6 de la Miralba. El coste total de la ejecuci\u00f3n de la obra ha sido de 239.376,15\u20ac (IVA incluido), de los cuales 215.438,54\u20ac se pagar\u00e1n con la subvenci\u00f3n del Plan de Acci\u00f3n Municipal (PAM) de la Diputaci\u00f3n de Tarragona y, el resto, con fondos propios municipales.<\/span><\/p>\n<p style=\"text-align: justify;\"><a href=\"http:\/\/bisbalpenedes.com\/web\/wp-content\/uploads\/2019\/03\/inauguracio-menjar-reduida.jpg\"><img loading=\"lazy\" class=\"aligncenter size-medium wp-image-8946\" src=\"http:\/\/bisbalpenedes.com\/web\/wp-content\/uploads\/2019\/03\/inauguracio-menjar-reduida-300x200.jpg\" alt=\"inauguracio menjar reduida\" width=\"300\" height=\"200\" srcset=\"https:\/\/bisbalpenedes.com\/web\/wp-content\/uploads\/2019\/03\/inauguracio-menjar-reduida-300x200.jpg 300w, https:\/\/bisbalpenedes.com\/web\/wp-content\/uploads\/2019\/03\/inauguracio-menjar-reduida-600x400.jpg 600w, https:\/\/bisbalpenedes.com\/web\/wp-content\/uploads\/2019\/03\/inauguracio-menjar-reduida-768x511.jpg 768w, https:\/\/bisbalpenedes.com\/web\/wp-content\/uploads\/2019\/03\/inauguracio-menjar-reduida-1024x682.jpg 1024w, https:\/\/bisbalpenedes.com\/web\/wp-content\/uploads\/2019\/03\/inauguracio-menjar-reduida.jpg 1200w\" sizes=\"(max-width: 300px) 100vw, 300px\" \/><\/a><\/p>\n<p style=\"text-align: justify;\"><span style=\"color: #000000;\">El espacio cuneta con una sala polivalente, dos despachos, lavabos, bar, almac\u00e9n y porches y, en todo momento, se ha proyectado en comunicaci\u00f3n con la Asociaci\u00f3n de vecinos de la Miralba, para que los vecinos de la zona pudiesen dar su visto bueno a los pasos que se han ido siguiendo. La alcaldesa Agn\u00e8s Ferr\u00e9 ha explicado, durante la inauguraci\u00f3n, que &#8220;ahora falta por hacer la puerta de acceso a la calle e instalar un panel m\u00f3vil que servir\u00e1 para dividir la sala polivalente en dos&#8221;. Adem\u00e1s, el Ayuntamiento de la Bisbal del Pened\u00e8s tiene la intenci\u00f3n de adecuar, en los pr\u00f3ximos meses, un terreno de equipamientos municipales que est\u00e1 ubicado justo al lado del local social. De esta manera se podr\u00edan ampliar los equipamientos y la zona de descanso y ocio del exterior del local.<\/span><\/p>\n<p style=\"text-align: justify;\"><a href=\"http:\/\/bisbalpenedes.com\/web\/wp-content\/uploads\/2019\/03\/local-miralba-reduida.jpg\"><img loading=\"lazy\" class=\"aligncenter wp-image-8940 size-large\" src=\"http:\/\/bisbalpenedes.com\/web\/wp-content\/uploads\/2019\/03\/local-miralba-reduida-1024x768.jpg\" alt=\"local miralba reduida\" width=\"630\" height=\"473\" srcset=\"https:\/\/bisbalpenedes.com\/web\/wp-content\/uploads\/2019\/03\/local-miralba-reduida-1024x768.jpg 1024w, https:\/\/bisbalpenedes.com\/web\/wp-content\/uploads\/2019\/03\/local-miralba-reduida-600x450.jpg 600w, https:\/\/bisbalpenedes.com\/web\/wp-content\/uploads\/2019\/03\/local-miralba-reduida-300x225.jpg 300w, https:\/\/bisbalpenedes.com\/web\/wp-content\/uploads\/2019\/03\/local-miralba-reduida-768x576.jpg 768w, https:\/\/bisbalpenedes.com\/web\/wp-content\/uploads\/2019\/03\/local-miralba-reduida.jpg 1200w\" sizes=\"(max-width: 630px) 100vw, 630px\" \/><\/a><\/p>\n<p>&nbsp;<\/p>\n<p>&nbsp;<\/p>\n","protected":false},"excerpt":{"rendered":"<p>Aquest dissabte 2 de mar\u00e7 ha tingut lloc la inauguraci\u00f3 del local social de la Miralba, un nou equipament municipal de 230,33 m\u00b2 constru\u00efts que permetr\u00e0 que els ve\u00efns puguin &hellip; <a href=\"https:\/\/bisbalpenedes.com\/web\/2019\/03\/04\/el-local-social-de-la-miralba-ja-es-una-realitat-aquest-dissabte-2-de-marc-sha-inaugurat\/\" class=\"more-link\">Read More<\/a><\/p>\n","protected":false},"author":4,"featured_media":8939,"comment_status":"closed","ping_status":"closed","sticky":false,"template":"","format":"standard","meta":[],"categories":[15],"tags":[1151,2849,673,410,721,246,247,2765,2850],"_links":{"self":[{"href":"https:\/\/bisbalpenedes.com\/web\/wp-json\/wp\/v2\/posts\/8938"}],"collection":[{"href":"https:\/\/bisbalpenedes.com\/web\/wp-json\/wp\/v2\/posts"}],"about":[{"href":"https:\/\/bisbalpenedes.com\/web\/wp-json\/wp\/v2\/types\/post"}],"author":[{"embeddable":true,"href":"https:\/\/bisbalpenedes.com\/web\/wp-json\/wp\/v2\/users\/4"}],"replies":[{"embeddable":true,"href":"https:\/\/bisbalpenedes.com\/web\/wp-json\/wp\/v2\/comments?post=8938"}],"version-history":[{"count":3,"href":"https:\/\/bisbalpenedes.com\/web\/wp-json\/wp\/v2\/posts\/8938\/revisions"}],"predecessor-version":[{"id":8949,"href":"https:\/\/bisbalpenedes.com\/web\/wp-json\/wp\/v2\/posts\/8938\/revisions\/8949"}],"wp:featuredmedia":[{"embeddable":true,"href":"https:\/\/bisbalpenedes.com\/web\/wp-json\/wp\/v2\/media\/8939"}],"wp:attachment":[{"href":"https:\/\/bisbalpenedes.com\/web\/wp-json\/wp\/v2\/media?parent=8938"}],"wp:term":[{"taxonomy":"category","embeddable":true,"href":"https:\/\/bisbalpenedes.com\/web\/wp-json\/wp\/v2\/categories?post=8938"},{"taxonomy":"post_tag","embeddable":true,"href":"https:\/\/bisbalpenedes.com\/web\/wp-json\/wp\/v2\/tags?post=8938"}],"curies":[{"name":"wp","href":"https:\/\/api.w.org\/{rel}","templated":true}]}}