{"id":8935,"date":"2019-03-01T11:47:16","date_gmt":"2019-03-01T10:47:16","guid":{"rendered":"http:\/\/bisbalpenedes.com\/web\/?p=8935"},"modified":"2019-03-01T11:47:16","modified_gmt":"2019-03-01T10:47:16","slug":"el-dilluns-4-de-marc-sobre-el-termini-per-demanar-subvencions-per-a-la-creacio-de-llocs-de-treball-per-part-de-les-empreses-bisbalenques","status":"publish","type":"post","link":"https:\/\/bisbalpenedes.com\/web\/2019\/03\/01\/el-dilluns-4-de-marc-sobre-el-termini-per-demanar-subvencions-per-a-la-creacio-de-llocs-de-treball-per-part-de-les-empreses-bisbalenques\/","title":{"rendered":"El dilluns 4 de mar\u00e7 s&#8217;obre el termini per demanar subvencions per a la creaci\u00f3 de llocs de treball per part de les empreses bisbalenques"},"content":{"rendered":"<p style=\"text-align: justify;\"><span style=\"color: #000000;\">S\u2019obre el termini per a demanar <strong>subvencions per a la creaci\u00f3 de llocs de treball per part de les empreses bisbalenques<\/strong><\/span><\/p>\n<p style=\"text-align: justify;\"><span style=\"color: #000000;\">Es tracta d\u2019una subvenci\u00f3 adre\u00e7ada a les empreses instal\u00b7lades al municipi que hagin creat ocupaci\u00f3, amb un increment de personal, durant el 2018, amb persones desocupades de la Bisbal. Amb aquesta subvenci\u00f3, l\u2019Ajuntament de la Bisbal del Pened\u00e8s persegueix l\u2019objectiu de fomentar l\u2019ocupaci\u00f3 i reduir el nombre de persones desocupades al municipi.<\/span><\/p>\n<p style=\"text-align: justify;\"><span style=\"color: #000000;\">El<strong> termini per presentar sol\u00b7licituds va del 4 al 29 de mar\u00e7 de 2019<\/strong> i l\u2019Ajuntament compta amb una partida de 10.000\u20ac al pressupost de 2019 per a aquesta finalitat. L\u2019import m\u00e0xim d\u2019aquesta subvenci\u00f3 \u00e9s de 1.825\u20ac per treballador\/any, que representa 5\u20ac per treballador i dia.<\/span><\/p>\n<p style=\"text-align: justify;\"><span style=\"color: #000000;\">Podeu consultar les bases de la convocat\u00f2ria a l\u2019enlla\u00e7: <span style=\"color: #000080;\"><a style=\"color: #000080;\" href=\"https:\/\/www.diputaciodetarragona.cat\/ebop\/index.php?op=dwn&amp;tipus=i&amp;data=20190301&amp;anyp=2019&amp;num=01987&amp;v=i\">https:\/\/www.diputaciodetarragona.cat\/ebop\/index.php?op=dwn&amp;tipus=i&amp;data=20190301&amp;anyp=2019&amp;num=01987&amp;v=i<\/a><\/span><\/span><\/p>\n<hr \/>\n<p style=\"text-align: justify;\"><span style=\"color: #000000;\"><strong>CASTELLANO |<\/strong> Se abre el plazo para pedir<strong> subvenciones para la creaci\u00f3n de puestos de trabajo por parte de las empresas de la Bisbal<\/strong><\/span><\/p>\n<p style=\"text-align: justify;\"><span style=\"color: #000000;\">Se trata de una subvenci\u00f3n dirigida a las empresas instaladas en el municipio que hayan creado ocupaci\u00f3n, con un incremento del personal, durante el 2018, con personas desocupadas de la Bisbal. Con esta subvenci\u00f3n, el Ayuntamiento de la Bisbal del Pened\u00e8s persigue el objetivo de fomentar la ocupaci\u00f3n y reducir el n\u00famero de personas desocupadas en el municipio.<\/span><\/p>\n<p style=\"text-align: justify;\"><span style=\"color: #000000;\"><strong>El plazo para presentar solicitudes va del 4 al 29 de marzo del 2019<\/strong> y el Ayuntamiento cuenta con una partida de 10.000\u20ac en el presupuesto del 2019 para esta finalidad. El importe m\u00e1ximo de esta subvenci\u00f3n es de 1.825\u20ac por trabajador\/a\u00f1o, que representa 5\u20ac por trabajador y d\u00eda.<\/span><\/p>\n<p style=\"text-align: justify;\"><span style=\"color: #000000;\">Pod\u00e9is consultar las bases de la convocatoria en el enlace:<span style=\"color: #000080;\"> <a style=\"color: #000080;\" href=\"https:\/\/www.diputaciodetarragona.cat\/ebop\/index.php?op=dwn&amp;tipus=i&amp;data=20190301&amp;anyp=2019&amp;num=01987&amp;v=i\">https:\/\/www.diputaciodetarragona.cat\/ebop\/index.php?op=dwn&amp;tipus=i&amp;data=20190301&amp;anyp=2019&amp;num=01987&amp;v=i<\/a><\/span><\/span><\/p>\n","protected":false},"excerpt":{"rendered":"<p>S\u2019obre el termini per a demanar subvencions per a la creaci\u00f3 de llocs de treball per part de les empreses bisbalenques Es tracta d\u2019una subvenci\u00f3 adre\u00e7ada a les empreses instal\u00b7lades &hellip; <a href=\"https:\/\/bisbalpenedes.com\/web\/2019\/03\/01\/el-dilluns-4-de-marc-sobre-el-termini-per-demanar-subvencions-per-a-la-creacio-de-llocs-de-treball-per-part-de-les-empreses-bisbalenques\/\" class=\"more-link\">Read More<\/a><\/p>\n","protected":false},"author":4,"featured_media":8936,"comment_status":"closed","ping_status":"closed","sticky":false,"template":"","format":"standard","meta":[],"categories":[9,1578],"tags":[2848,162,102],"_links":{"self":[{"href":"https:\/\/bisbalpenedes.com\/web\/wp-json\/wp\/v2\/posts\/8935"}],"collection":[{"href":"https:\/\/bisbalpenedes.com\/web\/wp-json\/wp\/v2\/posts"}],"about":[{"href":"https:\/\/bisbalpenedes.com\/web\/wp-json\/wp\/v2\/types\/post"}],"author":[{"embeddable":true,"href":"https:\/\/bisbalpenedes.com\/web\/wp-json\/wp\/v2\/users\/4"}],"replies":[{"embeddable":true,"href":"https:\/\/bisbalpenedes.com\/web\/wp-json\/wp\/v2\/comments?post=8935"}],"version-history":[{"count":1,"href":"https:\/\/bisbalpenedes.com\/web\/wp-json\/wp\/v2\/posts\/8935\/revisions"}],"predecessor-version":[{"id":8937,"href":"https:\/\/bisbalpenedes.com\/web\/wp-json\/wp\/v2\/posts\/8935\/revisions\/8937"}],"wp:featuredmedia":[{"embeddable":true,"href":"https:\/\/bisbalpenedes.com\/web\/wp-json\/wp\/v2\/media\/8936"}],"wp:attachment":[{"href":"https:\/\/bisbalpenedes.com\/web\/wp-json\/wp\/v2\/media?parent=8935"}],"wp:term":[{"taxonomy":"category","embeddable":true,"href":"https:\/\/bisbalpenedes.com\/web\/wp-json\/wp\/v2\/categories?post=8935"},{"taxonomy":"post_tag","embeddable":true,"href":"https:\/\/bisbalpenedes.com\/web\/wp-json\/wp\/v2\/tags?post=8935"}],"curies":[{"name":"wp","href":"https:\/\/api.w.org\/{rel}","templated":true}]}}