{"id":8924,"date":"2019-02-28T18:34:23","date_gmt":"2019-02-28T17:34:23","guid":{"rendered":"http:\/\/bisbalpenedes.com\/web\/?p=8924"},"modified":"2019-02-28T19:17:47","modified_gmt":"2019-02-28T18:17:47","slug":"8924","status":"publish","type":"post","link":"https:\/\/bisbalpenedes.com\/web\/2019\/02\/28\/8924\/","title":{"rendered":"Ja \u00e9s aqu\u00ed el Carnaval!"},"content":{"rendered":"<p><span style=\"color: #000000;\">Arriba el Carnaval a la Bisbal!<\/span><\/p>\n<p><span style=\"color: #000000;\">Un any m\u00e9s la Societat Cultural i Recreativa Bisbalenca organitza la Rua de Carnaval amb la col\u00b7laboraci\u00f3 de la Regidoria de Festes de l\u2019Ajuntament de la Bisbal del Pened\u00e8s.\u00a0<strong>La rua tindr\u00e0 lloc el diumenge 3 de mar\u00e7 i sortir\u00e0 a les 12.30h des del carrer Doctor Robert.<\/strong><\/span><\/p>\n<p><span style=\"color: #000000;\">El recorregut de la rua ser\u00e0 el seg\u00fcent:<\/span><\/p>\n<p style=\"padding-left: 30px;\"><span style=\"color: #000000;\">Carrer Doctor Robert, Pla\u00e7a Sant Jordi, carrer Major, carrer Verdaguer, carrer Santa Cristina, carrer Pare Junqu\u00e9, carrer Moss\u00e8n Bund\u00f3, carrer General Romagosa, Avinguda Llu\u00eds Companys, carrer de Santa Cristina, carrer Verdaguer, carrer Major, pla\u00e7a Catalunya, avinguda Colom, carrer Tarragona, carrer Anselm Clav\u00e9 i carrer Doctor Robert.<\/span><\/p>\n<p><span style=\"color: #000000;\">Abans de la rua, el dissabte 2 de mar\u00e7, Can Gordei celebrar\u00e0 el seu Carnaval, organitzat per la Comissi\u00f3 de Festes de Can Gordei i el Bar Polideportivo Can Gordei:<\/span><\/p>\n<p><span style=\"color: #000000;\"><a style=\"color: #000000;\" href=\"http:\/\/bisbalpenedes.com\/web\/wp-content\/uploads\/2019\/02\/PHOTO-2019-02-19-15-54-42.jpg\"><img loading=\"lazy\" class=\"aligncenter size-large wp-image-8861\" src=\"http:\/\/bisbalpenedes.com\/web\/wp-content\/uploads\/2019\/02\/PHOTO-2019-02-19-15-54-42-1024x640.jpg\" alt=\"PHOTO-2019-02-19-15-54-42\" width=\"630\" height=\"394\" srcset=\"https:\/\/bisbalpenedes.com\/web\/wp-content\/uploads\/2019\/02\/PHOTO-2019-02-19-15-54-42-1024x640.jpg 1024w, https:\/\/bisbalpenedes.com\/web\/wp-content\/uploads\/2019\/02\/PHOTO-2019-02-19-15-54-42-600x375.jpg 600w, https:\/\/bisbalpenedes.com\/web\/wp-content\/uploads\/2019\/02\/PHOTO-2019-02-19-15-54-42-300x188.jpg 300w, https:\/\/bisbalpenedes.com\/web\/wp-content\/uploads\/2019\/02\/PHOTO-2019-02-19-15-54-42-768x480.jpg 768w, https:\/\/bisbalpenedes.com\/web\/wp-content\/uploads\/2019\/02\/PHOTO-2019-02-19-15-54-42.jpg 1152w\" sizes=\"(max-width: 630px) 100vw, 630px\" \/><\/a><\/span><\/p>\n<p><span style=\"color: #000000;\">El divendres i el\u00a0el dissabte, a l&#8217;Esplai del Pened\u00e8s, tindran lloc les seg\u00fcents activitats:<\/span><a href=\"http:\/\/bisbalpenedes.com\/web\/wp-content\/uploads\/2019\/02\/carnaval-lesplai-1.jpg\"><br \/>\n<\/a><a href=\"http:\/\/bisbalpenedes.com\/web\/wp-content\/uploads\/2019\/02\/carnaval-lesplai-2.jpg\"><img loading=\"lazy\" class=\"aligncenter size-large wp-image-8926\" src=\"http:\/\/bisbalpenedes.com\/web\/wp-content\/uploads\/2019\/02\/carnaval-lesplai-2.jpg\" alt=\"carnaval l'esplai 2\" width=\"630\" height=\"630\" srcset=\"https:\/\/bisbalpenedes.com\/web\/wp-content\/uploads\/2019\/02\/carnaval-lesplai-2.jpg 960w, https:\/\/bisbalpenedes.com\/web\/wp-content\/uploads\/2019\/02\/carnaval-lesplai-2-300x300.jpg 300w, https:\/\/bisbalpenedes.com\/web\/wp-content\/uploads\/2019\/02\/carnaval-lesplai-2-100x100.jpg 100w, https:\/\/bisbalpenedes.com\/web\/wp-content\/uploads\/2019\/02\/carnaval-lesplai-2-600x600.jpg 600w, https:\/\/bisbalpenedes.com\/web\/wp-content\/uploads\/2019\/02\/carnaval-lesplai-2-150x150.jpg 150w, https:\/\/bisbalpenedes.com\/web\/wp-content\/uploads\/2019\/02\/carnaval-lesplai-2-768x768.jpg 768w\" sizes=\"(max-width: 630px) 100vw, 630px\" \/><\/a><\/p>\n<p><a href=\"http:\/\/bisbalpenedes.com\/web\/wp-content\/uploads\/2019\/02\/carnaval-lesplai-1.jpg\"><img loading=\"lazy\" class=\"aligncenter size-full wp-image-8925\" src=\"http:\/\/bisbalpenedes.com\/web\/wp-content\/uploads\/2019\/02\/carnaval-lesplai-1.jpg\" alt=\"carnaval l'esplai 1\" width=\"960\" height=\"960\" srcset=\"https:\/\/bisbalpenedes.com\/web\/wp-content\/uploads\/2019\/02\/carnaval-lesplai-1.jpg 960w, https:\/\/bisbalpenedes.com\/web\/wp-content\/uploads\/2019\/02\/carnaval-lesplai-1-300x300.jpg 300w, https:\/\/bisbalpenedes.com\/web\/wp-content\/uploads\/2019\/02\/carnaval-lesplai-1-100x100.jpg 100w, https:\/\/bisbalpenedes.com\/web\/wp-content\/uploads\/2019\/02\/carnaval-lesplai-1-600x600.jpg 600w, https:\/\/bisbalpenedes.com\/web\/wp-content\/uploads\/2019\/02\/carnaval-lesplai-1-150x150.jpg 150w, https:\/\/bisbalpenedes.com\/web\/wp-content\/uploads\/2019\/02\/carnaval-lesplai-1-768x768.jpg 768w\" sizes=\"(max-width: 960px) 100vw, 960px\" \/><\/a><\/p>\n<p><span style=\"color: #000000;\">(el sopar \u00e9s a les 21h i el concurs i el ball a partir de les 23h)<\/span><\/p>\n<p><span style=\"color: #000000;\">El mateix dissabte 2 de mar\u00e7\u00a0tindran lloc els sopars de la Societat (inscripcions fins al 27 de febrer) i el Club Segle XX (inscripcions fins al 28 de febrer)<\/span><\/p>\n<p><span style=\"color: #000000;\"><a style=\"color: #000000;\" href=\"http:\/\/bisbalpenedes.com\/web\/wp-content\/uploads\/2019\/02\/CARNAVAL19_SOCIETAT_b.jpg\"><img loading=\"lazy\" class=\"aligncenter wp-image-8859 size-large\" src=\"http:\/\/bisbalpenedes.com\/web\/wp-content\/uploads\/2019\/02\/CARNAVAL19_SOCIETAT_b-725x1024.jpg\" alt=\"CARNAVAL19_SOCIETAT_b\" width=\"630\" height=\"890\" srcset=\"https:\/\/bisbalpenedes.com\/web\/wp-content\/uploads\/2019\/02\/CARNAVAL19_SOCIETAT_b-725x1024.jpg 725w, https:\/\/bisbalpenedes.com\/web\/wp-content\/uploads\/2019\/02\/CARNAVAL19_SOCIETAT_b-600x848.jpg 600w, https:\/\/bisbalpenedes.com\/web\/wp-content\/uploads\/2019\/02\/CARNAVAL19_SOCIETAT_b-212x300.jpg 212w, https:\/\/bisbalpenedes.com\/web\/wp-content\/uploads\/2019\/02\/CARNAVAL19_SOCIETAT_b-768x1085.jpg 768w, https:\/\/bisbalpenedes.com\/web\/wp-content\/uploads\/2019\/02\/CARNAVAL19_SOCIETAT_b.jpg 787w\" sizes=\"(max-width: 630px) 100vw, 630px\" \/><\/a><\/span><\/p>\n<p><span style=\"color: #000000;\"><a style=\"color: #000000;\" href=\"http:\/\/bisbalpenedes.com\/web\/wp-content\/uploads\/2019\/02\/CARNAVAL-2019-POLI-c.jpg\"><img loading=\"lazy\" class=\"aligncenter wp-image-8860 size-large\" src=\"http:\/\/bisbalpenedes.com\/web\/wp-content\/uploads\/2019\/02\/CARNAVAL-2019-POLI-c-724x1024.jpg\" alt=\"CARNAVAL-2019-POLI-c\" width=\"630\" height=\"891\" srcset=\"https:\/\/bisbalpenedes.com\/web\/wp-content\/uploads\/2019\/02\/CARNAVAL-2019-POLI-c-724x1024.jpg 724w, https:\/\/bisbalpenedes.com\/web\/wp-content\/uploads\/2019\/02\/CARNAVAL-2019-POLI-c-600x848.jpg 600w, https:\/\/bisbalpenedes.com\/web\/wp-content\/uploads\/2019\/02\/CARNAVAL-2019-POLI-c-212x300.jpg 212w, https:\/\/bisbalpenedes.com\/web\/wp-content\/uploads\/2019\/02\/CARNAVAL-2019-POLI-c-768x1086.jpg 768w, https:\/\/bisbalpenedes.com\/web\/wp-content\/uploads\/2019\/02\/CARNAVAL-2019-POLI-c.jpg 1169w\" sizes=\"(max-width: 630px) 100vw, 630px\" \/><\/a><\/span><\/p>\n<p><span style=\"color: #000000;\">El diumenge 3, a les 17:30h hi haur\u00e0 festa infantil de disfresses al Poliesportiu Municipal amb can\u00e7ons per ballar i saltar amb &#8220;Tres per Res&#8221; i xocolata amb\u00a0 melindros.<\/span><\/p>\n<p><span style=\"color: #000000;\">El dilluns 4 de mar\u00e7 a les 17:00h tindr\u00e0 lloc una festa infantil de Carnaval organitzada per la Regidoria de Festes. Es tracta de &#8220;La Festa dels M\u00e9s Tom\u00e0cat&#8221; i despr\u00e9s hi haur\u00e0 berenar sense gluten.<\/span><\/p>\n<p><span style=\"color: #000000;\"><a style=\"color: #000000;\" href=\"http:\/\/bisbalpenedes.com\/web\/wp-content\/uploads\/2019\/02\/CARNAVAL_INFANTIL_2019.jpg\"><img loading=\"lazy\" class=\"aligncenter wp-image-8858 size-large\" src=\"http:\/\/bisbalpenedes.com\/web\/wp-content\/uploads\/2019\/02\/CARNAVAL_INFANTIL_2019-724x1024.jpg\" alt=\"CARNAVAL_INFANTIL_2019\" width=\"630\" height=\"891\" srcset=\"https:\/\/bisbalpenedes.com\/web\/wp-content\/uploads\/2019\/02\/CARNAVAL_INFANTIL_2019-724x1024.jpg 724w, https:\/\/bisbalpenedes.com\/web\/wp-content\/uploads\/2019\/02\/CARNAVAL_INFANTIL_2019-600x848.jpg 600w, https:\/\/bisbalpenedes.com\/web\/wp-content\/uploads\/2019\/02\/CARNAVAL_INFANTIL_2019-212x300.jpg 212w, https:\/\/bisbalpenedes.com\/web\/wp-content\/uploads\/2019\/02\/CARNAVAL_INFANTIL_2019-768x1086.jpg 768w, https:\/\/bisbalpenedes.com\/web\/wp-content\/uploads\/2019\/02\/CARNAVAL_INFANTIL_2019.jpg 827w\" sizes=\"(max-width: 630px) 100vw, 630px\" \/><\/a><\/span><\/p>\n<p><span style=\"color: #000000;\">El dimecres 6 de mar\u00e7, a les 21:00h, tindr\u00e0 lloc una sardinada organitzada pel Club Segle XX i Carlos i Vicky.<\/span><\/p>\n<hr \/>\n<p><span style=\"color: #000000;\"><strong>CASTELLANO |<\/strong>\u00a0\u00a1Llega el Carnaval a la Bisbal!<\/span><\/p>\n<p><span style=\"color: #000000;\">Un a\u00f1o m\u00e1s la Societat Cultural i Recreativa Bisbalenca organiza la r\u00faa de Carnaval con la colaboraci\u00f3n de la Regidoria de Festes del Ayuntamiento de la Bisbal del Pened\u00e8s.\u00a0<strong>La r\u00faa tendr\u00e1 lugar el domingo 3 de marzo y se saldr\u00e1 a las 12:30h de la calle Doctor Robert.<\/strong><\/span><\/p>\n<p><span style=\"color: #000000;\">El\u00a0recorrido de la\u00a0r\u00faa ser\u00e1 el siguiente:<\/span><\/p>\n<p style=\"padding-left: 30px;\"><span style=\"color: #000000;\">Calle Doctor Robert, Plaza Sant Jordi, calle Major, calleVerdaguer, calle Santa Cristina, calle Pare Junqu\u00e9, calle Moss\u00e8n Bund\u00f3, calle General Romagosa, Avenida Llu\u00eds Companys, calle de Santa Cristina, calle Verdaguer, calle Major, plaza Catalunya, avenida Colom, calle Tarragona, calle Anselm Clav\u00e9\u00a0y calle Doctor Robert.<\/span><\/p>\n<p><span style=\"color: #000000;\">Antes de la r\u00faa, el s\u00e1bado 2 de marzo, Can Gordei celebrar\u00e1 su Carnaval, organizado por la Comisi\u00f3n de Fiestas de Can Gordei y el Bar Polideportivo Can Gordei:<\/span><\/p>\n<p><span style=\"color: #000000;\"><a style=\"color: #000000;\" href=\"http:\/\/bisbalpenedes.com\/web\/wp-content\/uploads\/2019\/02\/PHOTO-2019-02-19-15-54-42.jpg\"><img loading=\"lazy\" class=\"aligncenter size-large wp-image-8861\" src=\"http:\/\/bisbalpenedes.com\/web\/wp-content\/uploads\/2019\/02\/PHOTO-2019-02-19-15-54-42-1024x640.jpg\" alt=\"PHOTO-2019-02-19-15-54-42\" width=\"630\" height=\"394\" srcset=\"https:\/\/bisbalpenedes.com\/web\/wp-content\/uploads\/2019\/02\/PHOTO-2019-02-19-15-54-42-1024x640.jpg 1024w, https:\/\/bisbalpenedes.com\/web\/wp-content\/uploads\/2019\/02\/PHOTO-2019-02-19-15-54-42-600x375.jpg 600w, https:\/\/bisbalpenedes.com\/web\/wp-content\/uploads\/2019\/02\/PHOTO-2019-02-19-15-54-42-300x188.jpg 300w, https:\/\/bisbalpenedes.com\/web\/wp-content\/uploads\/2019\/02\/PHOTO-2019-02-19-15-54-42-768x480.jpg 768w, https:\/\/bisbalpenedes.com\/web\/wp-content\/uploads\/2019\/02\/PHOTO-2019-02-19-15-54-42.jpg 1152w\" sizes=\"(max-width: 630px) 100vw, 630px\" \/><\/a><\/span><\/p>\n<p>El viernes y\u00a0el s\u00e1bado, en l&#8217;Esplai del Pened\u00e8s, tendr\u00e1n lugar las siguientes actividades:<a href=\"http:\/\/bisbalpenedes.com\/web\/wp-content\/uploads\/2019\/02\/carnaval-lesplai-1.jpg\"><br \/>\n<\/a><a href=\"http:\/\/bisbalpenedes.com\/web\/wp-content\/uploads\/2019\/02\/carnaval-lesplai-2.jpg\"><img loading=\"lazy\" class=\"aligncenter size-full wp-image-8926\" src=\"http:\/\/bisbalpenedes.com\/web\/wp-content\/uploads\/2019\/02\/carnaval-lesplai-2.jpg\" alt=\"carnaval l'esplai 2\" width=\"960\" height=\"960\" srcset=\"https:\/\/bisbalpenedes.com\/web\/wp-content\/uploads\/2019\/02\/carnaval-lesplai-2.jpg 960w, https:\/\/bisbalpenedes.com\/web\/wp-content\/uploads\/2019\/02\/carnaval-lesplai-2-300x300.jpg 300w, https:\/\/bisbalpenedes.com\/web\/wp-content\/uploads\/2019\/02\/carnaval-lesplai-2-100x100.jpg 100w, https:\/\/bisbalpenedes.com\/web\/wp-content\/uploads\/2019\/02\/carnaval-lesplai-2-600x600.jpg 600w, https:\/\/bisbalpenedes.com\/web\/wp-content\/uploads\/2019\/02\/carnaval-lesplai-2-150x150.jpg 150w, https:\/\/bisbalpenedes.com\/web\/wp-content\/uploads\/2019\/02\/carnaval-lesplai-2-768x768.jpg 768w\" sizes=\"(max-width: 960px) 100vw, 960px\" \/><\/a><\/p>\n<p><a href=\"http:\/\/bisbalpenedes.com\/web\/wp-content\/uploads\/2019\/02\/carnaval-lesplai-1.jpg\"><img loading=\"lazy\" class=\"aligncenter size-full wp-image-8925\" src=\"http:\/\/bisbalpenedes.com\/web\/wp-content\/uploads\/2019\/02\/carnaval-lesplai-1.jpg\" alt=\"carnaval l'esplai 1\" width=\"960\" height=\"960\" srcset=\"https:\/\/bisbalpenedes.com\/web\/wp-content\/uploads\/2019\/02\/carnaval-lesplai-1.jpg 960w, https:\/\/bisbalpenedes.com\/web\/wp-content\/uploads\/2019\/02\/carnaval-lesplai-1-300x300.jpg 300w, https:\/\/bisbalpenedes.com\/web\/wp-content\/uploads\/2019\/02\/carnaval-lesplai-1-100x100.jpg 100w, https:\/\/bisbalpenedes.com\/web\/wp-content\/uploads\/2019\/02\/carnaval-lesplai-1-600x600.jpg 600w, https:\/\/bisbalpenedes.com\/web\/wp-content\/uploads\/2019\/02\/carnaval-lesplai-1-150x150.jpg 150w, https:\/\/bisbalpenedes.com\/web\/wp-content\/uploads\/2019\/02\/carnaval-lesplai-1-768x768.jpg 768w\" sizes=\"(max-width: 960px) 100vw, 960px\" \/><\/a><\/p>\n<p><span style=\"color: #000000;\">(La cena es a las 21h y el baile y el concurso a partir de las 23h)<\/span><\/p>\n<p><span style=\"color: #000000;\">El\u00a0mismo s\u00e1bado 2 de marzo tendr\u00e1n lugar las cenas de la Societat (inscripciones hasta el 27 de febrero) y el Club Segle XX (inscripciones\u00a0 hasta el 28 de febero).<\/span><\/p>\n<p><span style=\"color: #000000;\"><a style=\"color: #000000;\" href=\"http:\/\/bisbalpenedes.com\/web\/wp-content\/uploads\/2019\/02\/CARNAVAL19_SOCIETAT_b.jpg\"><img loading=\"lazy\" class=\"aligncenter size-large wp-image-8859\" src=\"http:\/\/bisbalpenedes.com\/web\/wp-content\/uploads\/2019\/02\/CARNAVAL19_SOCIETAT_b-725x1024.jpg\" alt=\"CARNAVAL19_SOCIETAT_b\" width=\"630\" height=\"890\" srcset=\"https:\/\/bisbalpenedes.com\/web\/wp-content\/uploads\/2019\/02\/CARNAVAL19_SOCIETAT_b-725x1024.jpg 725w, https:\/\/bisbalpenedes.com\/web\/wp-content\/uploads\/2019\/02\/CARNAVAL19_SOCIETAT_b-600x848.jpg 600w, https:\/\/bisbalpenedes.com\/web\/wp-content\/uploads\/2019\/02\/CARNAVAL19_SOCIETAT_b-212x300.jpg 212w, https:\/\/bisbalpenedes.com\/web\/wp-content\/uploads\/2019\/02\/CARNAVAL19_SOCIETAT_b-768x1085.jpg 768w, https:\/\/bisbalpenedes.com\/web\/wp-content\/uploads\/2019\/02\/CARNAVAL19_SOCIETAT_b.jpg 787w\" sizes=\"(max-width: 630px) 100vw, 630px\" \/><\/a><\/span><\/p>\n<p><span style=\"color: #000000;\"><a style=\"color: #000000;\" href=\"http:\/\/bisbalpenedes.com\/web\/wp-content\/uploads\/2019\/02\/CARNAVAL-2019-POLI-c.jpg\"><img loading=\"lazy\" class=\"aligncenter size-large wp-image-8860\" src=\"http:\/\/bisbalpenedes.com\/web\/wp-content\/uploads\/2019\/02\/CARNAVAL-2019-POLI-c-724x1024.jpg\" alt=\"CARNAVAL-2019-POLI-c\" width=\"630\" height=\"891\" srcset=\"https:\/\/bisbalpenedes.com\/web\/wp-content\/uploads\/2019\/02\/CARNAVAL-2019-POLI-c-724x1024.jpg 724w, https:\/\/bisbalpenedes.com\/web\/wp-content\/uploads\/2019\/02\/CARNAVAL-2019-POLI-c-600x848.jpg 600w, https:\/\/bisbalpenedes.com\/web\/wp-content\/uploads\/2019\/02\/CARNAVAL-2019-POLI-c-212x300.jpg 212w, https:\/\/bisbalpenedes.com\/web\/wp-content\/uploads\/2019\/02\/CARNAVAL-2019-POLI-c-768x1086.jpg 768w, https:\/\/bisbalpenedes.com\/web\/wp-content\/uploads\/2019\/02\/CARNAVAL-2019-POLI-c.jpg 1169w\" sizes=\"(max-width: 630px) 100vw, 630px\" \/><\/a><\/span><\/p>\n<p><span style=\"color: #000000;\">El domingo 3, a las 17.30h, habr\u00e1 fiesta infantil de disfraces en el Polideportivo Municipal, con canciones para bailar y saltar con &#8220;Tres per Res&#8221; y chocolate con melindros.<\/span><\/p>\n<p><span style=\"color: #000000;\">El lunes 4 de marzo a las 17:00h tendr\u00e1 lugar una fiesta infantil de Carnaval organizada por la Regidoria de Festes. Se trata de &#8220;La Festa dels M\u00e9s Tom\u00e0cat&#8221; y despu\u00e9s habr\u00e1 merienda sin gluten.<\/span><\/p>\n<p><span style=\"color: #000000;\"><a style=\"color: #000000;\" href=\"http:\/\/bisbalpenedes.com\/web\/wp-content\/uploads\/2019\/02\/CARNAVAL_INFANTIL_2019.jpg\"><img loading=\"lazy\" class=\"aligncenter size-large wp-image-8858\" src=\"http:\/\/bisbalpenedes.com\/web\/wp-content\/uploads\/2019\/02\/CARNAVAL_INFANTIL_2019-724x1024.jpg\" alt=\"CARNAVAL_INFANTIL_2019\" width=\"630\" height=\"891\" srcset=\"https:\/\/bisbalpenedes.com\/web\/wp-content\/uploads\/2019\/02\/CARNAVAL_INFANTIL_2019-724x1024.jpg 724w, https:\/\/bisbalpenedes.com\/web\/wp-content\/uploads\/2019\/02\/CARNAVAL_INFANTIL_2019-600x848.jpg 600w, https:\/\/bisbalpenedes.com\/web\/wp-content\/uploads\/2019\/02\/CARNAVAL_INFANTIL_2019-212x300.jpg 212w, https:\/\/bisbalpenedes.com\/web\/wp-content\/uploads\/2019\/02\/CARNAVAL_INFANTIL_2019-768x1086.jpg 768w, https:\/\/bisbalpenedes.com\/web\/wp-content\/uploads\/2019\/02\/CARNAVAL_INFANTIL_2019.jpg 827w\" sizes=\"(max-width: 630px) 100vw, 630px\" \/><\/a><\/span><\/p>\n<p><span style=\"color: #000000;\">El mi\u00e9rcoles 6 de marzo, a las 21:00h, tendr\u00e1 lugar una sardinada organizada por el Club Segle XX y Carlos y Vicky.<\/span><\/p>\n","protected":false},"excerpt":{"rendered":"<p>Arriba el Carnaval a la Bisbal! Un any m\u00e9s la Societat Cultural i Recreativa Bisbalenca organitza la Rua de Carnaval amb la col\u00b7laboraci\u00f3 de la Regidoria de Festes de l\u2019Ajuntament &hellip; <a href=\"https:\/\/bisbalpenedes.com\/web\/2019\/02\/28\/8924\/\" class=\"more-link\">Read More<\/a><\/p>\n","protected":false},"author":4,"featured_media":8927,"comment_status":"closed","ping_status":"closed","sticky":false,"template":"","format":"standard","meta":[],"categories":[1042],"tags":[198,49,557,1086,1246,78,1239,276,300,1261],"_links":{"self":[{"href":"https:\/\/bisbalpenedes.com\/web\/wp-json\/wp\/v2\/posts\/8924"}],"collection":[{"href":"https:\/\/bisbalpenedes.com\/web\/wp-json\/wp\/v2\/posts"}],"about":[{"href":"https:\/\/bisbalpenedes.com\/web\/wp-json\/wp\/v2\/types\/post"}],"author":[{"embeddable":true,"href":"https:\/\/bisbalpenedes.com\/web\/wp-json\/wp\/v2\/users\/4"}],"replies":[{"embeddable":true,"href":"https:\/\/bisbalpenedes.com\/web\/wp-json\/wp\/v2\/comments?post=8924"}],"version-history":[{"count":5,"href":"https:\/\/bisbalpenedes.com\/web\/wp-json\/wp\/v2\/posts\/8924\/revisions"}],"predecessor-version":[{"id":8932,"href":"https:\/\/bisbalpenedes.com\/web\/wp-json\/wp\/v2\/posts\/8924\/revisions\/8932"}],"wp:featuredmedia":[{"embeddable":true,"href":"https:\/\/bisbalpenedes.com\/web\/wp-json\/wp\/v2\/media\/8927"}],"wp:attachment":[{"href":"https:\/\/bisbalpenedes.com\/web\/wp-json\/wp\/v2\/media?parent=8924"}],"wp:term":[{"taxonomy":"category","embeddable":true,"href":"https:\/\/bisbalpenedes.com\/web\/wp-json\/wp\/v2\/categories?post=8924"},{"taxonomy":"post_tag","embeddable":true,"href":"https:\/\/bisbalpenedes.com\/web\/wp-json\/wp\/v2\/tags?post=8924"}],"curies":[{"name":"wp","href":"https:\/\/api.w.org\/{rel}","templated":true}]}}