{"id":8920,"date":"2019-02-28T17:49:30","date_gmt":"2019-02-28T16:49:30","guid":{"rendered":"http:\/\/bisbalpenedes.com\/web\/?p=8920"},"modified":"2019-02-28T17:49:57","modified_gmt":"2019-02-28T16:49:57","slug":"el-dia-21-de-marc-celebrarem-el-dia-mundial-de-la-poesia-vols-recitar-un-poema","status":"publish","type":"post","link":"https:\/\/bisbalpenedes.com\/web\/2019\/02\/28\/el-dia-21-de-marc-celebrarem-el-dia-mundial-de-la-poesia-vols-recitar-un-poema\/","title":{"rendered":"El dia 21 de mar\u00e7 celebrarem el Dia Mundial de la Poesia. Vols recitar un poema?"},"content":{"rendered":"<p style=\"text-align: justify;\"><span style=\"color: #000000;\">El dia 21 de mar\u00e7, a les 19.30h, celebrarem el Dia Mundial de la Poesia al CMC. Si et ve de gust llegir un poema, posa&#8217;t en contacte amb la Biblioteca p\u00fablica, presencialment o mitjan\u00e7ant el correu electr\u00f2nic <a href=\"mailto:biblioteca@bisbalpenedes.com\" target=\"_blank\">biblioteca@bisbalpenedes.com<\/a>. Enguany el Dia Mundial de la Poesia se centra en la figura de Rosa Fabregat i podreu recitar el seu poema &#8216;Poesia, m\u00fasica de l&#8217;\u00e0nima teixida amb paraules&#8217; en diverses lleng\u00fces:\u00a0<a style=\"color: #000000;\" href=\"http:\/\/cultura.gencat.cat\/web\/.content\/ilc\/03-programes\/dia-mundial-poesia\/DMP-2019\/Dia-Mundial-de-la-Poesia_desplegable-web.pdf\" target=\"_blank\">http:\/\/cultura.gencat.cat\/web\/.content\/ilc\/03-programes\/dia-mundial-poesia\/DMP-2019\/Dia-Mundial-de-la-Poesia_desplegable-web.pdf<\/a>. Tamb\u00e9 podeu proposar els vostres poemes o els d&#8217;algun altre autor o autora.<\/span><\/p>\n<hr \/>\n<p style=\"text-align: justify;\"><span style=\"color: #000000;\"><strong>CASTELLANO |<\/strong> El d\u00eda 21 de marzo, a las 19.30h, celebraremos el D\u00eda Mundial de la Poes\u00eda en el CMC. Si te apetece leer un poema, ponte en contacto con la Biblioteca p\u00fablica, presencialmente o mediante el correo electr\u00f3nico <a href=\"mailto:biblioteca@bisbalpenedes.com\" target=\"_blank\">biblioteca@bisbalpenedes.com<\/a>. Este a\u00f1o el D\u00eda Mundial de la Poes\u00eda se centra en la figura de Rosa Fabregat y podr\u00e9is recitar su poes\u00eda &#8216;Poes\u00eda, m\u00fasica del alma tejida con palabras&#8217; en varias lenguas:\u00a0<a style=\"color: #000000;\" href=\"http:\/\/cultura.gencat.cat\/web\/.content\/ilc\/03-programes\/dia-mundial-poesia\/DMP-2019\/Dia-Mundial-de-la-Poesia_desplegable-web.pdf\" target=\"_blank\">http:\/\/cultura.gencat.cat\/web\/.content\/ilc\/03-programes\/dia-mundial-poesia\/DMP-2019\/Dia-Mundial-de-la-Poesia_desplegable-web.pdf<\/a>. Tambi\u00e9n pod\u00e9is proponer vuestras poes\u00edas o las de alg\u00fan otro autor o autora.<\/span><\/p>\n<p style=\"text-align: justify;\"><a href=\"http:\/\/bisbalpenedes.com\/web\/wp-content\/uploads\/2019\/02\/cartell-difu-dia-poesia_pages-to-jpg-0001.jpg\"><img loading=\"lazy\" class=\"aligncenter size-large wp-image-8921\" src=\"http:\/\/bisbalpenedes.com\/web\/wp-content\/uploads\/2019\/02\/cartell-difu-dia-poesia_pages-to-jpg-0001-725x1024.jpg\" alt=\"cartell difu dia poesia_pages-to-jpg-0001\" width=\"630\" height=\"890\" srcset=\"https:\/\/bisbalpenedes.com\/web\/wp-content\/uploads\/2019\/02\/cartell-difu-dia-poesia_pages-to-jpg-0001-725x1024.jpg 725w, https:\/\/bisbalpenedes.com\/web\/wp-content\/uploads\/2019\/02\/cartell-difu-dia-poesia_pages-to-jpg-0001-600x848.jpg 600w, https:\/\/bisbalpenedes.com\/web\/wp-content\/uploads\/2019\/02\/cartell-difu-dia-poesia_pages-to-jpg-0001-212x300.jpg 212w, https:\/\/bisbalpenedes.com\/web\/wp-content\/uploads\/2019\/02\/cartell-difu-dia-poesia_pages-to-jpg-0001-768x1085.jpg 768w, https:\/\/bisbalpenedes.com\/web\/wp-content\/uploads\/2019\/02\/cartell-difu-dia-poesia_pages-to-jpg-0001.jpg 1241w\" sizes=\"(max-width: 630px) 100vw, 630px\" \/><\/a><\/p>\n","protected":false},"excerpt":{"rendered":"<p>El dia 21 de mar\u00e7, a les 19.30h, celebrarem el Dia Mundial de la Poesia al CMC. Si et ve de gust llegir un poema, posa&#8217;t en contacte amb la &hellip; <a href=\"https:\/\/bisbalpenedes.com\/web\/2019\/02\/28\/el-dia-21-de-marc-celebrarem-el-dia-mundial-de-la-poesia-vols-recitar-un-poema\/\" class=\"more-link\">Read More<\/a><\/p>\n","protected":false},"author":4,"featured_media":8921,"comment_status":"closed","ping_status":"closed","sticky":false,"template":"","format":"standard","meta":[],"categories":[13],"tags":[744,225,1462,2846,414,2847,1466],"_links":{"self":[{"href":"https:\/\/bisbalpenedes.com\/web\/wp-json\/wp\/v2\/posts\/8920"}],"collection":[{"href":"https:\/\/bisbalpenedes.com\/web\/wp-json\/wp\/v2\/posts"}],"about":[{"href":"https:\/\/bisbalpenedes.com\/web\/wp-json\/wp\/v2\/types\/post"}],"author":[{"embeddable":true,"href":"https:\/\/bisbalpenedes.com\/web\/wp-json\/wp\/v2\/users\/4"}],"replies":[{"embeddable":true,"href":"https:\/\/bisbalpenedes.com\/web\/wp-json\/wp\/v2\/comments?post=8920"}],"version-history":[{"count":2,"href":"https:\/\/bisbalpenedes.com\/web\/wp-json\/wp\/v2\/posts\/8920\/revisions"}],"predecessor-version":[{"id":8923,"href":"https:\/\/bisbalpenedes.com\/web\/wp-json\/wp\/v2\/posts\/8920\/revisions\/8923"}],"wp:featuredmedia":[{"embeddable":true,"href":"https:\/\/bisbalpenedes.com\/web\/wp-json\/wp\/v2\/media\/8921"}],"wp:attachment":[{"href":"https:\/\/bisbalpenedes.com\/web\/wp-json\/wp\/v2\/media?parent=8920"}],"wp:term":[{"taxonomy":"category","embeddable":true,"href":"https:\/\/bisbalpenedes.com\/web\/wp-json\/wp\/v2\/categories?post=8920"},{"taxonomy":"post_tag","embeddable":true,"href":"https:\/\/bisbalpenedes.com\/web\/wp-json\/wp\/v2\/tags?post=8920"}],"curies":[{"name":"wp","href":"https:\/\/api.w.org\/{rel}","templated":true}]}}