{"id":8881,"date":"2019-02-22T14:53:34","date_gmt":"2019-02-22T13:53:34","guid":{"rendered":"http:\/\/bisbalpenedes.com\/web\/?p=8881"},"modified":"2019-02-22T14:53:34","modified_gmt":"2019-02-22T13:53:34","slug":"acta-del-tribunal-de-la-placa-darquitecte-superior","status":"publish","type":"post","link":"https:\/\/bisbalpenedes.com\/web\/2019\/02\/22\/acta-del-tribunal-de-la-placa-darquitecte-superior\/","title":{"rendered":"Acta del Tribunal de la pla\u00e7a d&#8217;Arquitecte superior"},"content":{"rendered":"<p>Reunits, al Centre Municipal de Cultura de l&#8217;Ajuntament de la Bisbal del Pened\u00e8s, essent les 9:15h del dia 22 de febrer de 2019, el Tribunal per a la cobertura d&#8217;una pla\u00e7a d&#8217;arquitecte superior en r\u00e8gim de funcionari de carrera, mitjan\u00e7ant concurs-oposici\u00f3 de l l&#8217;Ajuntament de la Bisbal del Pened\u00e8s.<\/p>\n<p>Descarregar l&#8217;acta <a href=\"http:\/\/bisbalpenedes.com\/web\/wp-content\/uploads\/2019\/02\/acta_AS2395_001.pdf\">acta_AS2395_001<\/a><\/p>\n","protected":false},"excerpt":{"rendered":"<p>Reunits, al Centre Municipal de Cultura de l&#8217;Ajuntament de la Bisbal del Pened\u00e8s, essent les 9:15h del dia 22 de febrer de 2019, el Tribunal per a la cobertura d&#8217;una &hellip; <a href=\"https:\/\/bisbalpenedes.com\/web\/2019\/02\/22\/acta-del-tribunal-de-la-placa-darquitecte-superior\/\" class=\"more-link\">Read More<\/a><\/p>\n","protected":false},"author":1,"featured_media":6737,"comment_status":"closed","ping_status":"closed","sticky":false,"template":"","format":"standard","meta":[],"categories":[5],"tags":[111,911,1943,1474],"_links":{"self":[{"href":"https:\/\/bisbalpenedes.com\/web\/wp-json\/wp\/v2\/posts\/8881"}],"collection":[{"href":"https:\/\/bisbalpenedes.com\/web\/wp-json\/wp\/v2\/posts"}],"about":[{"href":"https:\/\/bisbalpenedes.com\/web\/wp-json\/wp\/v2\/types\/post"}],"author":[{"embeddable":true,"href":"https:\/\/bisbalpenedes.com\/web\/wp-json\/wp\/v2\/users\/1"}],"replies":[{"embeddable":true,"href":"https:\/\/bisbalpenedes.com\/web\/wp-json\/wp\/v2\/comments?post=8881"}],"version-history":[{"count":1,"href":"https:\/\/bisbalpenedes.com\/web\/wp-json\/wp\/v2\/posts\/8881\/revisions"}],"predecessor-version":[{"id":8883,"href":"https:\/\/bisbalpenedes.com\/web\/wp-json\/wp\/v2\/posts\/8881\/revisions\/8883"}],"wp:featuredmedia":[{"embeddable":true,"href":"https:\/\/bisbalpenedes.com\/web\/wp-json\/wp\/v2\/media\/6737"}],"wp:attachment":[{"href":"https:\/\/bisbalpenedes.com\/web\/wp-json\/wp\/v2\/media?parent=8881"}],"wp:term":[{"taxonomy":"category","embeddable":true,"href":"https:\/\/bisbalpenedes.com\/web\/wp-json\/wp\/v2\/categories?post=8881"},{"taxonomy":"post_tag","embeddable":true,"href":"https:\/\/bisbalpenedes.com\/web\/wp-json\/wp\/v2\/tags?post=8881"}],"curies":[{"name":"wp","href":"https:\/\/api.w.org\/{rel}","templated":true}]}}