{"id":8876,"date":"2019-02-22T12:46:14","date_gmt":"2019-02-22T11:46:14","guid":{"rendered":"http:\/\/bisbalpenedes.com\/web\/?p=8876"},"modified":"2019-02-22T12:47:03","modified_gmt":"2019-02-22T11:47:03","slug":"la-junta-de-govern-local-ha-aprovat-ladjudicacio-dels-serveis-del-raco-de-la-gent-gran","status":"publish","type":"post","link":"https:\/\/bisbalpenedes.com\/web\/2019\/02\/22\/la-junta-de-govern-local-ha-aprovat-ladjudicacio-dels-serveis-del-raco-de-la-gent-gran\/","title":{"rendered":"La Junta de govern local ha aprovat l\u2019adjudicaci\u00f3 dels serveis del Rac\u00f3 de la Gent Gran"},"content":{"rendered":"<p style=\"text-align: justify;\"><a href=\"http:\/\/bisbalpenedes.com\/web\/wp-content\/uploads\/2019\/02\/IMG_9540.jpg\"><img loading=\"lazy\" class=\"aligncenter size-medium wp-image-8877\" src=\"http:\/\/bisbalpenedes.com\/web\/wp-content\/uploads\/2019\/02\/IMG_9540-300x200.jpg\" alt=\"IMG_9540\" width=\"300\" height=\"200\" srcset=\"https:\/\/bisbalpenedes.com\/web\/wp-content\/uploads\/2019\/02\/IMG_9540-300x200.jpg 300w, https:\/\/bisbalpenedes.com\/web\/wp-content\/uploads\/2019\/02\/IMG_9540-600x400.jpg 600w, https:\/\/bisbalpenedes.com\/web\/wp-content\/uploads\/2019\/02\/IMG_9540-768x512.jpg 768w, https:\/\/bisbalpenedes.com\/web\/wp-content\/uploads\/2019\/02\/IMG_9540-1024x683.jpg 1024w\" sizes=\"(max-width: 300px) 100vw, 300px\" \/><\/a><\/p>\n<p style=\"text-align: justify;\"><span style=\"color: #000000;\">La Junta de govern local ha aprovat l\u2019adjudicaci\u00f3 del servei de dinamitzaci\u00f3 del parc de salut a l\u2019empresa E3 Lleure per 7.869\u20ac, un servei que comen\u00e7ar\u00e0 a funcionar al mar\u00e7.<\/span><\/p>\n<p style=\"text-align: justify;\"><span style=\"color: #000000;\">El Rac\u00f3 de la Gent Gran va obrir les seves portes el setembre de 2018 i, per poder tirar endavant les noves activitats i serveis, es va aprovar un contracte menor. D\u2019aquesta manera es va poder oferir servei durant les tardes mentre es duia a terme el canvi d\u2019ubicaci\u00f3 dels serveis adre\u00e7ats a la gent gran que, fins al moment, s\u2019havien fet al Centre Municipal de Cultura.<\/span><\/p>\n<p style=\"text-align: justify;\"><span style=\"color: #000000;\">El desembre de 2018 es va aprovar la licitaci\u00f3, per un per\u00edode de dos anys (2019 i 2020) de diversos serveis, entre els quals hi havia la dinamitzaci\u00f3 del parc de la salut i el benestar emocional, que ja es venien oferint des de la Regidoria de la Gent Gran:<\/span><\/p>\n<p style=\"padding-left: 30px; text-align: justify;\"><span style=\"color: #000000;\">-Dinamitzaci\u00f3 del Rac\u00f3 de la Gent Gran: 4 hores cada tarda de dilluns a divendres. Servei gratu\u00eft destinat a majors de 65 anys.<\/span><\/p>\n<p style=\"padding-left: 30px; text-align: justify;\"><span style=\"color: #000000;\">-Dinamitzaci\u00f3 del parc de salut: 3 hores a la setmana. Els usuaris abonen 30\u20ac trimestrals si fan gimn\u00e0stica dos dies a la setmana o 15\u20ac si la fan un dia a la setmana.<\/span><\/p>\n<p style=\"padding-left: 30px; text-align: justify;\"><span style=\"color: #000000;\">-Benestar emocional: 2 hores a la setmana. Els usuaris abonen 15\u20ac trimestrals.<\/span><\/p>\n<p style=\"text-align: justify;\"><span style=\"color: #000000;\">Un total de 3 empreses es van presentar a la licitaci\u00f3 i, a la Junta de govern del mes de gener, es van adjudicar els serveis de:<\/span><\/p>\n<p style=\"padding-left: 30px; text-align: justify;\"><span style=\"color: #000000;\">-Dinamitzaci\u00f3 del Rac\u00f3 de la Gent Gran, per 56.430,36\u20ac per dos anys (2019 i 2020) a l\u2019empresa Vital Activity.<\/span><\/p>\n<p style=\"padding-left: 30px; text-align: justify;\"><span style=\"color: #000000;\">-Benestar emocional a l\u2019empresa Vital Activity, per 5.246,36\u20ac, per dos anys (2019 i 2020).<\/span><\/p>\n<p style=\"text-align: justify;\"><span style=\"color: #000000;\">La Junta de govern del mes de febrer ha adjudicat el tercer servei:<\/span><\/p>\n<p style=\"padding-left: 30px; text-align: justify;\"><span style=\"color: #000000;\">-Servei de dinamitzaci\u00f3 del parc de salut a l\u2019empresa E3 Lleure, per 7.869\u20ac, per dos anys (2019 i 2020).<\/span><\/p>\n<p style=\"text-align: justify;\"><span style=\"color: #000000;\">Els dos serveis adjudicats al gener van entrar en funcionament al mes de febrer i el servei de dinamitzaci\u00f3 del parc de salut comen\u00e7ar\u00e0 el mes de mar\u00e7.<\/span><\/p>\n<p style=\"text-align: justify;\"><span style=\"color: #000000;\">La regidora de la Gent Gran, Judit Vidal, ha explicat que \u201caquest Ajuntament ha estat implicat, des del primer dia, amb la gent gran del municipi. \u00c9s per aquest motiu que hem escoltat les seves peticions i les hem anat incorporant per poder oferir una oferta d\u2019activitats i serveis adequada als gustos i necessitats dels nostres avis. El Rac\u00f3 de la Gent Gran ha esdevingut un punt de trobada de la gent gran del municipi en pocs mesos, ja que a m\u00e9s de les activitats organitzades per la Regidoria de la Gent Gran, tamb\u00e9 \u00e9s la nova seu de l\u2019Associaci\u00f3 de la Gent Gran\u201d i ha afegit que \u201cvull recordar a tota la gent gran de la vila que tots els serveis estan oberts a la seva participaci\u00f3 i que, al Rac\u00f3 de la Gent Gran, poden venir totes les tardes de dilluns a divendres, sense cap cost per a ells\u201d.<\/span><\/p>\n<p style=\"text-align: justify;\"><span style=\"color: #000000;\">A banda de les activitats que s\u2019ofereixen al Rac\u00f3 de la Gent Gran, l\u2019Ajuntament de la Bisbal ofereix el Servei Bon dia i els tallers per millorar la mem\u00f2ria cognitiva.<\/span><\/p>\n<p style=\"text-align: justify;\"><span style=\"color: #000000;\">El Servei Bon Dia consisteix a fer trucades a la gent gran del municipi o a les persones que viuen soles que ho hagin sol\u00b7licitat. Aquestes trucades les fan els voluntaris i les volunt\u00e0ries, que comproven que tot va b\u00e9 i ajuden els usuaris amb els seus dubtes o gestions. Si les persones no responen les trucades de tel\u00e8fon, s\u2019activa el protocol establert en aquests casos, que consisteix en contactar amb els tel\u00e8fons de contacte de familiars o amics propers a l\u2019usuari.<\/span><\/p>\n<p style=\"text-align: justify;\"><span style=\"color: #000000;\">Els tallers de mem\u00f2ria cognitiva s\u2019ofereixen tot l\u2019any i tenen com a finalitat millorar i desenvolupar la mem\u00f2ria, la concentraci\u00f3, l\u2019estimulaci\u00f3 cognitiva i l\u2019agilitat mental per tal de millorar la qualitat de vida, mantenir la capacitat funcional i potenciar l\u2019autonomia de les persones, disminuint els d\u00e8ficits de mem\u00f2ria que apareixen amb l\u2019edat.<\/span><\/p>\n<hr \/>\n<p style=\"text-align: justify;\"><span style=\"color: #000000;\"><strong>CASTELLANO |<\/strong> La Junta de gobierno local ha aprobado la adjudicaci\u00f3n del servicio de dinamizaci\u00f3n el parque de salud a la empresa E3 Lleure por 7.869\u20ac, un servicio que empezar\u00e1 a funcionar en marzo.<\/span><\/p>\n<p style=\"text-align: justify;\"><span style=\"color: #000000;\">El Rac\u00f3 de la Gent Gran abri\u00f3 sus puertas en septiembre del 2018 y, para poder llevar a cabo las nuevas actividades y servicios, se aprob\u00f3 un contrato menor. De esta manera se pudo ofrecer servicio durante las tardes mientras se llevaba a cabo el cambio de ubicaci\u00f3n de los servicios dirigidos a la gente mayor que, hasta el momento, se hab\u00edan realizado en el Centre Municipal de Cultura.<\/span><\/p>\n<p style=\"text-align: justify;\"><span style=\"color: #000000;\">En diciembre del 2018 se aprob\u00f3 la licitaci\u00f3n, por un periodo de dos a\u00f1os (2019 y 2020) de varios servicios, entre los cuales hab\u00eda la dinamizaci\u00f3n del parque de salud y el bienestar emocional, que ya se ven\u00edan ofreciendo desde la &#8216;Regidoria de la Gent Gran&#8217;:<\/span><\/p>\n<p style=\"text-align: justify; padding-left: 30px;\"><span style=\"color: #000000;\">-Dinamizaci\u00f3n del Rac\u00f3 de la Gent Gran: 4 horas cada tarde de lunes a viernes. Servicio gratuito destinado a mayores de 65 a\u00f1os.<\/span><\/p>\n<p style=\"text-align: justify; padding-left: 30px;\"><span style=\"color: #000000;\">-Dinamizaci\u00f3n del parque de salud: 3 horas a la semana. Los usuarios abonan 30\u20ac trimestrales si hacen gimnasia dos d\u00edas a la semana o 15\u20ac si la hacen un d\u00eda a la semana.<\/span><\/p>\n<p style=\"text-align: justify; padding-left: 30px;\"><span style=\"color: #000000;\">-Bienestar emocional: 2 horas a la semana. Los usuarios abonan 15\u20ac trimestrales.<\/span><\/p>\n<p style=\"text-align: justify;\"><span style=\"color: #000000;\">Un total de 3 empresas se presentaron a la licitaci\u00f3n y, en la Junta de gobierno del mes de enero, se adjudicaron los servicios de:<\/span><\/p>\n<p style=\"padding-left: 30px; text-align: justify;\"><span style=\"color: #000000;\">-Dinamizaci\u00f3n del Rac\u00f3 de la Gent Gran, por 56.430,36\u20ac por dos a\u00f1os (2019 y 2020) a la empresa Vital Activity.<\/span><\/p>\n<p style=\"padding-left: 30px; text-align: justify;\"><span style=\"color: #000000;\">-Bienestar emocional a la empresa Vital Activity, por 5.249,36\u20ac, por dos a\u00f1os (2019 y 2020).<\/span><\/p>\n<p style=\"text-align: justify;\"><span style=\"color: #000000;\">La Junta de gobierno del mes de febrero ha adjudicado el tercer servicio:<\/span><\/p>\n<p style=\"padding-left: 30px; text-align: justify;\"><span style=\"color: #000000;\">-Servicio de dinamizaci\u00f3n del parque de salud a la empresa E3 Lleure, por 7.869\u20ac, por dos a\u00f1os (2019 y 2020).<\/span><\/p>\n<p style=\"text-align: justify;\"><span style=\"color: #000000;\">Los dos servicios adjudicados en el mes de enero entraron en funcionamiento en el mes de febrero y el servicio de dinamizaci\u00f3n del parque de salud empezar\u00e1 en el mes de marzo.<\/span><\/p>\n<p style=\"text-align: justify;\"><span style=\"color: #000000;\">La regidora de la Gent Gran, Judit Vidal, ha explicado que &#8220;este Ayuntamiento ha estado implicado, desde el primer d\u00eda, con la gente mayor del municipio. Es por este motivo que hemos escuchado sus peticiones y las hemos ido incorporando para poder ofrecer una oferta de actividades y servicios adecuada a los gustos y necesidades de nuestros abuelos. El Rac\u00f3 de la Gent Gran se ha convertido en un punto de encuentro de la gente mayor del municipio en pocos meses, ya que adem\u00e1s de las actividades organizadas por la Regidoria de la Gent Gran, tambi\u00e9n es la nueva sede de la Associaci\u00f3 de la Gent Gran&#8221; y ha a\u00f1adido que &#8220;quiero recordar a toda la gente mayor del municipio que todos los servicios est\u00e1n abiertos a su participaci\u00f3n y que, al Rac\u00f3 de la Gent Gran, pueden venir todas las tardes de lunes a viernes, sin ning\u00fan coste para ellos&#8221;.<\/span><\/p>\n<p style=\"text-align: justify;\"><span style=\"color: #000000;\">Adem\u00e1s de las actividades que se ofrecen en el Rac\u00f3 de la Gent Gran, el Ayuntamiento de la Bisbal ofrece el Servei Bon Dia y los talleres para mejorar la memoria cognitiva.<\/span><\/p>\n<p style=\"text-align: justify;\"><span style=\"color: #000000;\">El Servei Bon Dia consiste en hacer llamadas a la gente mayor del municipio o a las personas que viven solas y que lo hayan solicitado. Estas llamadas las hacen los voluntarios y las voluntarias, que comprueban que todo vaya bien y ayudan a los usuarios con sus dudas o gestiones. Si las personas no responden a las llamadas de tel\u00e9fono, se activa el protocolo establecido en estos casos, que consiste en contactar con los tel\u00e9fonos de contacto de familiares o amigos cercanos al usuario.<\/span><\/p>\n<p style=\"text-align: justify;\"><span style=\"color: #000000;\">Los talleres de memoria cognitiva se ofrecen todo el a\u00f1o y tienen como finalidad mejorar y desarrollar la memoria, la concentraci\u00f3n, la estimulaci\u00f3n cognitiva y la agilidad mental por tal de mejorar la calidad de vida, mantener la capacidad funcional y potenciar la autonom\u00eda de las personas, disminuyendo los d\u00e9ficits de memoria que aparecen con la edad.<\/span><\/p>\n<p style=\"text-align: justify;\"><a href=\"http:\/\/bisbalpenedes.com\/web\/wp-content\/uploads\/2018\/10\/RACO_GENT_GRAN_18_ACTIVITATS_CARTELL3.jpg\"><img loading=\"lazy\" class=\"aligncenter size-large wp-image-7276\" src=\"http:\/\/bisbalpenedes.com\/web\/wp-content\/uploads\/2018\/10\/RACO_GENT_GRAN_18_ACTIVITATS_CARTELL3-724x1024.jpg\" alt=\"RACO_GENT_GRAN_18_ACTIVITATS_CARTELL3\" width=\"630\" height=\"891\" srcset=\"https:\/\/bisbalpenedes.com\/web\/wp-content\/uploads\/2018\/10\/RACO_GENT_GRAN_18_ACTIVITATS_CARTELL3-724x1024.jpg 724w, https:\/\/bisbalpenedes.com\/web\/wp-content\/uploads\/2018\/10\/RACO_GENT_GRAN_18_ACTIVITATS_CARTELL3-600x849.jpg 600w, https:\/\/bisbalpenedes.com\/web\/wp-content\/uploads\/2018\/10\/RACO_GENT_GRAN_18_ACTIVITATS_CARTELL3-212x300.jpg 212w, https:\/\/bisbalpenedes.com\/web\/wp-content\/uploads\/2018\/10\/RACO_GENT_GRAN_18_ACTIVITATS_CARTELL3-768x1086.jpg 768w, https:\/\/bisbalpenedes.com\/web\/wp-content\/uploads\/2018\/10\/RACO_GENT_GRAN_18_ACTIVITATS_CARTELL3-scaled.jpg 1810w\" sizes=\"(max-width: 630px) 100vw, 630px\" \/><\/a><a href=\"http:\/\/bisbalpenedes.com\/web\/wp-content\/uploads\/2018\/10\/RACO_GENT_GRAN_18_ACTIVITATS_CARTELL3.jpg\"><br \/>\n<\/a><\/p>\n<p>&nbsp;<\/p>\n<p>&nbsp;<\/p>\n","protected":false},"excerpt":{"rendered":"<p>La Junta de govern local ha aprovat l\u2019adjudicaci\u00f3 del servei de dinamitzaci\u00f3 del parc de salut a l\u2019empresa E3 Lleure per 7.869\u20ac, un servei que comen\u00e7ar\u00e0 a funcionar al mar\u00e7. &hellip; <a href=\"https:\/\/bisbalpenedes.com\/web\/2019\/02\/22\/la-junta-de-govern-local-ha-aprovat-ladjudicacio-dels-serveis-del-raco-de-la-gent-gran\/\" class=\"more-link\">Read More<\/a><\/p>\n","protected":false},"author":4,"featured_media":8877,"comment_status":"closed","ping_status":"closed","sticky":false,"template":"","format":"standard","meta":[],"categories":[464],"tags":[230,305,83,2115],"_links":{"self":[{"href":"https:\/\/bisbalpenedes.com\/web\/wp-json\/wp\/v2\/posts\/8876"}],"collection":[{"href":"https:\/\/bisbalpenedes.com\/web\/wp-json\/wp\/v2\/posts"}],"about":[{"href":"https:\/\/bisbalpenedes.com\/web\/wp-json\/wp\/v2\/types\/post"}],"author":[{"embeddable":true,"href":"https:\/\/bisbalpenedes.com\/web\/wp-json\/wp\/v2\/users\/4"}],"replies":[{"embeddable":true,"href":"https:\/\/bisbalpenedes.com\/web\/wp-json\/wp\/v2\/comments?post=8876"}],"version-history":[{"count":2,"href":"https:\/\/bisbalpenedes.com\/web\/wp-json\/wp\/v2\/posts\/8876\/revisions"}],"predecessor-version":[{"id":8879,"href":"https:\/\/bisbalpenedes.com\/web\/wp-json\/wp\/v2\/posts\/8876\/revisions\/8879"}],"wp:featuredmedia":[{"embeddable":true,"href":"https:\/\/bisbalpenedes.com\/web\/wp-json\/wp\/v2\/media\/8877"}],"wp:attachment":[{"href":"https:\/\/bisbalpenedes.com\/web\/wp-json\/wp\/v2\/media?parent=8876"}],"wp:term":[{"taxonomy":"category","embeddable":true,"href":"https:\/\/bisbalpenedes.com\/web\/wp-json\/wp\/v2\/categories?post=8876"},{"taxonomy":"post_tag","embeddable":true,"href":"https:\/\/bisbalpenedes.com\/web\/wp-json\/wp\/v2\/tags?post=8876"}],"curies":[{"name":"wp","href":"https:\/\/api.w.org\/{rel}","templated":true}]}}