{"id":8871,"date":"2019-02-22T10:39:27","date_gmt":"2019-02-22T09:39:27","guid":{"rendered":"http:\/\/bisbalpenedes.com\/web\/?p=8871"},"modified":"2019-02-22T10:40:49","modified_gmt":"2019-02-22T09:40:49","slug":"lajuntament-cedira-espais-municipals-al-consell-comarcal-per-a-realitzar-activitats","status":"publish","type":"post","link":"https:\/\/bisbalpenedes.com\/web\/2019\/02\/22\/lajuntament-cedira-espais-municipals-al-consell-comarcal-per-a-realitzar-activitats\/","title":{"rendered":"L\u2019Ajuntament cedir\u00e0 espais municipals al Consell Comarcal per a realitzar activitats"},"content":{"rendered":"<p style=\"text-align: justify;\"><span style=\"color: #000000;\">La Junta de Govern ha aprovat l\u2019annex I del conveni de cessi\u00f3 d\u2019espais amb el Consell Comarcal del Baix Pened\u00e8s per a la realitzaci\u00f3 de diverses activitats de Jove Baix Pened\u00e8s. Aix\u00ed, el municipi podr\u00e0 acollir el curs de premonitor\/a d\u2019educaci\u00f3 en el lleure que est\u00e0 previst per als dies 15, 16, 17 i 18 d\u2019abril, de 9 a 14h, al Centre Municipal de Cultura de la Bisbal del Pened\u00e8s, amb un nombre d\u2019usuaris de 30.<\/span><\/p>\n<p style=\"text-align: justify;\"><span style=\"color: #000000;\">El juny de 2010 es va signar el conveni de cessi\u00f3 d\u2019espais entre l\u2019Ajuntament de la Bisbal del Pened\u00e8s i el Consell Comarcal del Baix Pened\u00e8s per a la realitzaci\u00f3 d\u2019activitats diverses de Jove Baix Pened\u00e8s. Ara la Junta de Govern ha aprovat un annex a aquest conveni.<\/span><\/p>\n<hr \/>\n<p style=\"text-align: justify;\"><span style=\"color: #000000;\">CASTELLANO | La Junta de Govern ha aprobado el anexo I del convenio de cesi\u00f3n de espacios con el Consell Comarcal del Baix Pened\u00e8s para la realizaci\u00f3n de varias actividades de Jove Baix Pened\u00e8s. As\u00ed, el municipio podr\u00e1 acoger el curso de premonitor\/a de educaci\u00f3n en el ocio y el tiempo libre que est\u00e1 previsto para los d\u00edas 15, 16, 17 y 18 de abril, de 9 a 14h, en el Centre Municipal de Cultura de la Bisbal del Pened\u00e8s, con un nombre de usuarios de 30.<\/span><\/p>\n<p style=\"text-align: justify;\"><span style=\"color: #000000;\">En junio del 2010 se firm\u00f3 el convenio de cesi\u00f3n de espacios entre el Ayuntamiento de la Bisbal del Pened\u00e8s y el Consell Comarcal del Baix Pened\u00e8s para la realizaci\u00f3n de actividades varias de Jove Baix Pened\u00e8s. Ahora la Junta de Gobierno ha aprobado un anexo a este convenio.<\/span><\/p>\n","protected":false},"excerpt":{"rendered":"<p>La Junta de Govern ha aprovat l\u2019annex I del conveni de cessi\u00f3 d\u2019espais amb el Consell Comarcal del Baix Pened\u00e8s per a la realitzaci\u00f3 de diverses activitats de Jove Baix &hellip; <a href=\"https:\/\/bisbalpenedes.com\/web\/2019\/02\/22\/lajuntament-cedira-espais-municipals-al-consell-comarcal-per-a-realitzar-activitats\/\" class=\"more-link\">Read More<\/a><\/p>\n","protected":false},"author":4,"featured_media":8872,"comment_status":"closed","ping_status":"closed","sticky":false,"template":"","format":"standard","meta":[],"categories":[1486],"tags":[1056,62,2843,1057,686,2842],"_links":{"self":[{"href":"https:\/\/bisbalpenedes.com\/web\/wp-json\/wp\/v2\/posts\/8871"}],"collection":[{"href":"https:\/\/bisbalpenedes.com\/web\/wp-json\/wp\/v2\/posts"}],"about":[{"href":"https:\/\/bisbalpenedes.com\/web\/wp-json\/wp\/v2\/types\/post"}],"author":[{"embeddable":true,"href":"https:\/\/bisbalpenedes.com\/web\/wp-json\/wp\/v2\/users\/4"}],"replies":[{"embeddable":true,"href":"https:\/\/bisbalpenedes.com\/web\/wp-json\/wp\/v2\/comments?post=8871"}],"version-history":[{"count":2,"href":"https:\/\/bisbalpenedes.com\/web\/wp-json\/wp\/v2\/posts\/8871\/revisions"}],"predecessor-version":[{"id":8874,"href":"https:\/\/bisbalpenedes.com\/web\/wp-json\/wp\/v2\/posts\/8871\/revisions\/8874"}],"wp:featuredmedia":[{"embeddable":true,"href":"https:\/\/bisbalpenedes.com\/web\/wp-json\/wp\/v2\/media\/8872"}],"wp:attachment":[{"href":"https:\/\/bisbalpenedes.com\/web\/wp-json\/wp\/v2\/media?parent=8871"}],"wp:term":[{"taxonomy":"category","embeddable":true,"href":"https:\/\/bisbalpenedes.com\/web\/wp-json\/wp\/v2\/categories?post=8871"},{"taxonomy":"post_tag","embeddable":true,"href":"https:\/\/bisbalpenedes.com\/web\/wp-json\/wp\/v2\/tags?post=8871"}],"curies":[{"name":"wp","href":"https:\/\/api.w.org\/{rel}","templated":true}]}}