{"id":8866,"date":"2019-02-20T09:41:45","date_gmt":"2019-02-20T08:41:45","guid":{"rendered":"http:\/\/bisbalpenedes.com\/web\/?p=8866"},"modified":"2019-02-21T10:06:25","modified_gmt":"2019-02-21T09:06:25","slug":"aquest-dissabre-23-de-febrer-a-les-17h-hi-haura-contacontes-a-la-biblioteca","status":"publish","type":"post","link":"https:\/\/bisbalpenedes.com\/web\/2019\/02\/20\/aquest-dissabre-23-de-febrer-a-les-17h-hi-haura-contacontes-a-la-biblioteca\/","title":{"rendered":"Aquest dissabre 23 de febrer a les 17h hi haur\u00e0 contacontes a la Biblioteca"},"content":{"rendered":"<p style=\"text-align: justify;\"><span style=\"color: #000000;\">Com cada darrer dissabte de mes, aquest dissabte 23 de febrer, a les 17h, tindr\u00e0 lloc el contacontes mensual a la Biblioteca p\u00fablica de la Bisbal del Pened\u00e8s. En acabar hi haur\u00e0 berenar sense gluten. Us hi esperem!<\/span><\/p>\n<hr \/>\n<p style=\"text-align: justify;\"><span style=\"color: #000000;\"><strong>CASTELLANO |<\/strong> Como cada \u00faltimo s\u00e1bado de mes, este s\u00e1bado 23 de febrero, a las 17h, tendr\u00e1 lugar el cuentacuentos mensual en la Biblioteca p\u00fablica de la Bisbal del Pened\u00e8s. Al finalizar habr\u00e1 merienda sin gluten. \u00a1Os esperamos!<\/span><\/p>\n<p style=\"text-align: justify;\"><a href=\"http:\/\/bisbalpenedes.com\/web\/wp-content\/uploads\/2019\/02\/contacontes_feb_19.jpg\"><img loading=\"lazy\" class=\"aligncenter size-medium wp-image-8867\" src=\"http:\/\/bisbalpenedes.com\/web\/wp-content\/uploads\/2019\/02\/contacontes_feb_19-212x300.jpg\" alt=\"contacontes_feb_19\" width=\"212\" height=\"300\" srcset=\"https:\/\/bisbalpenedes.com\/web\/wp-content\/uploads\/2019\/02\/contacontes_feb_19-212x300.jpg 212w, https:\/\/bisbalpenedes.com\/web\/wp-content\/uploads\/2019\/02\/contacontes_feb_19-600x849.jpg 600w, https:\/\/bisbalpenedes.com\/web\/wp-content\/uploads\/2019\/02\/contacontes_feb_19-768x1086.jpg 768w, https:\/\/bisbalpenedes.com\/web\/wp-content\/uploads\/2019\/02\/contacontes_feb_19-724x1024.jpg 724w, https:\/\/bisbalpenedes.com\/web\/wp-content\/uploads\/2019\/02\/contacontes_feb_19-scaled.jpg 1810w\" sizes=\"(max-width: 212px) 100vw, 212px\" \/><\/a><\/p>\n","protected":false},"excerpt":{"rendered":"<p>Com cada darrer dissabte de mes, aquest dissabte 23 de febrer, a les 17h, tindr\u00e0 lloc el contacontes mensual a la Biblioteca p\u00fablica de la Bisbal del Pened\u00e8s. En acabar &hellip; <a href=\"https:\/\/bisbalpenedes.com\/web\/2019\/02\/20\/aquest-dissabre-23-de-febrer-a-les-17h-hi-haura-contacontes-a-la-biblioteca\/\" class=\"more-link\">Read More<\/a><\/p>\n","protected":false},"author":4,"featured_media":8867,"comment_status":"closed","ping_status":"closed","sticky":false,"template":"","format":"standard","meta":[],"categories":[13],"tags":[2841,421,393],"_links":{"self":[{"href":"https:\/\/bisbalpenedes.com\/web\/wp-json\/wp\/v2\/posts\/8866"}],"collection":[{"href":"https:\/\/bisbalpenedes.com\/web\/wp-json\/wp\/v2\/posts"}],"about":[{"href":"https:\/\/bisbalpenedes.com\/web\/wp-json\/wp\/v2\/types\/post"}],"author":[{"embeddable":true,"href":"https:\/\/bisbalpenedes.com\/web\/wp-json\/wp\/v2\/users\/4"}],"replies":[{"embeddable":true,"href":"https:\/\/bisbalpenedes.com\/web\/wp-json\/wp\/v2\/comments?post=8866"}],"version-history":[{"count":1,"href":"https:\/\/bisbalpenedes.com\/web\/wp-json\/wp\/v2\/posts\/8866\/revisions"}],"predecessor-version":[{"id":8868,"href":"https:\/\/bisbalpenedes.com\/web\/wp-json\/wp\/v2\/posts\/8866\/revisions\/8868"}],"wp:featuredmedia":[{"embeddable":true,"href":"https:\/\/bisbalpenedes.com\/web\/wp-json\/wp\/v2\/media\/8867"}],"wp:attachment":[{"href":"https:\/\/bisbalpenedes.com\/web\/wp-json\/wp\/v2\/media?parent=8866"}],"wp:term":[{"taxonomy":"category","embeddable":true,"href":"https:\/\/bisbalpenedes.com\/web\/wp-json\/wp\/v2\/categories?post=8866"},{"taxonomy":"post_tag","embeddable":true,"href":"https:\/\/bisbalpenedes.com\/web\/wp-json\/wp\/v2\/tags?post=8866"}],"curies":[{"name":"wp","href":"https:\/\/api.w.org\/{rel}","templated":true}]}}