{"id":8848,"date":"2019-02-20T08:08:57","date_gmt":"2019-02-20T07:08:57","guid":{"rendered":"http:\/\/bisbalpenedes.com\/web\/?p=8848"},"modified":"2019-02-27T14:37:09","modified_gmt":"2019-02-27T13:37:09","slug":"el-dia-10-de-marc-a-les-12h-es-fara-un-vermut-musical-en-el-marc-del-dia-internacional-de-la-dona","status":"publish","type":"post","link":"https:\/\/bisbalpenedes.com\/web\/2019\/02\/20\/el-dia-10-de-marc-a-les-12h-es-fara-un-vermut-musical-en-el-marc-del-dia-internacional-de-la-dona\/","title":{"rendered":"El dia 8 de mar\u00e7 a les 20h es far\u00e0 un recital en el marc del Dia Internacional de la Dona"},"content":{"rendered":"<p style=\"text-align: justify;\"><a href=\"http:\/\/bisbalpenedes.com\/web\/wp-content\/uploads\/2019\/02\/definitiu.-Dia-dona.-Pinzellades-de-Roig.-actuacio-poeticamusical_pages-to-jpg-0001.jpg\"><img loading=\"lazy\" class=\"aligncenter size-medium wp-image-8910\" src=\"http:\/\/bisbalpenedes.com\/web\/wp-content\/uploads\/2019\/02\/definitiu.-Dia-dona.-Pinzellades-de-Roig.-actuacio-poeticamusical_pages-to-jpg-0001-212x300.jpg\" alt=\"definitiu. Dia dona. Pinzellades de Roig. actuacio poeticamusical_pages-to-jpg-0001\" width=\"212\" height=\"300\" srcset=\"https:\/\/bisbalpenedes.com\/web\/wp-content\/uploads\/2019\/02\/definitiu.-Dia-dona.-Pinzellades-de-Roig.-actuacio-poeticamusical_pages-to-jpg-0001-212x300.jpg 212w, https:\/\/bisbalpenedes.com\/web\/wp-content\/uploads\/2019\/02\/definitiu.-Dia-dona.-Pinzellades-de-Roig.-actuacio-poeticamusical_pages-to-jpg-0001-600x848.jpg 600w, https:\/\/bisbalpenedes.com\/web\/wp-content\/uploads\/2019\/02\/definitiu.-Dia-dona.-Pinzellades-de-Roig.-actuacio-poeticamusical_pages-to-jpg-0001-768x1085.jpg 768w, https:\/\/bisbalpenedes.com\/web\/wp-content\/uploads\/2019\/02\/definitiu.-Dia-dona.-Pinzellades-de-Roig.-actuacio-poeticamusical_pages-to-jpg-0001-725x1024.jpg 725w, https:\/\/bisbalpenedes.com\/web\/wp-content\/uploads\/2019\/02\/definitiu.-Dia-dona.-Pinzellades-de-Roig.-actuacio-poeticamusical_pages-to-jpg-0001.jpg 1241w\" sizes=\"(max-width: 212px) 100vw, 212px\" \/><\/a><\/p>\n<p style=\"text-align: justify;\"><span style=\"color: #000000;\">La Regidoria de Cultura ha organitzat un\u00a0recital\u00a0amb motiu del Dia Internacional de la Dona, que es dur\u00e0 a terme el pr\u00f2xim divendres 8 de mar\u00e7, a les 20h, al Rac\u00f3 de la Gent Gran. Jaume Calatayud i Vicente Monera oferiran un espectacle de composicions poeticomusicals basades en la vida i obra de l&#8217;escriptora Montserrat Roig. Abans, tindr\u00e0 lloc la lectura del manifest.<\/span><\/p>\n<p style=\"text-align: justify;\"><span style=\"color: #000000;\">Jaume Calatayud (narrador i rapsode) i Vicente Monera (cantant i guitarrista) fa vint anys que ofereixen aquest tipus d&#8217;espectacle poeticomusical arreu del territori catal\u00e0. L&#8217;any passat van oferir l&#8217;espectacle &#8216;Mai no \u00e9s de nit&#8217; amb motiu de l&#8217;Any Manuel de Pedrolo i en el marc de l&#8217;entrega de premis del Concurs Literari de Sant Jordi de la Bisbal.<\/span><\/p>\n<hr \/>\n<p style=\"text-align: justify;\"><span style=\"color: #000000;\"><strong>CASTELLANO |<\/strong> La\u00a0Concejal\u00eda de Cultura ha organizado un\u00a0recital con motivo del D\u00eda Internacional de la Mujer, que se llevar\u00e1 a cabo el pr\u00f3ximo viernes 8 de marzo, a las 20h, en el Rac\u00f3 de la Gent Gran. Jaume Calatayud y Vicente Monera ofrecer\u00e1n un espect\u00e1culo de composiciones poeticomusicales basadas en la vida y obra de la escritora Montserrat Roig. Antes, tendr\u00e0 lugar la lectura del manifiesto.<\/span><\/p>\n<p style=\"text-align: justify;\"><span style=\"color: #000000;\">Jaume Calatayud (narrador y rapsoda) y Vicente Monera (cantante y guitarrista) hace veinte a\u00f1os que ofrecen este tipo de espect\u00e1culo po\u00e9ticomusical por toda Catalunya. El a\u00f1o pasado ofrecieron el espect\u00e1culo &#8216;Mai no \u00e9s de nit&#8217; con motivo del A\u00f1o Manuel de Pedrolo y en el marco de la entrega de premios del Concurso Literario de Sant Jordi de la Bisbal.<\/span><\/p>\n","protected":false},"excerpt":{"rendered":"<p>La Regidoria de Cultura ha organitzat un\u00a0recital\u00a0amb motiu del Dia Internacional de la Dona, que es dur\u00e0 a terme el pr\u00f2xim divendres 8 de mar\u00e7, a les 20h, al Rac\u00f3 &hellip; <a href=\"https:\/\/bisbalpenedes.com\/web\/2019\/02\/20\/el-dia-10-de-marc-a-les-12h-es-fara-un-vermut-musical-en-el-marc-del-dia-internacional-de-la-dona\/\" class=\"more-link\">Read More<\/a><\/p>\n","protected":false},"author":4,"featured_media":8910,"comment_status":"closed","ping_status":"closed","sticky":false,"template":"","format":"standard","meta":[],"categories":[13],"tags":[225,1687,2839,72,342,1045,1686],"_links":{"self":[{"href":"https:\/\/bisbalpenedes.com\/web\/wp-json\/wp\/v2\/posts\/8848"}],"collection":[{"href":"https:\/\/bisbalpenedes.com\/web\/wp-json\/wp\/v2\/posts"}],"about":[{"href":"https:\/\/bisbalpenedes.com\/web\/wp-json\/wp\/v2\/types\/post"}],"author":[{"embeddable":true,"href":"https:\/\/bisbalpenedes.com\/web\/wp-json\/wp\/v2\/users\/4"}],"replies":[{"embeddable":true,"href":"https:\/\/bisbalpenedes.com\/web\/wp-json\/wp\/v2\/comments?post=8848"}],"version-history":[{"count":10,"href":"https:\/\/bisbalpenedes.com\/web\/wp-json\/wp\/v2\/posts\/8848\/revisions"}],"predecessor-version":[{"id":8913,"href":"https:\/\/bisbalpenedes.com\/web\/wp-json\/wp\/v2\/posts\/8848\/revisions\/8913"}],"wp:featuredmedia":[{"embeddable":true,"href":"https:\/\/bisbalpenedes.com\/web\/wp-json\/wp\/v2\/media\/8910"}],"wp:attachment":[{"href":"https:\/\/bisbalpenedes.com\/web\/wp-json\/wp\/v2\/media?parent=8848"}],"wp:term":[{"taxonomy":"category","embeddable":true,"href":"https:\/\/bisbalpenedes.com\/web\/wp-json\/wp\/v2\/categories?post=8848"},{"taxonomy":"post_tag","embeddable":true,"href":"https:\/\/bisbalpenedes.com\/web\/wp-json\/wp\/v2\/tags?post=8848"}],"curies":[{"name":"wp","href":"https:\/\/api.w.org\/{rel}","templated":true}]}}