{"id":8832,"date":"2019-02-15T11:48:52","date_gmt":"2019-02-15T10:48:52","guid":{"rendered":"http:\/\/bisbalpenedes.com\/web\/?p=8832"},"modified":"2019-02-20T07:53:19","modified_gmt":"2019-02-20T06:53:19","slug":"resolucio-dalcaldia-de-canvi-de-data-de-la-prova-de-catala-placa-arquitecte-superior","status":"publish","type":"post","link":"https:\/\/bisbalpenedes.com\/web\/2019\/02\/15\/resolucio-dalcaldia-de-canvi-de-data-de-la-prova-de-catala-placa-arquitecte-superior\/","title":{"rendered":"Resoluci\u00f3 d&#8217;alcaldia de canvi de data de la prova de catal\u00e0 per a la pla\u00e7a d&#8217;arquitecte superior"},"content":{"rendered":"<p>Decret per a canviar la data de la celebraci\u00f3 de la prova dels aspirants declarats admesos que han de realitzar el primer exercici de coneixements de lleng\u00fces per no haver acreditat documentalment estar en possessi\u00f3 dels nivells exigits s\u00f3n convocats per a la continuaci\u00f3 del proc\u00e9s selectiu (primer exercici), d\u2019acord amb la data, l\u2019hora i el lloc que s\u2019indiquen a continuaci\u00f3:<br \/>\nDia: 19\/02\/2019. Hora: 9:00 hores<br \/>\nLloc: a la Sala de Plens de l\u2019Ajuntament de La Bisbal del Pened\u00e8s (carrer Major, n\u00famero 21)<\/p>\n<p><a href=\"http:\/\/bisbalpenedes.com\/web\/wp-content\/uploads\/2019\/02\/20190214_Rmodif_prova_catala.pdf\">20190214_Rmodif_prova_catala<\/a><\/p>\n","protected":false},"excerpt":{"rendered":"<p>Decret per a canviar la data de la celebraci\u00f3 de la prova dels aspirants declarats admesos que han de realitzar el primer exercici de coneixements de lleng\u00fces per no haver &hellip; <a href=\"https:\/\/bisbalpenedes.com\/web\/2019\/02\/15\/resolucio-dalcaldia-de-canvi-de-data-de-la-prova-de-catala-placa-arquitecte-superior\/\" class=\"more-link\">Read More<\/a><\/p>\n","protected":false},"author":1,"featured_media":6737,"comment_status":"closed","ping_status":"closed","sticky":false,"template":"","format":"standard","meta":[],"categories":[9],"tags":[118,2838,2676],"_links":{"self":[{"href":"https:\/\/bisbalpenedes.com\/web\/wp-json\/wp\/v2\/posts\/8832"}],"collection":[{"href":"https:\/\/bisbalpenedes.com\/web\/wp-json\/wp\/v2\/posts"}],"about":[{"href":"https:\/\/bisbalpenedes.com\/web\/wp-json\/wp\/v2\/types\/post"}],"author":[{"embeddable":true,"href":"https:\/\/bisbalpenedes.com\/web\/wp-json\/wp\/v2\/users\/1"}],"replies":[{"embeddable":true,"href":"https:\/\/bisbalpenedes.com\/web\/wp-json\/wp\/v2\/comments?post=8832"}],"version-history":[{"count":4,"href":"https:\/\/bisbalpenedes.com\/web\/wp-json\/wp\/v2\/posts\/8832\/revisions"}],"predecessor-version":[{"id":8847,"href":"https:\/\/bisbalpenedes.com\/web\/wp-json\/wp\/v2\/posts\/8832\/revisions\/8847"}],"wp:featuredmedia":[{"embeddable":true,"href":"https:\/\/bisbalpenedes.com\/web\/wp-json\/wp\/v2\/media\/6737"}],"wp:attachment":[{"href":"https:\/\/bisbalpenedes.com\/web\/wp-json\/wp\/v2\/media?parent=8832"}],"wp:term":[{"taxonomy":"category","embeddable":true,"href":"https:\/\/bisbalpenedes.com\/web\/wp-json\/wp\/v2\/categories?post=8832"},{"taxonomy":"post_tag","embeddable":true,"href":"https:\/\/bisbalpenedes.com\/web\/wp-json\/wp\/v2\/tags?post=8832"}],"curies":[{"name":"wp","href":"https:\/\/api.w.org\/{rel}","templated":true}]}}