{"id":882,"date":"2014-05-09T18:02:20","date_gmt":"2014-05-09T12:02:20","guid":{"rendered":"http:\/\/bisbalpenedes.com\/web\/?p=882"},"modified":"2014-05-09T18:21:00","modified_gmt":"2014-05-09T12:21:00","slug":"serveis-funeraris","status":"publish","type":"post","link":"https:\/\/bisbalpenedes.com\/web\/2014\/05\/09\/serveis-funeraris\/","title":{"rendered":"Serveis Funeraris"},"content":{"rendered":"<p>A partir del dia 10 de maig de 2014, l&#8217;empresa funeraria SELVA,SL ser\u00e0 l&#8217;encarregada dels serveis funeraris i gesti\u00f3 del cementiri de la Bisbal del Pened\u00e8s<a href=\"http:\/\/bisbalpenedes.com\/web\/wp-content\/uploads\/2014\/05\/ban_cementiri.jpg\"><img loading=\"lazy\" src=\"http:\/\/bisbalpenedes.com\/web\/wp-content\/uploads\/2014\/05\/ban_cementiri-212x300.jpg\" alt=\"\" title=\"ban_cementiri\" width=\"212\" height=\"300\" class=\"aligncenter size-medium wp-image-883\" srcset=\"https:\/\/bisbalpenedes.com\/web\/wp-content\/uploads\/2014\/05\/ban_cementiri-212x300.jpg 212w, https:\/\/bisbalpenedes.com\/web\/wp-content\/uploads\/2014\/05\/ban_cementiri-600x848.jpg 600w, https:\/\/bisbalpenedes.com\/web\/wp-content\/uploads\/2014\/05\/ban_cementiri-724x1024.jpg 724w, https:\/\/bisbalpenedes.com\/web\/wp-content\/uploads\/2014\/05\/ban_cementiri.jpg 827w\" sizes=\"(max-width: 212px) 100vw, 212px\" \/><\/a><\/p>\n","protected":false},"excerpt":{"rendered":"<p>A partir del dia 10 de maig de 2014, l&#8217;empresa funeraria SELVA,SL ser\u00e0 l&#8217;encarregada dels serveis funeraris i gesti\u00f3 del cementiri de la Bisbal del Pened\u00e8s<\/p>\n","protected":false},"author":1,"featured_media":883,"comment_status":"closed","ping_status":"open","sticky":false,"template":"","format":"standard","meta":[],"categories":[5],"tags":[107],"_links":{"self":[{"href":"https:\/\/bisbalpenedes.com\/web\/wp-json\/wp\/v2\/posts\/882"}],"collection":[{"href":"https:\/\/bisbalpenedes.com\/web\/wp-json\/wp\/v2\/posts"}],"about":[{"href":"https:\/\/bisbalpenedes.com\/web\/wp-json\/wp\/v2\/types\/post"}],"author":[{"embeddable":true,"href":"https:\/\/bisbalpenedes.com\/web\/wp-json\/wp\/v2\/users\/1"}],"replies":[{"embeddable":true,"href":"https:\/\/bisbalpenedes.com\/web\/wp-json\/wp\/v2\/comments?post=882"}],"version-history":[{"count":2,"href":"https:\/\/bisbalpenedes.com\/web\/wp-json\/wp\/v2\/posts\/882\/revisions"}],"predecessor-version":[{"id":885,"href":"https:\/\/bisbalpenedes.com\/web\/wp-json\/wp\/v2\/posts\/882\/revisions\/885"}],"wp:featuredmedia":[{"embeddable":true,"href":"https:\/\/bisbalpenedes.com\/web\/wp-json\/wp\/v2\/media\/883"}],"wp:attachment":[{"href":"https:\/\/bisbalpenedes.com\/web\/wp-json\/wp\/v2\/media?parent=882"}],"wp:term":[{"taxonomy":"category","embeddable":true,"href":"https:\/\/bisbalpenedes.com\/web\/wp-json\/wp\/v2\/categories?post=882"},{"taxonomy":"post_tag","embeddable":true,"href":"https:\/\/bisbalpenedes.com\/web\/wp-json\/wp\/v2\/tags?post=882"}],"curies":[{"name":"wp","href":"https:\/\/api.w.org\/{rel}","templated":true}]}}