{"id":8817,"date":"2019-02-13T14:02:42","date_gmt":"2019-02-13T13:02:42","guid":{"rendered":"http:\/\/bisbalpenedes.com\/web\/?p=8817"},"modified":"2019-02-22T11:23:49","modified_gmt":"2019-02-22T10:23:49","slug":"lassociacio-empresarial-talent-femeni-fara-un-acte-de-presentacio-el-dijous-21-de-febrer-a-les-20h","status":"publish","type":"post","link":"https:\/\/bisbalpenedes.com\/web\/2019\/02\/13\/lassociacio-empresarial-talent-femeni-fara-un-acte-de-presentacio-el-dijous-21-de-febrer-a-les-20h\/","title":{"rendered":"L&#8217;Associaci\u00f3 Empresarial Talent Femen\u00ed far\u00e0 un acte de presentaci\u00f3 el dimecres 27 de febrer a les 20h"},"content":{"rendered":"<p><a href=\"http:\/\/bisbalpenedes.com\/web\/wp-content\/uploads\/2019\/02\/TALENT_FEMEI_12.jpg\"><img loading=\"lazy\" class=\"aligncenter size-medium wp-image-8844\" src=\"http:\/\/bisbalpenedes.com\/web\/wp-content\/uploads\/2019\/02\/TALENT_FEMEI_12-212x300.jpg\" alt=\"TALENT_FEMEI_12\" width=\"212\" height=\"300\" srcset=\"https:\/\/bisbalpenedes.com\/web\/wp-content\/uploads\/2019\/02\/TALENT_FEMEI_12-212x300.jpg 212w, https:\/\/bisbalpenedes.com\/web\/wp-content\/uploads\/2019\/02\/TALENT_FEMEI_12-600x848.jpg 600w, https:\/\/bisbalpenedes.com\/web\/wp-content\/uploads\/2019\/02\/TALENT_FEMEI_12-768x1085.jpg 768w, https:\/\/bisbalpenedes.com\/web\/wp-content\/uploads\/2019\/02\/TALENT_FEMEI_12-725x1024.jpg 725w, https:\/\/bisbalpenedes.com\/web\/wp-content\/uploads\/2019\/02\/TALENT_FEMEI_12.jpg 1600w\" sizes=\"(max-width: 212px) 100vw, 212px\" \/><\/a><a href=\"http:\/\/bisbalpenedes.com\/web\/wp-content\/uploads\/2019\/02\/TALENT_FEMENI_DEF.jpg\"><br \/>\n<\/a><\/p>\n<p style=\"text-align: justify;\"><span style=\"color: #000000;\">La Bisbal del Pened\u00e8s acollir\u00e0 la presentaci\u00f3 de l&#8217;Associaci\u00f3 Empresarial Talent Femen\u00ed el proper dimecres 27 de febrer a les 20h en un acte que tindr\u00e0 lloc a l&#8217;auditori Salb\u00e0 del Centre Municipal de Cultura. La presentaci\u00f3 anir\u00e0 a c\u00e0rrec de la presidenta de l&#8217;entitat, Susana Villagrasa.<\/span><\/p>\n<p style=\"text-align: justify;\"><span style=\"color: #000000;\">Segons la seva p\u00e0gina web,\u00a0<a style=\"color: #000000;\" href=\"http:\/\/talentfemeni.com\/es\/\" target=\"_blank\">Talent Femen\u00ed<\/a>\u00a0\u00e9s una associaci\u00f3 de dones emprenedores, empres\u00e0ries, i professionals, sense afany de lucre, que es constitueix amb la finalitat d\u2019esdevenir una<strong>\u00a0xarxa de contacte i de suport mutu<\/strong>, que permeti millorar i assolir amb \u00e8xit els reptes que la vida presenta al sexe femen\u00ed.<\/span><\/p>\n<ul style=\"text-align: justify;\">\n<li><span style=\"color: #000000;\">Volem ser un punt de trobada de dones amb inquietuds i aptituds que puguin p<strong>osar en com\u00fa talent i capital hum\u00e0<\/strong>, per assolir els seus somnis i objectius empresarials.<\/span><\/li>\n<li><span style=\"color: #000000;\">Estem\u00a0<strong>a favor de la igualtat<\/strong>.<\/span><\/li>\n<li><span style=\"color: #000000;\">Un dels nostres objectius fonamentals \u00e9s\u00a0<strong>donar visibilitat a la dona<\/strong>\u00a0treballadora.<\/span><\/li>\n<li><span style=\"color: #000000;\">L\u2019associaci\u00f3 treballa en\u00a0<strong>projectes<\/strong>\u00a0que millorin la situaci\u00f3 de les dones v\u00edctimes de viol\u00e8ncia masclista.<\/span><\/li>\n<li><span style=\"color: #000000;\">Impulsem el\u00a0<strong>lideratge femen\u00ed<\/strong>.<\/span><\/li>\n<\/ul>\n<hr \/>\n<p style=\"text-align: justify;\"><span style=\"color: #000000;\">CASTELLANO | La Bisbal del Pened\u00e8s acoger\u00e1 la presentaci\u00f3n de la Associaci\u00f3 Empresarial Talent Femen\u00ed el pr\u00f3ximo mi\u00e9rcoles 27 de febrero a las 20h en un acto que tendr\u00e1 lugar en el auditorio Salb\u00e0 del Centre Municipal de Cultura. La presentaci\u00f3n ir\u00e1 a cargo de la presidenta de la entidad, Susana Villagrasa.<\/span><\/p>\n<p style=\"text-align: justify;\"><span style=\"color: #000000;\">Seg\u00fan su p\u00e1gina web,\u00a0<a style=\"color: #000000;\" href=\"http:\/\/talentfemeni.com\/es\/\" target=\"_blank\">Talent Femen\u00ed<\/a> es una asociaci\u00f3n de mujeres emprendedoras, empresarias, y profesionales, sin \u00e1nimo de lucro, que se constituye con el fin de convertirse en una red de contacto y de apoyo mutuo, que permita mejorar y alcanzar con \u00e9xito los retos que la vida presenta al sexo femenino.<\/span><\/p>\n<ul>\n<li id=\"tw-target-text\" dir=\"ltr\" style=\"text-align: justify;\" data-placeholder=\"Traducci\u00f3n\"><span lang=\"es\" style=\"color: #000000;\">Queremos ser un punto de encuentro de mujeres con inquietudes y aptitudes que puedan poner en com\u00fan talento y capital humano, para alcanzar sus sue\u00f1os y objetivos empresariales. \u00a0\u00a0<\/span><\/li>\n<li dir=\"ltr\" style=\"text-align: justify;\" data-placeholder=\"Traducci\u00f3n\"><span lang=\"es\" style=\"color: #000000;\">Estamos a favor de la igualdad.<\/span><\/li>\n<li dir=\"ltr\" style=\"text-align: justify;\" data-placeholder=\"Traducci\u00f3n\"><span lang=\"es\" style=\"color: #000000;\">Uno de nuestros objetivos fundamentales es dar visibilidad a la mujer trabajadora.<\/span><\/li>\n<li dir=\"ltr\" style=\"text-align: justify;\" data-placeholder=\"Traducci\u00f3n\"><span lang=\"es\" style=\"color: #000000;\">La asociaci\u00f3n trabaja en proyectos que mejoren la situaci\u00f3n de las mujeres v\u00edctimas de violencia machista.<\/span><\/li>\n<li dir=\"ltr\" style=\"text-align: justify;\" data-placeholder=\"Traducci\u00f3n\"><span lang=\"es\" style=\"color: #000000;\">Impulsamos el liderazgo femenino.<\/span><\/li>\n<\/ul>\n","protected":false},"excerpt":{"rendered":"<p>La Bisbal del Pened\u00e8s acollir\u00e0 la presentaci\u00f3 de l&#8217;Associaci\u00f3 Empresarial Talent Femen\u00ed el proper dimecres 27 de febrer a les 20h en un acte que tindr\u00e0 lloc a l&#8217;auditori Salb\u00e0 &hellip; <a href=\"https:\/\/bisbalpenedes.com\/web\/2019\/02\/13\/lassociacio-empresarial-talent-femeni-fara-un-acte-de-presentacio-el-dijous-21-de-febrer-a-les-20h\/\" class=\"more-link\">Read More<\/a><\/p>\n","protected":false},"author":4,"featured_media":8844,"comment_status":"closed","ping_status":"closed","sticky":false,"template":"","format":"standard","meta":[],"categories":[8,9],"tags":[2837,2467,1326,2836],"_links":{"self":[{"href":"https:\/\/bisbalpenedes.com\/web\/wp-json\/wp\/v2\/posts\/8817"}],"collection":[{"href":"https:\/\/bisbalpenedes.com\/web\/wp-json\/wp\/v2\/posts"}],"about":[{"href":"https:\/\/bisbalpenedes.com\/web\/wp-json\/wp\/v2\/types\/post"}],"author":[{"embeddable":true,"href":"https:\/\/bisbalpenedes.com\/web\/wp-json\/wp\/v2\/users\/4"}],"replies":[{"embeddable":true,"href":"https:\/\/bisbalpenedes.com\/web\/wp-json\/wp\/v2\/comments?post=8817"}],"version-history":[{"count":4,"href":"https:\/\/bisbalpenedes.com\/web\/wp-json\/wp\/v2\/posts\/8817\/revisions"}],"predecessor-version":[{"id":8875,"href":"https:\/\/bisbalpenedes.com\/web\/wp-json\/wp\/v2\/posts\/8817\/revisions\/8875"}],"wp:featuredmedia":[{"embeddable":true,"href":"https:\/\/bisbalpenedes.com\/web\/wp-json\/wp\/v2\/media\/8844"}],"wp:attachment":[{"href":"https:\/\/bisbalpenedes.com\/web\/wp-json\/wp\/v2\/media?parent=8817"}],"wp:term":[{"taxonomy":"category","embeddable":true,"href":"https:\/\/bisbalpenedes.com\/web\/wp-json\/wp\/v2\/categories?post=8817"},{"taxonomy":"post_tag","embeddable":true,"href":"https:\/\/bisbalpenedes.com\/web\/wp-json\/wp\/v2\/tags?post=8817"}],"curies":[{"name":"wp","href":"https:\/\/api.w.org\/{rel}","templated":true}]}}