{"id":8813,"date":"2019-02-13T11:48:24","date_gmt":"2019-02-13T10:48:24","guid":{"rendered":"http:\/\/bisbalpenedes.com\/web\/?p=8813"},"modified":"2019-02-13T11:58:01","modified_gmt":"2019-02-13T10:58:01","slug":"la-ix-cursa-social-passara-per-la-bisbal-aquest-diumenge-17-de-febrer-al-mati","status":"publish","type":"post","link":"https:\/\/bisbalpenedes.com\/web\/2019\/02\/13\/la-ix-cursa-social-passara-per-la-bisbal-aquest-diumenge-17-de-febrer-al-mati\/","title":{"rendered":"La IX Cursa Social passar\u00e0 per la Bisbal aquest diumenge 17 de febrer al mat\u00ed"},"content":{"rendered":"<p style=\"text-align: justify;\"><span style=\"color: #000000;\">La Regidoria d\u2019Esports informa que aquest diumenge 17 de febrer la Penya Ciclista Baix Pened\u00e8s\u00a0dur\u00e0 a terme la IX Cursa Social i que, aquesta, passar\u00e0 per la Bisbal del Pened\u00e8s a les 10.15h, aproximadament, en una primera volta i a les 10.45h en una segona. La meta volant estar\u00e0 ubicada a l\u2019avinguda de la Diputaci\u00f3. Us animem a anar-hi a animar els ciclistes!<\/span><\/p>\n<p style=\"text-align: justify;\"><span style=\"color: #000000;\">La Penya Ciclista del Baix Pened\u00e8s posar\u00e0 en funcionament, pr\u00f2ximament, una escola de ciclisme per a nens i nenes d\u2019entre sis i catorze anys de la comarca. S\u2019enfocar\u00e0 als alumnes de prim\u00e0ria i ESO del Baix Pened\u00e8s perqu\u00e8 l\u2019any 2020 ja puguin arribar a participar en aquesta Cursa Social.<\/span><\/p>\n<hr \/>\n<p style=\"text-align: justify;\"><span style=\"color: #000000;\"><strong>CASTELLANO |<\/strong> La Regidoria d&#8217;Esports informa de que este domingo 17 de febrero la Penya Ciclista Baix Pened\u00e8s llevar\u00e1 a cabo la IX Cursa Social y que, esta, pasar\u00e1 por la Bisbal del Pened\u00e8s a las 10.15h, aproximadamente, en una primera vuelta y a las 10.45h en una segunda. La meta volante estar\u00e1 ubicada en la avenida de la Diputaci\u00f3. \u00a1Os animamos a ir a animar a los ciclistas!<\/span><\/p>\n<p style=\"text-align: justify;\"><span style=\"color: #000000;\">La Penya Ciclista del Baix Pened\u00e8s pondr\u00e1 en funcionamiento, pr\u00f3ximamente, una escuela de ciclismo para ni\u00f1os y ni\u00f1as de entre seis i catorce a\u00f1os de la comarca. Se enfocar\u00e1 a los alumnos de primaria y ESO del Baix Pened\u00e8s porqu\u00e9 el a\u00f1o 2020 ya puedan llegar a participar en esta Cursa Social.<\/span><\/p>\n","protected":false},"excerpt":{"rendered":"<p>La Regidoria d\u2019Esports informa que aquest diumenge 17 de febrer la Penya Ciclista Baix Pened\u00e8s\u00a0dur\u00e0 a terme la IX Cursa Social i que, aquesta, passar\u00e0 per la Bisbal del Pened\u00e8s &hellip; <a href=\"https:\/\/bisbalpenedes.com\/web\/2019\/02\/13\/la-ix-cursa-social-passara-per-la-bisbal-aquest-diumenge-17-de-febrer-al-mati\/\" class=\"more-link\">Read More<\/a><\/p>\n","protected":false},"author":4,"featured_media":8816,"comment_status":"closed","ping_status":"closed","sticky":false,"template":"","format":"standard","meta":[],"categories":[19],"tags":[2835,2834,2832,2833],"_links":{"self":[{"href":"https:\/\/bisbalpenedes.com\/web\/wp-json\/wp\/v2\/posts\/8813"}],"collection":[{"href":"https:\/\/bisbalpenedes.com\/web\/wp-json\/wp\/v2\/posts"}],"about":[{"href":"https:\/\/bisbalpenedes.com\/web\/wp-json\/wp\/v2\/types\/post"}],"author":[{"embeddable":true,"href":"https:\/\/bisbalpenedes.com\/web\/wp-json\/wp\/v2\/users\/4"}],"replies":[{"embeddable":true,"href":"https:\/\/bisbalpenedes.com\/web\/wp-json\/wp\/v2\/comments?post=8813"}],"version-history":[{"count":1,"href":"https:\/\/bisbalpenedes.com\/web\/wp-json\/wp\/v2\/posts\/8813\/revisions"}],"predecessor-version":[{"id":8815,"href":"https:\/\/bisbalpenedes.com\/web\/wp-json\/wp\/v2\/posts\/8813\/revisions\/8815"}],"wp:featuredmedia":[{"embeddable":true,"href":"https:\/\/bisbalpenedes.com\/web\/wp-json\/wp\/v2\/media\/8816"}],"wp:attachment":[{"href":"https:\/\/bisbalpenedes.com\/web\/wp-json\/wp\/v2\/media?parent=8813"}],"wp:term":[{"taxonomy":"category","embeddable":true,"href":"https:\/\/bisbalpenedes.com\/web\/wp-json\/wp\/v2\/categories?post=8813"},{"taxonomy":"post_tag","embeddable":true,"href":"https:\/\/bisbalpenedes.com\/web\/wp-json\/wp\/v2\/tags?post=8813"}],"curies":[{"name":"wp","href":"https:\/\/api.w.org\/{rel}","templated":true}]}}