{"id":8810,"date":"2019-02-12T17:08:06","date_gmt":"2019-02-12T16:08:06","guid":{"rendered":"http:\/\/bisbalpenedes.com\/web\/?p=8810"},"modified":"2019-02-12T17:08:36","modified_gmt":"2019-02-12T16:08:36","slug":"tall-de-llum-programat-per-dimecres-13-de-febrer-a-lesplai","status":"publish","type":"post","link":"https:\/\/bisbalpenedes.com\/web\/2019\/02\/12\/tall-de-llum-programat-per-dimecres-13-de-febrer-a-lesplai\/","title":{"rendered":"Tall de llum programat per dimecres 13 de febrer a l&#8217;Esplai"},"content":{"rendered":"<p><span style=\"color: #000000;\">Endesa Distribuci\u00f3n ha informat que aquest dimecres 13 de febrer, al mat\u00ed, dur\u00e0 a terme una interrupci\u00f3 del subministrament el\u00e8ctric a l&#8217;Esplai per treballs de manteniment. El per\u00edode d&#8217;afectaci\u00f3 va de les 9.00 a les 13.00h. Per a m\u00e9s informaci\u00f3 us podeu adre\u00e7ar a Endesa Distribuci\u00f3n, al tel\u00e8fon 800760706.<\/span><\/p>\n<hr \/>\n<p><span style=\"color: #000000;\"><strong>CASTELLANO |<\/strong> Endesa Distribuci\u00f3n ha informado que este mi\u00e9rcoles 13 de febrero, por la ma\u00f1ana, llevar\u00e1 a cabo una interrupci\u00f3n del suministro el\u00e9ctrico en el Esplai por trabajos de mantenimiento. El periodo de afectaci\u00f3n va de las 9.00 a las 13.00h. Para m\u00e1s informaci\u00f3n os pod\u00e9is dirigir a Endesa Distribuci\u00f3n, al tel\u00e9fono 800760706.<\/span><\/p>\n","protected":false},"excerpt":{"rendered":"<p>Endesa Distribuci\u00f3n ha informat que aquest dimecres 13 de febrer, al mat\u00ed, dur\u00e0 a terme una interrupci\u00f3 del subministrament el\u00e8ctric a l&#8217;Esplai per treballs de manteniment. El per\u00edode d&#8217;afectaci\u00f3 va &hellip; <a href=\"https:\/\/bisbalpenedes.com\/web\/2019\/02\/12\/tall-de-llum-programat-per-dimecres-13-de-febrer-a-lesplai\/\" class=\"more-link\">Read More<\/a><\/p>\n","protected":false},"author":4,"featured_media":2315,"comment_status":"closed","ping_status":"closed","sticky":false,"template":"","format":"standard","meta":[],"categories":[4],"tags":[334,441,224],"_links":{"self":[{"href":"https:\/\/bisbalpenedes.com\/web\/wp-json\/wp\/v2\/posts\/8810"}],"collection":[{"href":"https:\/\/bisbalpenedes.com\/web\/wp-json\/wp\/v2\/posts"}],"about":[{"href":"https:\/\/bisbalpenedes.com\/web\/wp-json\/wp\/v2\/types\/post"}],"author":[{"embeddable":true,"href":"https:\/\/bisbalpenedes.com\/web\/wp-json\/wp\/v2\/users\/4"}],"replies":[{"embeddable":true,"href":"https:\/\/bisbalpenedes.com\/web\/wp-json\/wp\/v2\/comments?post=8810"}],"version-history":[{"count":2,"href":"https:\/\/bisbalpenedes.com\/web\/wp-json\/wp\/v2\/posts\/8810\/revisions"}],"predecessor-version":[{"id":8812,"href":"https:\/\/bisbalpenedes.com\/web\/wp-json\/wp\/v2\/posts\/8810\/revisions\/8812"}],"wp:featuredmedia":[{"embeddable":true,"href":"https:\/\/bisbalpenedes.com\/web\/wp-json\/wp\/v2\/media\/2315"}],"wp:attachment":[{"href":"https:\/\/bisbalpenedes.com\/web\/wp-json\/wp\/v2\/media?parent=8810"}],"wp:term":[{"taxonomy":"category","embeddable":true,"href":"https:\/\/bisbalpenedes.com\/web\/wp-json\/wp\/v2\/categories?post=8810"},{"taxonomy":"post_tag","embeddable":true,"href":"https:\/\/bisbalpenedes.com\/web\/wp-json\/wp\/v2\/tags?post=8810"}],"curies":[{"name":"wp","href":"https:\/\/api.w.org\/{rel}","templated":true}]}}