{"id":8802,"date":"2019-02-12T15:41:28","date_gmt":"2019-02-12T14:41:28","guid":{"rendered":"http:\/\/bisbalpenedes.com\/web\/?p=8802"},"modified":"2019-02-12T15:41:28","modified_gmt":"2019-02-12T14:41:28","slug":"sobre-la-convocatoria-per-al-concurs-literari-de-sant-jordi-2019","status":"publish","type":"post","link":"https:\/\/bisbalpenedes.com\/web\/2019\/02\/12\/sobre-la-convocatoria-per-al-concurs-literari-de-sant-jordi-2019\/","title":{"rendered":"S&#8217;obre la convocat\u00f2ria per al Concurs Literari de Sant Jordi 2019"},"content":{"rendered":"<figure id=\"attachment_8803\" aria-describedby=\"caption-attachment-8803\" style=\"width: 630px\" class=\"wp-caption aligncenter\"><a href=\"http:\/\/bisbalpenedes.com\/web\/wp-content\/uploads\/2019\/02\/FOTO-PREMIATS-2018-AMB-JURAT-ALCALDESSA-I-REGIDORA-DE-CULTURA.jpg\"><img loading=\"lazy\" class=\"wp-image-8803 size-large\" src=\"http:\/\/bisbalpenedes.com\/web\/wp-content\/uploads\/2019\/02\/FOTO-PREMIATS-2018-AMB-JURAT-ALCALDESSA-I-REGIDORA-DE-CULTURA-1024x795.jpg\" alt=\"Fotografia dels premiats de l'any 2018 amb l'alcaldessa Agn\u00e8s Ferr\u00e9; la regidora de Cultura, Judit Vidal, i els membres del jurat.\" width=\"630\" height=\"489\" srcset=\"https:\/\/bisbalpenedes.com\/web\/wp-content\/uploads\/2019\/02\/FOTO-PREMIATS-2018-AMB-JURAT-ALCALDESSA-I-REGIDORA-DE-CULTURA-1024x795.jpg 1024w, https:\/\/bisbalpenedes.com\/web\/wp-content\/uploads\/2019\/02\/FOTO-PREMIATS-2018-AMB-JURAT-ALCALDESSA-I-REGIDORA-DE-CULTURA-600x466.jpg 600w, https:\/\/bisbalpenedes.com\/web\/wp-content\/uploads\/2019\/02\/FOTO-PREMIATS-2018-AMB-JURAT-ALCALDESSA-I-REGIDORA-DE-CULTURA-300x233.jpg 300w, https:\/\/bisbalpenedes.com\/web\/wp-content\/uploads\/2019\/02\/FOTO-PREMIATS-2018-AMB-JURAT-ALCALDESSA-I-REGIDORA-DE-CULTURA-768x596.jpg 768w\" sizes=\"(max-width: 630px) 100vw, 630px\" \/><\/a><figcaption id=\"caption-attachment-8803\" class=\"wp-caption-text\">Fotografia dels premiats de l&#8217;any 2018 amb l&#8217;alcaldessa Agn\u00e8s Ferr\u00e9; la regidora de Cultura, Judit Vidal, i els membres del jurat.<\/figcaption><\/figure>\n<p><span style=\"color: #000000;\">La Regidoria de Cultura de l\u2019Ajuntament de la Bisbal del Pened\u00e8s tira endavant, un any m\u00e9s, el Concurs Literari Sant Jordi. Enguany, el certamen arriba a la seva 11\u00aa edici\u00f3 i incorpora algunes novetats amb la finalitat de seguir els criteris suggerits pel jurat de l\u2019edici\u00f3 anterior i de millorar el concurs en cada nova convocat\u00f2ria.<\/span><\/p>\n<p><span style=\"color: #000000;\">En l\u2019onzena edici\u00f3 del concurs literari, l\u2019acc\u00e8ssit a millor obra de tem\u00e0tica bisbalenca passa a ser un premi independent, amb la mateixa dotaci\u00f3 econ\u00f2mica i categoria que el primer premi. Aquest guard\u00f3 rep el nom de \u2018Premi AdB\u2019 amb la finalitat de retre homenatge a l\u2019entitat que va engegar el Concurs Literari de Sant Jordi de la Bisbal i el va organitzar durant gaireb\u00e9 deu anys. D\u2019altra banda, s\u2019introdueix una menci\u00f3 especial del jurat per a aquelles obres singulars que, tot i no obtenir cap dels quatre premis, mereixin ser reconegudes, segons consideraci\u00f3 un\u00e0nime del jurat.<\/span><\/p>\n<p><span style=\"color: #000000;\"><strong><u>BASES<\/u><\/strong><\/span><\/p>\n<p><span style=\"color: #000000;\">1.- Les modalitats del concurs s\u00f3n poesia i prosa<\/span><\/p>\n<p><span style=\"color: #000000;\">2.- El tema i la participaci\u00f3 \u00e9s lliure<\/span><\/p>\n<p><span style=\"color: #000000;\">3.- L\u2019extensi\u00f3 de les obres ser\u00e0:<\/span><\/p>\n<ul>\n<li><span style=\"color: #000000;\">Poesia-M\u00e0xim 100 versos<\/span><\/li>\n<li><span style=\"color: #000000;\">Prosa: Un m\u00e0xim de 6 fulls DIN A-4<\/span><\/li>\n<\/ul>\n<p><span style=\"color: #000000;\">4.- Idioma: Catal\u00e0 o Castell\u00e0<\/span><\/p>\n<p><span style=\"color: #000000;\">5.- Les obres seran originals i in\u00e8dites i es presentaran per duplicat a trav\u00e9s d\u2019algunes de les vies seg\u00fcents:<\/span><\/p>\n<ul>\n<li><span style=\"color: #000000;\">Podeu presentar les obres per correu electr\u00f2nic degudament signades i dins del termini establert a les bases. L\u2019adre\u00e7a on es poden fer arribar \u00e9s:\u00a0<a style=\"color: #000000;\" href=\"mailto:info@bisbalpenedes.com\">info@bisbalpenedes.com<\/a>.<\/span><\/li>\n<li><span style=\"color: #000000;\">Tamb\u00e9, per correu ordinari, a l\u2019adre\u00e7a: c\/ Major, 21, 43717 La Bisbal del Pened\u00e8s<\/span><\/li>\n<li><span style=\"color: #000000;\">Presencialment, a l\u2019Ajuntament de la Bisbal del Pened\u00e8s, c\/ Major, 21, 43717 La Bisbal del Pened\u00e8s.<\/span><\/li>\n<\/ul>\n<p><span style=\"color: #000000;\">6.- La data m\u00e0xima d\u2019entrega de treballs \u00e9s el dimarts 3 d\u2019abril de 2019.<\/span><\/p>\n<p><span style=\"color: #000000;\">7.- Les obres seran presentades dins d\u2019un sobre identificat amb el mateix pseud\u00f2nim que l\u2019obra, i dins d\u2019aquest sobre, hi anir\u00e0 un sobre m\u00e9s petit amb les seg\u00fcents dades:<\/span><\/p>\n<p><span style=\"color: #000000;\">\u2013 Nom i cognoms de l\u2019autor<\/span><\/p>\n<p><span style=\"color: #000000;\">\u2013 Adre\u00e7a<\/span><\/p>\n<p><span style=\"color: #000000;\">\u2013 Tel\u00e8fon de contacte<\/span><\/p>\n<p><span style=\"color: #000000;\">8.- Els premiats seran avisats entre el 16 i 17 d\u2019abril de 2019<\/span><\/p>\n<p><span style=\"color: #000000;\">9.- El veredicte del jurat es far\u00e0 p\u00fablic en un acte que tindr\u00e0 lloc el dia 23 d\u2019abril de 2019 al Centre Municipal de Cultura. El guanyador\/a (o el seu representant) haur\u00e0 d\u2019assistir al lliurament de premis pr\u00e8via confirmaci\u00f3. En cas de no assistir, el premi quedar\u00e0 desert.<\/span><\/p>\n<p><span style=\"color: #000000;\">10.- Una vegada comunicada la concessi\u00f3, els beneficiaris hauran de presentar una inst\u00e0ncia general amb la documentaci\u00f3 referent a l\u2019acceptaci\u00f3 del premi i les dades banc\u00e0ries.<\/span><\/p>\n<p><span style=\"color: #000000;\">11.- Les obres premiades restaran en propietat de l\u2019Ajuntament de la Bisbal del Pened\u00e8s, que podr\u00e0 fer difusi\u00f3 de l\u2019obra al Butllet\u00ed municipal, p\u00e0gina web o altres publicacions.<\/span><\/p>\n<p><span style=\"color: #000000;\">12.- El jurat estar\u00e0 format per persones relacionades amb el m\u00f3n cultural del municipi i la comarca. Es designaran per Decret d\u2019Alcaldia a proposta de la Regidoria de Cultura de l\u2019Ajuntament.<\/span><\/p>\n<p><span style=\"color: #000000;\">13.- Cada persona pot presentar un m\u00e0xim de dues obres.<\/span><\/p>\n<p><span style=\"color: #000000;\">14.- Els criteris d\u2019atorgament dels premis tindran en compte l\u2019originalitat, l\u2019estructura i la qualitat en la redacci\u00f3 de les obres.<\/span><\/p>\n<p><span style=\"color: #000000;\"><strong><u>PREMIS<\/u><\/strong><\/span><\/p>\n<p><span style=\"color: #000000;\"><u>Premi ADB de tem\u00e0tica bisbalenca<\/u>: \u00a0Per aquelles obres de poesia i prosa que tinguin tem\u00e0tica bisbalenca: 200 euros, lot de llibres i diploma commemoratiu.<\/span><\/p>\n<p><span style=\"color: #000000;\"><u>1er Premi<\/u>: Tant per a poesia com per a prosa: 200 euros, lot de llibres i diploma commemoratiu.<\/span><\/p>\n<p><span style=\"color: #000000;\"><u>2n Premi:<\/u>\u00a0Tant per a poesia com per a prosa: 150 euros, lot de llibres i diploma commemoratiu.<\/span><\/p>\n<p><span style=\"color: #000000;\"><u>3er Premi<\/u>: Tant per a poesia com per a prosa: 100 euros, lot de llibres i diploma commemoratiu.<\/span><\/p>\n<p><span style=\"color: #000000;\"><u>Menci\u00f3 especial del jurat<\/u>: Per a aquelles obres, tant de poesia com de prosa que, per alguna caracter\u00edstica singular quant a la tem\u00e0tica, la forma o l\u2019estil, siguin considerades mereixedores d\u2019una menci\u00f3, de forma un\u00e0nime, per part del jurat: 100 euros<\/span><\/p>\n<p><span style=\"color: #000000;\">\u2013\u00a0\u00a0\u00a0\u00a0\u00a0\u00a0\u00a0\u00a0\u00a0 El jurat podr\u00e0 deixar desert qualsevol dels premis anteriors<\/span><\/p>\n<p><span style=\"color: #000000;\">\u2013\u00a0\u00a0\u00a0\u00a0\u00a0\u00a0\u00a0\u00a0\u00a0 El fet de participar suposa l\u2019acceptaci\u00f3 d\u2019aquestes BASES<\/span><\/p>\n<p><span style=\"color: #000000;\">\u2013\u00a0\u00a0\u00a0\u00a0\u00a0\u00a0\u00a0\u00a0\u00a0 Qualsevol aspecte no previst en aquestes BASES ser\u00e0 resolt per la comissi\u00f3 organitzadora<\/span><\/p>\n<hr \/>\n<p><span style=\"color: #000000;\"><strong>CASTELLANO |<\/strong> La Regidor\u00eda de Cultura del Ayuntamiento de la Bisbal del Pened\u00e8s lleva a cabo, un a\u00f1o m\u00e1s, el Concurs Literari de Sant Jordi. Este a\u00f1o el certamen llega a su 11\u00aa edici\u00f3n e incorpora algunas novedades con la finalidad de seguir los criterios sugeridos por el jurado de la edici\u00f3n anterior y de mejorar el concurso en cada nueva convocatoria.<\/span><\/p>\n<p><span style=\"color: #000000;\">En la onceava edici\u00f3n del concurso literario, el acc\u00e9sit a mejor obra de tem\u00e1tica bisbalenca pasa a ser un premio independiente, con la misma dotaci\u00f3n econ\u00f3mica y categor\u00eda que el primer premio. Este galard\u00f3n recibe el nombre de &#8216;Premi AdB&#8217; con la finalidad de rendir homenaje a la entidad que puso en marcha el Concurso Literario de Sant Jordi de la Bisbal y lo organiz\u00f3 durante casi diez a\u00f1os.<\/span><\/p>\n<p><span style=\"color: #000000;\">Por otro lado, se introduce una menci\u00f3n especial del jurado para aquellas obras singulares que, aunque no hayan obtenido ninguno de los cuatro premios, merezcan ser reconocidas, seg\u00fan la consideraci\u00f3n un\u00e1nime del jurado.<\/span><\/p>\n<p><span style=\"color: #000000;\"><strong><u>BASES<\/u><\/strong><\/span><\/p>\n<p><span style=\"color: #000000;\">1.- Les\u00a0modalidades del concurso son poes\u00eda y prosa<\/span><\/p>\n<p><span style=\"color: #000000;\">2.- El tema y la participaci\u00f3n es libre<\/span><\/p>\n<p><span style=\"color: #000000;\">3.- L\u2019extensi\u00f3n de las obras ser\u00e1:<\/span><\/p>\n<ul>\n<li><span style=\"color: #000000;\">Poesi\u00eda-M\u00e1ximo 100 versos<\/span><\/li>\n<li><span style=\"color: #000000;\">Prosa: Un m\u00e1ximo\u00a0de 6 folios DIN A-4<\/span><\/li>\n<\/ul>\n<p><span style=\"color: #000000;\">4.- Idioma: Catal\u00e1n o castellano<\/span><\/p>\n<p><span style=\"color: #000000;\">5.- Las obras ser\u00e1n originales e in\u00e9ditas y se presentar\u00e1n por duplicado a trav\u00e9s de alguna de las siguientes v\u00edas:<\/span><\/p>\n<ul>\n<li><span style=\"color: #000000;\">Pod\u00e9is presentar las obras por correo electr\u00f3nico debidamente firmadas y dentro del plazo establecido en las bases. La direcci\u00f3n donde se pueden hacer llegar es: info@bisbalpenedes.com<\/span><\/li>\n<li><span style=\"color: #000000;\">Tambi\u00e9n, por correo ordinario, a la direcci\u00f3n: c\/ Major, 21, 43717 La Bisbal del Pened\u00e8s<\/span><\/li>\n<li><span style=\"color: #000000;\">Presencialmente, en el Ayuntamiento de la Bisbal del Pened\u00e8s, c\/ Major, 21, 43717 La Bisbal del Pened\u00e8s.<\/span><\/li>\n<\/ul>\n<p><span style=\"color: #000000;\">6.- La fecha m\u00e1xima de entrega de trabajos es el martes 3 de abril del 2019.<\/span><\/p>\n<p><span style=\"color: #000000;\">7.- Las obras se presentar\u00e1n dentro de un sobre identificado con el mismo pseud\u00f3nimo que la obra, y dentro de este sobre, habr\u00e1 un sobre m\u00e1s peque\u00f1o con los siguientes datos:<\/span><\/p>\n<p><span style=\"color: #000000;\">\u2013 Nombre y apellidos del autor<\/span><\/p>\n<p><span style=\"color: #000000;\">\u2013 Direcci\u00f3n<\/span><\/p>\n<p><span style=\"color: #000000;\">\u2013 Tel\u00e9fono de contacto<\/span><\/p>\n<p><span style=\"color: #000000;\">8.- Los premiados ser\u00e1n avisados entre el 16 y el 17 de abril del 2019\u00a0<\/span><\/p>\n<p><span style=\"color: #000000;\">9.- El veredicto del jurado se har\u00e1 p\u00fablico en un acto que tendr\u00e1 lugar el d\u00eda 23 de abril del 2019 en el Centre Municipal de Cultura. El premiado\/a (o su representante) deber\u00e1 asistir a la entrega de premios previa confirmaci\u00f3n. En caso de no asistir, el premio quedar\u00e1 desierto.<\/span><\/p>\n<p><span style=\"color: #000000;\">10.- Una vez comunicada la concesi\u00f3n, los beneficiarios deber\u00e1n presentar una instancia general con la documentaci\u00f3n referente a la aceptaci\u00f3n del premio y los datos bancarios.<\/span><\/p>\n<p>&nbsp;<\/p>\n<p><span style=\"color: #000000;\">11.- Las obras premiadas quedar\u00e1n en propiedad del Ayuntamiento de la Bisbal del Pened\u00e8s, que podr\u00e1 hacer difusi\u00f3n de la obra en el Bolet\u00edn municipal, p\u00e1gina web u otras publicaciones.<\/span><\/p>\n<p><span style=\"color: #000000;\">12.- El jurado estar\u00e1 formado por personas relacionadas con el mundo cultural del municipio y la comarca. Se designar\u00e1n por Decreto de Alcald\u00eda a propuesta de la Regidor\u00eda de Cultura del Ayuntamiento.<\/span><\/p>\n<p><span style=\"color: #000000;\">13.- Cada persona puede presentar un m\u00e1ximo de dos obras.<\/span><\/p>\n<p>&nbsp;<\/p>\n<p><span style=\"color: #000000;\">14.- Los criterios de otorgamiento de los premios tendr\u00e1n en cuenta la originalidad, la estructura y la calidad en la redacci\u00f3n de las obras.<\/span><\/p>\n<p><span style=\"color: #000000;\">PREMIOS<\/span><\/p>\n<p><span style=\"color: #000000;\">Premio ADB de tem\u00e1tica bisbalenca: Para aquellas obras de poes\u00eda y prosa que tengan tem\u00e1tica bisbalenca: 200 euros, lote de libros y diploma conmemorativo.<\/span><\/p>\n<p><span style=\"color: #000000;\">1r Premio: Tanto para poes\u00eda como para prosa: 200 euros, lote de libros y diploma conmemorativo.<\/span><\/p>\n<p><span style=\"color: #000000;\">2\u00ba Premio: Tanto para poes\u00eda como para prosa: 150 euros, lote de libros y diploma conmemorativo.<\/span><\/p>\n<p><span style=\"color: #000000;\">3r Premio: Tanto para poes\u00eda como para prosa: 100 euros, lote de libros y diploma conmemorativo.<\/span><\/p>\n<p><span style=\"color: #000000;\">Menci\u00f3n especial del jurado: Para aquellas obras, tanto de poes\u00eda como de prosa que, por alguna caracter\u00edstica singular en cuanto a tema, forma o estilo, sean consideradas merecedoras de una menci\u00f3n, de forma un\u00e1nime, por parte del jurado: 100 euros.<\/span><\/p>\n<p><span style=\"color: #000000;\">\u2013\u00a0\u00a0\u00a0\u00a0\u00a0\u00a0\u00a0\u00a0\u00a0 El jurado podr\u00e1 dejar desierto cualquiera ce los premios anteriores.\u00a0<\/span><\/p>\n<p><span style=\"color: #000000;\">\u2013\u00a0\u00a0\u00a0\u00a0\u00a0\u00a0\u00a0\u00a0\u00a0 El hecho de participar supone la aceptaci\u00f3n de estas BASES.<\/span><\/p>\n<p><span style=\"color: #000000;\">\u2013\u00a0 \u00a0 \u00a0 \u00a0 \u00a0 Cualquier aspecto no previsto en estas BASES ser\u00e1 resuelto por la comisi\u00f3n organizadora\u00a0<\/span><\/p>\n","protected":false},"excerpt":{"rendered":"<p>La Regidoria de Cultura de l\u2019Ajuntament de la Bisbal del Pened\u00e8s tira endavant, un any m\u00e9s, el Concurs Literari Sant Jordi. Enguany, el certamen arriba a la seva 11\u00aa edici\u00f3 &hellip; <a href=\"https:\/\/bisbalpenedes.com\/web\/2019\/02\/12\/sobre-la-convocatoria-per-al-concurs-literari-de-sant-jordi-2019\/\" class=\"more-link\">Read More<\/a><\/p>\n","protected":false},"author":4,"featured_media":8803,"comment_status":"closed","ping_status":"closed","sticky":false,"template":"","format":"standard","meta":[],"categories":[13],"tags":[154,675,1633,2827,342,2828,341,64],"_links":{"self":[{"href":"https:\/\/bisbalpenedes.com\/web\/wp-json\/wp\/v2\/posts\/8802"}],"collection":[{"href":"https:\/\/bisbalpenedes.com\/web\/wp-json\/wp\/v2\/posts"}],"about":[{"href":"https:\/\/bisbalpenedes.com\/web\/wp-json\/wp\/v2\/types\/post"}],"author":[{"embeddable":true,"href":"https:\/\/bisbalpenedes.com\/web\/wp-json\/wp\/v2\/users\/4"}],"replies":[{"embeddable":true,"href":"https:\/\/bisbalpenedes.com\/web\/wp-json\/wp\/v2\/comments?post=8802"}],"version-history":[{"count":1,"href":"https:\/\/bisbalpenedes.com\/web\/wp-json\/wp\/v2\/posts\/8802\/revisions"}],"predecessor-version":[{"id":8804,"href":"https:\/\/bisbalpenedes.com\/web\/wp-json\/wp\/v2\/posts\/8802\/revisions\/8804"}],"wp:featuredmedia":[{"embeddable":true,"href":"https:\/\/bisbalpenedes.com\/web\/wp-json\/wp\/v2\/media\/8803"}],"wp:attachment":[{"href":"https:\/\/bisbalpenedes.com\/web\/wp-json\/wp\/v2\/media?parent=8802"}],"wp:term":[{"taxonomy":"category","embeddable":true,"href":"https:\/\/bisbalpenedes.com\/web\/wp-json\/wp\/v2\/categories?post=8802"},{"taxonomy":"post_tag","embeddable":true,"href":"https:\/\/bisbalpenedes.com\/web\/wp-json\/wp\/v2\/tags?post=8802"}],"curies":[{"name":"wp","href":"https:\/\/api.w.org\/{rel}","templated":true}]}}