{"id":8786,"date":"2019-02-11T14:33:11","date_gmt":"2019-02-11T13:33:11","guid":{"rendered":"http:\/\/bisbalpenedes.com\/web\/?p=8786"},"modified":"2019-02-11T14:34:05","modified_gmt":"2019-02-11T13:34:05","slug":"aquest-dilluns-ha-comencat-una-formacio-per-treballar-en-una-empresa-bisbalenca-adrecada-a-usuaris-del-pice-i-del-programa-integrals","status":"publish","type":"post","link":"https:\/\/bisbalpenedes.com\/web\/2019\/02\/11\/aquest-dilluns-ha-comencat-una-formacio-per-treballar-en-una-empresa-bisbalenca-adrecada-a-usuaris-del-pice-i-del-programa-integrals\/","title":{"rendered":"Aquest dilluns ha comen\u00e7at una formaci\u00f3 adre\u00e7ada a usuaris del PICE i del programa Integra&#8217;ls adequada als llocs de treball d&#8217;una empresa bisbalenca"},"content":{"rendered":"<p style=\"text-align: justify;\"><a href=\"http:\/\/bisbalpenedes.com\/web\/wp-content\/uploads\/2019\/02\/integrals-inici-curs.jpg\"><img loading=\"lazy\" class=\"aligncenter size-large wp-image-8790\" src=\"http:\/\/bisbalpenedes.com\/web\/wp-content\/uploads\/2019\/02\/integrals-inici-curs-1024x768.jpg\" alt=\"integra'ls inici curs\" width=\"630\" height=\"473\" srcset=\"https:\/\/bisbalpenedes.com\/web\/wp-content\/uploads\/2019\/02\/integrals-inici-curs-1024x768.jpg 1024w, https:\/\/bisbalpenedes.com\/web\/wp-content\/uploads\/2019\/02\/integrals-inici-curs-600x450.jpg 600w, https:\/\/bisbalpenedes.com\/web\/wp-content\/uploads\/2019\/02\/integrals-inici-curs-300x225.jpg 300w, https:\/\/bisbalpenedes.com\/web\/wp-content\/uploads\/2019\/02\/integrals-inici-curs-768x576.jpg 768w, https:\/\/bisbalpenedes.com\/web\/wp-content\/uploads\/2019\/02\/integrals-inici-curs.jpg 1600w\" sizes=\"(max-width: 630px) 100vw, 630px\" \/><\/a><\/p>\n<p style=\"text-align: justify;\"><span style=\"color: #000000;\">Aquest dilluns 11 de febrer ha comen\u00e7at\u00a0una formaci\u00f3 que s&#8217;emmarca en un nou Programa Integral de Cualificaci\u00f3n y Empleo (PICE). Es tracta d&#8217;una formaci\u00f3 transversal i gratu\u00efta, adaptada als llocs de treball d&#8217;una empresa bisbalenca que, properament, far\u00e0 una ampliaci\u00f3 i necessitar\u00e0 contractar un elevat nombre de treballadors. En aquesta formaci\u00f3, que va a c\u00e0rrec de la Cambra de Comer\u00e7, hi participen un total de 21 persones que, durant 18 dies, rebran formaci\u00f3 espec\u00edfica sobre els llocs de treball d&#8217;aquesta empresa.<\/span><\/p>\n<p style=\"text-align: justify;\"><span style=\"color: #000000;\">El dia 28 de febrer comen\u00e7ar\u00e0 la segona formaci\u00f3 del PICE. Tot i que se centra en persones d&#8217;entre 18 i 24 anys, s&#8217;ha acordat tenir en compte (en ambdues formacions) aquelles persones contemplades en el projecte\u00a0<a style=\"color: #000000;\" href=\"http:\/\/bisbalpenedes.com\/web\/2018\/11\/28\/lajuntament-crea-un-projecte-per-promoure-la-contractacio-de-presones-amb-dificultats-juntament-amb-la-fundacio-privada-santa-teresa-i-la-federacio-empresarial-del-gran-penedes\/\" target=\"_blank\">Integra\u2019ls<\/a>, \u00e9s a dir, persones amb dificultats ps\u00edquiques, f\u00edsiques, mentals o socials. Per a m\u00e9s informaci\u00f3 us podeu adre\u00e7ar al SOM Bisbal, ubicat a l\u2019Hotel d\u2019Entitats, o podeu trucar al 977688438 (extensi\u00f3 5). Per inscriure-us al PICE cal que us adreceu al correu electr\u00f2nic\u00a0<a style=\"color: #000000;\" href=\"mailto:pice@cambratgn.org\" target=\"_blank\">pice@cambratgn.org<\/a>\u00a0o al tel\u00e8fon 977219676.<\/span><\/p>\n<hr \/>\n<p style=\"text-align: justify;\"><span style=\"color: #000000;\"><strong>CASTELLANO |<\/strong> Este lunes 11 de febrero ha empezado una formaci\u00f3n que se enmarca en un nuevo Programa Integral de Cualificaci\u00f3n y Empleo (PICE). Se trata de una formaci\u00f3n transversal y gratuita, adaptada a los puestos de trabajo de una empresa bisbalenca que, pr\u00f3ximamente, har\u00e1 una ampliaci\u00f3n y necesitar\u00e1 contratar un elevado n\u00famero de trabajadores. En esta formaci\u00f3n, que va a cargo de la Cambra de Comer\u00e7, participan un total de 21 personas que, durante 18 d\u00edas, recibir\u00e1n formaci\u00f3n espec\u00edfica sobre los puestos de trabajo de esta empresa.<\/span><\/p>\n<p style=\"text-align: justify;\"><span style=\"color: #000000;\">El d\u00eda 28 de febrero empezar\u00e1 la segunda formaci\u00f3n del PICE. Aunque se centra en personas de entre 18 y 24 a\u00f1os, se ha acordado tener en cuenta (en ambas formaciones) a aquellas personas contempladas en el proyecto\u00a0<a style=\"color: #000000;\" href=\"http:\/\/bisbalpenedes.com\/web\/2018\/11\/28\/lajuntament-crea-un-projecte-per-promoure-la-contractacio-de-presones-amb-dificultats-juntament-amb-la-fundacio-privada-santa-teresa-i-la-federacio-empresarial-del-gran-penedes\/\" target=\"_blank\">Integra\u2019ls<\/a>, es decir, personas con dificultades ps\u00edquicas, f\u00edsicas, mentales o sociales. Para m\u00e1s informaci\u00f3n os pod\u00e9is dirigir al SOM Bisbal, ubicado en el Hotel d&#8217;Entitats, o pod\u00e9is llamar al 977688438 (extensi\u00f3 5). Para inscribiros al PICE os ten\u00e9is que dirigir al correo electr\u00f3nico pice@cambratgn.org o al tel\u00e9fono 977219676.<\/span><\/p>\n","protected":false},"excerpt":{"rendered":"<p>Aquest dilluns 11 de febrer ha comen\u00e7at\u00a0una formaci\u00f3 que s&#8217;emmarca en un nou Programa Integral de Cualificaci\u00f3n y Empleo (PICE). Es tracta d&#8217;una formaci\u00f3 transversal i gratu\u00efta, adaptada als llocs &hellip; <a href=\"https:\/\/bisbalpenedes.com\/web\/2019\/02\/11\/aquest-dilluns-ha-comencat-una-formacio-per-treballar-en-una-empresa-bisbalenca-adrecada-a-usuaris-del-pice-i-del-programa-integrals\/\" class=\"more-link\">Read More<\/a><\/p>\n","protected":false},"author":4,"featured_media":8790,"comment_status":"closed","ping_status":"closed","sticky":false,"template":"","format":"standard","meta":[],"categories":[9],"tags":[1251,326,12,2616,2760,271],"_links":{"self":[{"href":"https:\/\/bisbalpenedes.com\/web\/wp-json\/wp\/v2\/posts\/8786"}],"collection":[{"href":"https:\/\/bisbalpenedes.com\/web\/wp-json\/wp\/v2\/posts"}],"about":[{"href":"https:\/\/bisbalpenedes.com\/web\/wp-json\/wp\/v2\/types\/post"}],"author":[{"embeddable":true,"href":"https:\/\/bisbalpenedes.com\/web\/wp-json\/wp\/v2\/users\/4"}],"replies":[{"embeddable":true,"href":"https:\/\/bisbalpenedes.com\/web\/wp-json\/wp\/v2\/comments?post=8786"}],"version-history":[{"count":7,"href":"https:\/\/bisbalpenedes.com\/web\/wp-json\/wp\/v2\/posts\/8786\/revisions"}],"predecessor-version":[{"id":8794,"href":"https:\/\/bisbalpenedes.com\/web\/wp-json\/wp\/v2\/posts\/8786\/revisions\/8794"}],"wp:featuredmedia":[{"embeddable":true,"href":"https:\/\/bisbalpenedes.com\/web\/wp-json\/wp\/v2\/media\/8790"}],"wp:attachment":[{"href":"https:\/\/bisbalpenedes.com\/web\/wp-json\/wp\/v2\/media?parent=8786"}],"wp:term":[{"taxonomy":"category","embeddable":true,"href":"https:\/\/bisbalpenedes.com\/web\/wp-json\/wp\/v2\/categories?post=8786"},{"taxonomy":"post_tag","embeddable":true,"href":"https:\/\/bisbalpenedes.com\/web\/wp-json\/wp\/v2\/tags?post=8786"}],"curies":[{"name":"wp","href":"https:\/\/api.w.org\/{rel}","templated":true}]}}