{"id":8775,"date":"2019-02-08T11:51:07","date_gmt":"2019-02-08T10:51:07","guid":{"rendered":"http:\/\/bisbalpenedes.com\/web\/?p=8775"},"modified":"2019-02-08T12:10:58","modified_gmt":"2019-02-08T11:10:58","slug":"ja-podeu-consultar-la-formacio-en-el-lleure-de-lany-2019-de-jove-baix-penedes-un-dels-cursos-es-fara-a-la-bisbal","status":"publish","type":"post","link":"https:\/\/bisbalpenedes.com\/web\/2019\/02\/08\/ja-podeu-consultar-la-formacio-en-el-lleure-de-lany-2019-de-jove-baix-penedes-un-dels-cursos-es-fara-a-la-bisbal\/","title":{"rendered":"Ja podeu consultar la formaci\u00f3 en el lleure de l&#8217;any 2019 de Jove Baix Pened\u00e8s &#8211; Un dels cursos es far\u00e0 a la Bisbal"},"content":{"rendered":"<p><span style=\"color: #000000;\">L&#8217;Oficina Jove Baix Pened\u00e8s ha fet p\u00fablica l&#8217;oferta de formaci\u00f3 en el lleure per a enguany. Podeu optar a diversos cursos i, un d&#8217;ells, s&#8217;ofereix a la Bisbal:<\/span><\/p>\n<p style=\"padding-left: 30px;\"><span style=\"color: #000000;\">-Curs de monitor\/es d&#8217;educaci\u00f3 en el lleure (abril i maig) &#8211; Sant Jaume dels Domenys<\/span><\/p>\n<p style=\"padding-left: 30px;\"><span style=\"color: #000000;\">-Curs de monitor\/es d&#8217;educaci\u00f3 en el lleure (juliol) &#8211; Cunit<\/span><\/p>\n<p style=\"padding-left: 30px;\"><span style=\"color: #000000;\">-Cursos de pre-monitors\/es d&#8217;educaci\u00f3 en el lleure (abril) &#8211; Cunit<\/span><\/p>\n<p style=\"padding-left: 30px;\"><strong><span style=\"color: #000000;\">-Curs de pre-monitors\/es d&#8217;educaci\u00f3 en el lleure (abril) &#8211; la Bisbal del Pened\u00e8s<\/span><\/strong><\/p>\n<p style=\"padding-left: 30px;\"><span style=\"color: #000000;\">-Curs de monitor\/es de menjador i transport escolar\u00a0 (juny) &#8211; Santa Oliva<\/span><\/p>\n<p><span style=\"color: #000000;\">Trobareu la informaci\u00f3 detallada al cartell adjunt (feu clic al damunt de la imatge per ampliar-la).<\/span><\/p>\n<p><span style=\"color: #000000;\"><a style=\"color: #000000;\" href=\"http:\/\/bisbalpenedes.com\/web\/wp-content\/uploads\/2019\/02\/cursos_lleure_jbp_19.jpg\"><img loading=\"lazy\" class=\"aligncenter size-medium wp-image-8776\" src=\"http:\/\/bisbalpenedes.com\/web\/wp-content\/uploads\/2019\/02\/cursos_lleure_jbp_19-300x212.jpg\" alt=\"cursos_lleure_jbp_19\" width=\"300\" height=\"212\" srcset=\"https:\/\/bisbalpenedes.com\/web\/wp-content\/uploads\/2019\/02\/cursos_lleure_jbp_19-300x212.jpg 300w, https:\/\/bisbalpenedes.com\/web\/wp-content\/uploads\/2019\/02\/cursos_lleure_jbp_19-600x424.jpg 600w, https:\/\/bisbalpenedes.com\/web\/wp-content\/uploads\/2019\/02\/cursos_lleure_jbp_19-768x543.jpg 768w, https:\/\/bisbalpenedes.com\/web\/wp-content\/uploads\/2019\/02\/cursos_lleure_jbp_19-1024x724.jpg 1024w, https:\/\/bisbalpenedes.com\/web\/wp-content\/uploads\/2019\/02\/cursos_lleure_jbp_19.jpg 1169w\" sizes=\"(max-width: 300px) 100vw, 300px\" \/><\/a><\/span><\/p>\n<p><span style=\"color: #000000;\">Per a informaci\u00f3 i inscripcions adreceu-vos als serveis <a style=\"color: #000000;\" href=\"http:\/\/www.oficinajove.cat\/ca\/oficina\/oficina-jove-del-baix-penedes\" target=\"_blank\">Jove Baix Pened\u00e8s<\/a>:<br \/>\n<\/span><strong><span style=\"color: #000000;\">OFICINA JOVE DEL BAIX PENED\u00c8S<br \/>\n<\/span><\/strong><span style=\"color: #000000;\">c\/\u00c0ngel Guimer\u00e0, 17<\/span><br \/>\n<span style=\"color: #000000;\"> El Vendrell 43700<br \/>\n<\/span><span style=\"color: #000000;\">Horari general: dl, dm, dc i dv de 10 a 14:30h; dj de 10 a 14h i de 17 a 19h \/ Horari d&#8217;estiu (22\/juny &#8211; 15\/setembre), Setmana Santa i Nadal: de dl a dj de 10 a 15h i dv de 10 a 14h<br \/>\n<\/span><span style=\"color: #000000;\"><a style=\"color: #000000;\" href=\"mailto:baixpenedes@oficinajove.cat\" target=\"_blank\">baixpenedes@oficinajove.cat<br \/>\n<\/a><\/span><span style=\"color: #000000;\">977 15 71 57<\/span><\/p>\n<div class=\"telephone\"><span style=\"color: #000000;\">\u00a0<\/span><\/div>\n<div class=\"services\"><span style=\"color: #000000;\">\u00a0<\/span><\/div>\n<div class=\"services\">\n<hr \/>\n<p><span style=\"color: #000000;\"><strong>CASTELLANO |<\/strong> La Oficina Jove Baix Pened\u00e8s ha hecho p\u00fablica la oferta de formaci\u00f3n en el ocio y tiempo libre para este a\u00f1o. Pod\u00e9is optar a varios cursos y, uno de ellos, se ofrece en la Bisal:<\/span><\/p>\n<\/div>\n<div class=\"services\" style=\"padding-left: 30px;\"><span style=\"color: #000000;\">-Curso de monitor\/as de educaci\u00f3n en el ocio (abril y mayo) &#8211; Sant Jaume dels Domenys<\/span><\/div>\n<div class=\"services\" style=\"padding-left: 30px;\"><span style=\"color: #000000;\">-Curso de monitor\/es de educaci\u00f3n en el ocio (julio) &#8211; Cunit<\/span><\/div>\n<div class=\"services\" style=\"padding-left: 30px;\"><span style=\"color: #000000;\">-Curso de pre-monitores\/as de educaci\u00f3n en\u00a0el ocio y tiempo libre (abril) &#8211; Cunit<\/span><\/div>\n<div class=\"services\" style=\"padding-left: 30px;\"><strong><span style=\"color: #000000;\">-Curso de pre-monitores\/as de educaci\u00f3n en el\u00a0ocio y tiempo libre (abril) &#8211; La Bisbal del Pened\u00e8s<\/span><\/strong><\/div>\n<div class=\"services\" style=\"padding-left: 30px;\"><span style=\"color: #000000;\">-Curso de monitrores\/as de comedor y transporte escolar (junio) &#8211; Santa Oliva<\/span><\/div>\n<div class=\"services\"><span style=\"color: #000000;\">\u00a0<\/span><\/div>\n<div class=\"services\"><span style=\"color: #000000;\">Encontrar\u00e9is la informaci\u00f3n detallada en el cartel adjunto (haced clic encima de la imagen para ampliarla).<\/span><\/div>\n<div class=\"services\"><\/div>\n<div class=\"services\"><span style=\"color: #000000;\"><a style=\"color: #000000;\" href=\"http:\/\/bisbalpenedes.com\/web\/wp-content\/uploads\/2019\/02\/cursos_lleure_jbp_19.jpg\"><img loading=\"lazy\" class=\"aligncenter size-medium wp-image-8776\" src=\"http:\/\/bisbalpenedes.com\/web\/wp-content\/uploads\/2019\/02\/cursos_lleure_jbp_19-300x212.jpg\" alt=\"cursos_lleure_jbp_19\" width=\"300\" height=\"212\" srcset=\"https:\/\/bisbalpenedes.com\/web\/wp-content\/uploads\/2019\/02\/cursos_lleure_jbp_19-300x212.jpg 300w, https:\/\/bisbalpenedes.com\/web\/wp-content\/uploads\/2019\/02\/cursos_lleure_jbp_19-600x424.jpg 600w, https:\/\/bisbalpenedes.com\/web\/wp-content\/uploads\/2019\/02\/cursos_lleure_jbp_19-768x543.jpg 768w, https:\/\/bisbalpenedes.com\/web\/wp-content\/uploads\/2019\/02\/cursos_lleure_jbp_19-1024x724.jpg 1024w, https:\/\/bisbalpenedes.com\/web\/wp-content\/uploads\/2019\/02\/cursos_lleure_jbp_19.jpg 1169w\" sizes=\"(max-width: 300px) 100vw, 300px\" \/><\/a><\/span><\/div>\n<div class=\"services\"><\/div>\n<div class=\"services\"><span style=\"color: #000000;\">Para m\u00e1s informaci\u00f3n e inscripciones dirig\u00edos a los servicios de\u00a0<a style=\"color: #000000;\" href=\"http:\/\/www.oficinajove.cat\/ca\/oficina\/oficina-jove-del-baix-penedes\" target=\"_blank\">Jove Baix Pened\u00e8s<\/a>:<\/span><\/div>\n<div class=\"services\">\n<div class=\"title\"><strong><span style=\"color: #000000;\">OFICINA JOVE DEL BAIX PENED\u00c8S<\/span><\/strong><\/div>\n<div class=\"address\"><span style=\"color: #000000;\">c\/ \u00c0ngel Guimer\u00e0, 17<\/span><br \/>\n<span style=\"color: #000000;\"> El Vendrell 43700<\/span><\/div>\n<div class=\"schedules\"><span style=\"color: #000000;\">Horario general: dl, dm, dc i dv de 10 a 14:30h; dj de 10 a 14h y de 17 a 19h \/ Horario de verano (22\/junio- 15\/septiembre), Semana Santa\u00a0y Navidad: de dl a dj de 10 a 15h y dv de 10 a 14h<\/span><\/div>\n<div class=\"email\"><span style=\"color: #000000;\"><a style=\"color: #000000;\" href=\"mailto:baixpenedes@oficinajove.cat\">baixpenedes@oficinajove.cat<\/a><\/span><\/div>\n<div class=\"telephone\"><span style=\"color: #000000;\">977 15 71 57<\/span><\/div>\n<\/div>\n","protected":false},"excerpt":{"rendered":"<p>L&#8217;Oficina Jove Baix Pened\u00e8s ha fet p\u00fablica l&#8217;oferta de formaci\u00f3 en el lleure per a enguany. Podeu optar a diversos cursos i, un d&#8217;ells, s&#8217;ofereix a la Bisbal: -Curs de &hellip; <a href=\"https:\/\/bisbalpenedes.com\/web\/2019\/02\/08\/ja-podeu-consultar-la-formacio-en-el-lleure-de-lany-2019-de-jove-baix-penedes-un-dels-cursos-es-fara-a-la-bisbal\/\" class=\"more-link\">Read More<\/a><\/p>\n","protected":false},"author":4,"featured_media":8777,"comment_status":"closed","ping_status":"closed","sticky":false,"template":"","format":"standard","meta":[],"categories":[1486],"tags":[2820,12,1057,336,2821],"_links":{"self":[{"href":"https:\/\/bisbalpenedes.com\/web\/wp-json\/wp\/v2\/posts\/8775"}],"collection":[{"href":"https:\/\/bisbalpenedes.com\/web\/wp-json\/wp\/v2\/posts"}],"about":[{"href":"https:\/\/bisbalpenedes.com\/web\/wp-json\/wp\/v2\/types\/post"}],"author":[{"embeddable":true,"href":"https:\/\/bisbalpenedes.com\/web\/wp-json\/wp\/v2\/users\/4"}],"replies":[{"embeddable":true,"href":"https:\/\/bisbalpenedes.com\/web\/wp-json\/wp\/v2\/comments?post=8775"}],"version-history":[{"count":6,"href":"https:\/\/bisbalpenedes.com\/web\/wp-json\/wp\/v2\/posts\/8775\/revisions"}],"predecessor-version":[{"id":8783,"href":"https:\/\/bisbalpenedes.com\/web\/wp-json\/wp\/v2\/posts\/8775\/revisions\/8783"}],"wp:featuredmedia":[{"embeddable":true,"href":"https:\/\/bisbalpenedes.com\/web\/wp-json\/wp\/v2\/media\/8777"}],"wp:attachment":[{"href":"https:\/\/bisbalpenedes.com\/web\/wp-json\/wp\/v2\/media?parent=8775"}],"wp:term":[{"taxonomy":"category","embeddable":true,"href":"https:\/\/bisbalpenedes.com\/web\/wp-json\/wp\/v2\/categories?post=8775"},{"taxonomy":"post_tag","embeddable":true,"href":"https:\/\/bisbalpenedes.com\/web\/wp-json\/wp\/v2\/tags?post=8775"}],"curies":[{"name":"wp","href":"https:\/\/api.w.org\/{rel}","templated":true}]}}