{"id":8772,"date":"2019-02-08T10:57:39","date_gmt":"2019-02-08T09:57:39","guid":{"rendered":"http:\/\/bisbalpenedes.com\/web\/?p=8772"},"modified":"2019-02-08T11:03:42","modified_gmt":"2019-02-08T10:03:42","slug":"sadjudica-el-contracte-per-posar-en-funcionament-una-nova-eina-informatica-de-gestio-contable-per-a-lajuntament","status":"publish","type":"post","link":"https:\/\/bisbalpenedes.com\/web\/2019\/02\/08\/sadjudica-el-contracte-per-posar-en-funcionament-una-nova-eina-informatica-de-gestio-contable-per-a-lajuntament\/","title":{"rendered":"S&#8217;adjudica el contracte per posar en funcionament una nova eina inform\u00e0tica de gesti\u00f3 contable per a l&#8217;Ajuntament"},"content":{"rendered":"<p style=\"text-align: justify;\"><span style=\"color: #000000;\">La Junta de govern del dijous 7 de febrer ha adjudicat el contracte de servei d&#8217;implantaci\u00f3 i posada en funcionament d&#8217;una plataforma de gesti\u00f3 comptable i econ\u00f2mica per a mitjans electr\u00f2nics a Spai Innova Astigitas S.L., l&#8217;empresa guanyadora del proc\u00e9s de licitaci\u00f3 de servei que es va iniciar al mes de desembre, per un import de 27.300\u20ac (IVA excl\u00f2s) per al per\u00edode que va del 2019 al 2022 (ambd\u00f3s inclosos).<\/span><\/p>\n<p style=\"text-align: justify;\"><span style=\"color: #000000;\">El nou programa de comptabilitat que s&#8217;implantar\u00e0 a l&#8217;Ajuntament \u00e9s compatible amb el gestor de documents que utilitza l&#8217;Ajuntament i incorpora novetats inform\u00e0tiques per facilitar la gesti\u00f3 di\u00e0ria i la creaci\u00f3 d&#8217;informes.\u00a0<\/span><\/p>\n<hr \/>\n<p style=\"text-align: justify;\"><span style=\"color: #000000;\"><strong>CASTELLANO |<\/strong> La Junta de gobierno del jueves 7 de febrero ha adjudicado el contrato de servicio de implantaci\u00f3n y puesta en funcionamiento de una plataforma de gesti\u00f3n contable y econ\u00f3mica para medios electr\u00f3nicos a Spai Innova Astigitas S.L., la empresa ganadora del proceso de licitaci\u00f3n de servicio que se inici\u00f3 en el mes de diciembre, por un importe de 27.300\u20ac (IVA excluido) para el periodo que val del 2019 al 2022 (ambos incluidos).<\/span><\/p>\n<p style=\"text-align: justify;\"><span style=\"color: #000000;\">El nuevo programa de contabilidad que se implantar\u00e1 en el Ayuntamiento es compatible con el gestor de documentos que utiliza el Ayuntamiento e incorpora novedades inform\u00e1ticas para facilitar la gesti\u00f3n diaria y la creaci\u00f3n de informes.<\/span><\/p>\n","protected":false},"excerpt":{"rendered":"<p>La Junta de govern del dijous 7 de febrer ha adjudicat el contracte de servei d&#8217;implantaci\u00f3 i posada en funcionament d&#8217;una plataforma de gesti\u00f3 comptable i econ\u00f2mica per a mitjans &hellip; <a href=\"https:\/\/bisbalpenedes.com\/web\/2019\/02\/08\/sadjudica-el-contracte-per-posar-en-funcionament-una-nova-eina-informatica-de-gestio-contable-per-a-lajuntament\/\" class=\"more-link\">Read More<\/a><\/p>\n","protected":false},"author":4,"featured_media":6737,"comment_status":"closed","ping_status":"closed","sticky":false,"template":"","format":"standard","meta":[],"categories":[2152],"tags":[2668,317,267,2819],"_links":{"self":[{"href":"https:\/\/bisbalpenedes.com\/web\/wp-json\/wp\/v2\/posts\/8772"}],"collection":[{"href":"https:\/\/bisbalpenedes.com\/web\/wp-json\/wp\/v2\/posts"}],"about":[{"href":"https:\/\/bisbalpenedes.com\/web\/wp-json\/wp\/v2\/types\/post"}],"author":[{"embeddable":true,"href":"https:\/\/bisbalpenedes.com\/web\/wp-json\/wp\/v2\/users\/4"}],"replies":[{"embeddable":true,"href":"https:\/\/bisbalpenedes.com\/web\/wp-json\/wp\/v2\/comments?post=8772"}],"version-history":[{"count":2,"href":"https:\/\/bisbalpenedes.com\/web\/wp-json\/wp\/v2\/posts\/8772\/revisions"}],"predecessor-version":[{"id":8774,"href":"https:\/\/bisbalpenedes.com\/web\/wp-json\/wp\/v2\/posts\/8772\/revisions\/8774"}],"wp:featuredmedia":[{"embeddable":true,"href":"https:\/\/bisbalpenedes.com\/web\/wp-json\/wp\/v2\/media\/6737"}],"wp:attachment":[{"href":"https:\/\/bisbalpenedes.com\/web\/wp-json\/wp\/v2\/media?parent=8772"}],"wp:term":[{"taxonomy":"category","embeddable":true,"href":"https:\/\/bisbalpenedes.com\/web\/wp-json\/wp\/v2\/categories?post=8772"},{"taxonomy":"post_tag","embeddable":true,"href":"https:\/\/bisbalpenedes.com\/web\/wp-json\/wp\/v2\/tags?post=8772"}],"curies":[{"name":"wp","href":"https:\/\/api.w.org\/{rel}","templated":true}]}}