{"id":8766,"date":"2019-02-07T22:26:54","date_gmt":"2019-02-07T21:26:54","guid":{"rendered":"http:\/\/bisbalpenedes.com\/web\/?p=8766"},"modified":"2019-06-21T11:57:41","modified_gmt":"2019-06-21T10:57:41","slug":"aquest-dijous-7-de-febrer-ha-tingut-lloc-un-ple-extraordinari","status":"publish","type":"post","link":"https:\/\/bisbalpenedes.com\/web\/2019\/02\/07\/aquest-dijous-7-de-febrer-ha-tingut-lloc-un-ple-extraordinari\/","title":{"rendered":"Aquest dijous 7 de febrer ha tingut lloc un Ple Extraordinari"},"content":{"rendered":"<p style=\"text-align: justify;\"><a href=\"http:\/\/bisbalpenedes.com\/web\/wp-content\/uploads\/2019\/02\/ple-extraordinari-7-de-febrer-de-2019.jpg\"><img loading=\"lazy\" class=\"aligncenter size-medium wp-image-8767\" src=\"http:\/\/bisbalpenedes.com\/web\/wp-content\/uploads\/2019\/02\/ple-extraordinari-7-de-febrer-de-2019-300x225.jpg\" alt=\"ple extraordinari 7 de febrer de 2019\" width=\"300\" height=\"225\" srcset=\"https:\/\/bisbalpenedes.com\/web\/wp-content\/uploads\/2019\/02\/ple-extraordinari-7-de-febrer-de-2019-300x225.jpg 300w, https:\/\/bisbalpenedes.com\/web\/wp-content\/uploads\/2019\/02\/ple-extraordinari-7-de-febrer-de-2019-600x450.jpg 600w, https:\/\/bisbalpenedes.com\/web\/wp-content\/uploads\/2019\/02\/ple-extraordinari-7-de-febrer-de-2019.jpg 750w\" sizes=\"(max-width: 300px) 100vw, 300px\" \/><\/a><\/p>\n<p style=\"text-align: justify;\"><span style=\"color: #000000;\">Aquest dijous 7 de febrer, a les 11h, ha tingut lloc un Ple Extraordinari a l\u2019Ajuntament de la Bisbal del Pened\u00e8s.<\/span><\/p>\n<p style=\"text-align: justify;\"><span style=\"color: #000000;\">En aquest ple, s\u2019ha excusat l\u2019abs\u00e8ncia de la regidora no adscrita Maguy Antol\u00edn.<\/span><\/p>\n<p style=\"text-align: justify;\"><span style=\"color: #000000;\"><strong>1.- Expedient 123\/2019. Modificaci\u00f3 de cr\u00e8dit 1P-2019.<\/strong><\/span><\/p>\n<p style=\"text-align: justify;\"><span style=\"color: #000000;\"><strong>S\u2019aprova per unanimitat<\/strong>. Vots a favor: PDeCAT (5) i ERC (5).<\/span><\/p>\n<p style=\"text-align: justify;\"><span style=\"color: #000000;\">Aquest punt inclo\u00efa dues propostes:<\/span><\/p>\n<p style=\"text-align: justify; padding-left: 30px;\"><span style=\"color: #000000;\"><strong><u>Primera:<\/u><\/strong> es proposava la modificaci\u00f3 del n\u00famero de 10 partides del pressupost i la modificaci\u00f3 de l\u2019import d\u2019una de les partides. Per fer-ho s\u2019han de donar de baixa les deu partides i tornar-les a donar d\u2019alta.<\/span><\/p>\n<p style=\"text-align: justify; padding-left: 30px;\"><span style=\"color: #000000;\"><strong><u>Segona:<\/u><\/strong> aprovar el canvi de descripci\u00f3 de les dues aplicacions pressupost\u00e0ries, per tal que aquestes s\u2019adeq\u00fcin a la denominaci\u00f3 fiscal del beneficiari de la subvenci\u00f3 estipulada de manera nominativa al pressupost prorrogat de l\u2019exercici 2019.<\/span><\/p>\n<p style=\"text-align: justify;\"><span style=\"color: #000000;\"><strong>2.- Expedient 42\/2019. Aprovaci\u00f3 del calendari fiscal 2019.<\/strong><\/span><\/p>\n<p style=\"text-align: justify;\"><span style=\"color: #000000;\"><strong>S\u2019aprova per unanimitat<\/strong>. Vots a favor: PDeCAT (5) i ERC (5).<\/span><\/p>\n<p style=\"text-align: justify;\"><span style=\"color: #000000;\">S\u2019aprova el calendari fiscal de l\u2019Ajuntament corresponent a l\u2019exercici 2019, que \u00e9s el seg\u00fcent:<\/span><\/p>\n<table>\n<tbody>\n<tr>\n<td><span style=\"color: #000000;\">Concepte<\/span><\/td>\n<td><span style=\"color: #000000;\">Per\u00edode<\/span><\/td>\n<td><span style=\"color: #000000;\">Per\u00edode de pagament proposat<\/span><\/td>\n<\/tr>\n<tr>\n<td><span style=\"color: #000000;\">Taxa conserv.cementiri\u00a0\u00a0\u00a0\u00a0\u00a0\u00a0\u00a0\u00a0\u00a0\u00a0\u00a0\u00a0\u00a0 \u00a0\u00a0\u00a0\u00a0\u00a0\u00a0\u00a0\u00a0<\/span><\/td>\n<td><span style=\"color: #000000;\">1<\/span><\/td>\n<td><span style=\"color: #000000;\">30\/01\/2019-31\/03\/2019<\/span><\/td>\n<\/tr>\n<tr>\n<td><span style=\"color: #000000;\">Taxa escombraries\u00a0\u00a0\u00a0\u00a0\u00a0\u00a0\u00a0\u00a0\u00a0\u00a0\u00a0\u00a0\u00a0\u00a0\u00a0\u00a0\u00a0\u00a0\u00a0\u00a0\u00a0\u00a0\u00a0\u00a0\u00a0\u00a0 \u00a0\u00a0<\/span><\/td>\n<td><span style=\"color: #000000;\">1<\/span><\/td>\n<td><span style=\"color: #000000;\">29\/03\/2019-29\/05\/2019<\/span><\/td>\n<\/tr>\n<tr>\n<td><span style=\"color: #000000;\">Imp. Vehicles Trac. Mec<\/span><\/td>\n<td><span style=\"color: #000000;\">1<\/span><\/td>\n<td><span style=\"color: #000000;\">29\/03\/2019-29\/05\/2019<\/span><\/td>\n<\/tr>\n<tr>\n<td><span style=\"color: #000000;\">IBI Urbana<\/span><\/td>\n<td><span style=\"color: #000000;\">1<\/span><\/td>\n<td><span style=\"color: #000000;\">26\/04\/2019-28\/06\/2019<\/span><\/td>\n<\/tr>\n<tr>\n<td><span style=\"color: #000000;\">IBI Caract.Especials\u00a0\u00a0\u00a0\u00a0\u00a0\u00a0\u00a0\u00a0\u00a0\u00a0\u00a0\u00a0\u00a0\u00a0\u00a0\u00a0\u00a0\u00a0\u00a0\u00a0\u00a0\u00a0\u00a0\u00a0<\/span><\/td>\n<td><span style=\"color: #000000;\">1<\/span><\/td>\n<td><span style=\"color: #000000;\">06\/04\/2019-28\/06\/2019<\/span><\/td>\n<\/tr>\n<tr>\n<td><span style=\"color: #000000;\">IBI Urbana<\/span><\/td>\n<td><span style=\"color: #000000;\">2<\/span><\/td>\n<td><span style=\"color: #000000;\">28\/06\/2019-30\/08\/2019<\/span><\/td>\n<\/tr>\n<tr>\n<td><span style=\"color: #000000;\">IBI R\u00fastica\u00a0\u00a0\u00a0\u00a0\u00a0\u00a0\u00a0\u00a0\u00a0\u00a0\u00a0\u00a0\u00a0\u00a0\u00a0\u00a0\u00a0\u00a0\u00a0\u00a0\u00a0\u00a0\u00a0\u00a0\u00a0\u00a0\u00a0\u00a0\u00a0\u00a0\u00a0\u00a0\u00a0\u00a0\u00a0\u00a0 \u00a0<\/span><\/td>\n<td><span style=\"color: #000000;\">1<\/span><\/td>\n<td><span style=\"color: #000000;\">28\/06\/2019-30\/08\/2019<\/span><\/td>\n<\/tr>\n<tr>\n<td><span style=\"color: #000000;\">Ocupaci\u00f3Dom.P\u00fablic\u00a0\u00a0\u00a0\u00a0\u00a0\u00a0\u00a0\u00a0\u00a0\u00a0\u00a0\u00a0\u00a0\u00a0\u00a0\u00a0\u00a0\u00a0\u00a0\u00a0\u00a0\u00a0 \u00a0<\/span><\/td>\n<td><span style=\"color: #000000;\">1<\/span><\/td>\n<td><span style=\"color: #000000;\">28\/06\/2019-30\/08\/2019<\/span><\/td>\n<\/tr>\n<tr>\n<td><span style=\"color: #000000;\">IAE<\/span><\/td>\n<td><span style=\"color: #000000;\">1<\/span><\/td>\n<td><span style=\"color: #000000;\">30\/07\/2019-30\/09\/2019<\/span><\/td>\n<\/tr>\n<tr>\n<td><span style=\"color: #000000;\">TaxaEscombraries<\/span><\/td>\n<td><span style=\"color: #000000;\">2<\/span><\/td>\n<td><span style=\"color: #000000;\">30\/07\/2019-30\/09\/2019<\/span><\/td>\n<\/tr>\n<\/tbody>\n<\/table>\n<p style=\"text-align: justify;\"><span style=\"color: #000000;\"><strong>3.- Expedient 130\/2019. Bases reguladores generals del concurs literari de Sant Jordi.<\/strong><\/span><\/p>\n<p style=\"text-align: justify;\"><span style=\"color: #000000;\"><strong>S\u2019aprova per unanimitat.<\/strong> Vots a favor: PDeCAT (5) i ERC (5).<\/span><\/p>\n<p style=\"text-align: justify;\"><span style=\"color: #000000;\">Fa 10 anys que l\u2019Associaci\u00f3 AdB va comen\u00e7ar a organitzar el concurs literari. Des de l\u2019Any 2016 \u00e9s l\u2019Ajuntament qui l\u2019organitza amb motiu de la diada de Sant Jordi. Cada any es fa un acte de lliurament de premis el 23 d\u2019abril amb l\u2019objectiu de promoure la creaci\u00f3 liter\u00e0ria i celebrar la festivitat de Sant Jordi. En aquest Ple, s\u2019aproven les bases reguladores generals del concurs literari per poder continuar amb aquesta celebraci\u00f3.<\/span><\/p>\n<p style=\"text-align: justify;\"><span style=\"color: #000000;\"><strong>4.- Expedient 161\/2019. Compliment de la sent\u00e8ncia n\u00fam. 275\/17.<\/strong><\/span><\/p>\n<p style=\"text-align: justify;\"><span style=\"color: #000000;\"><strong>S\u2019aprova per unanimitat.<\/strong> Vots a favor: PDeCAT (5) i ERC (5).<\/span><\/p>\n<p style=\"text-align: justify;\"><span style=\"color: #000000;\">L\u2019any 2013 una treballadora de l\u2019Ajuntament va interposar un recurs contenci\u00f3s despr\u00e9s que l\u2019abril de 2013 l\u2019Ajuntament acord\u00e9s declarar finalitzada la seva relaci\u00f3 funcionarial interina com a t\u00e8cnica jur\u00eddica d\u2019urbanisme, pla\u00e7a que ocupava despr\u00e9s d\u2019haver participat en una convocat\u00f2ria d\u2019ocupaci\u00f3 p\u00fablica.<\/span><\/p>\n<p style=\"text-align: justify;\"><span style=\"color: #000000;\">El Jutjat del Contenci\u00f3s \u2013 Administratiu n\u00famero 1 de Tarragona va resoldre a favor de la treballadora, de manera ferma, a finals de 2017 amb el text que se cita a continuaci\u00f3:<\/span><\/p>\n<p style=\"text-align: justify; padding-left: 30px;\"><span style=\"color: #000000;\">\u201cEs condemna l\u2019Ajuntament de la Bisbal del Pened\u00e8s a abonar a la recorrent les sumes corresponents als salaris deixats de percebre des del dia 25 d\u2019abril de 2013 fins al 30 d\u2019octubre de 2013, minorats en les sumes percebudes en concepte de desocupaci\u00f3 durant el per\u00edode, totes elles considerades brutes; igualment, es condemna l\u2019Ajuntament demandat a abonar a la recorrent l\u2019import de les pagues extraordin\u00e0ries reclamades de desembre de 2012 i juny i desembre de 2013. Tot l\u2019anterior amb les minoracions degudes per quotes de Seguretat Social i IRPF, havent l\u2019Ajuntament de procedir a les regularitzacions oportunes, i a m\u00e9s meritant les sumes finals l\u2019inter\u00e8s legal del diner des que havien de ser abonades fins al seu efectiu ingr\u00e9s\u201d.<\/span><\/p>\n<p style=\"text-align: justify;\"><span style=\"color: #000000;\">En l\u2019actualitat no es coneix l\u2019import exacte total que l\u2019Ajuntament haur\u00e0 d\u2019abonar. Quan es compti amb el c\u00e0lcul de la quantitat exacta la Junta de Govern haur\u00e0 d\u2019aprovar el pagament, ja que \u00e9s d\u2019obligat compliment, en tractar-se d\u2019una sent\u00e8ncia judicial.<\/span><\/p>\n<hr \/>\n<p style=\"text-align: justify;\"><a href=\"http:\/\/bisbalpenedes.com\/web\/wp-content\/uploads\/2019\/02\/ple-extraordinari-7-de-febrer-de-2019.jpg\"><img loading=\"lazy\" class=\"aligncenter size-medium wp-image-8767\" src=\"http:\/\/bisbalpenedes.com\/web\/wp-content\/uploads\/2019\/02\/ple-extraordinari-7-de-febrer-de-2019-300x225.jpg\" alt=\"ple extraordinari 7 de febrer de 2019\" width=\"300\" height=\"225\" srcset=\"https:\/\/bisbalpenedes.com\/web\/wp-content\/uploads\/2019\/02\/ple-extraordinari-7-de-febrer-de-2019-300x225.jpg 300w, https:\/\/bisbalpenedes.com\/web\/wp-content\/uploads\/2019\/02\/ple-extraordinari-7-de-febrer-de-2019-600x450.jpg 600w, https:\/\/bisbalpenedes.com\/web\/wp-content\/uploads\/2019\/02\/ple-extraordinari-7-de-febrer-de-2019.jpg 750w\" sizes=\"(max-width: 300px) 100vw, 300px\" \/><\/a><\/p>\n<p style=\"text-align: justify;\"><strong><span style=\"color: #000000;\">CASTELLANO<\/span><\/strong><\/p>\n<p style=\"text-align: justify;\"><span style=\"color: #000000;\">Este jueves 7 de febrero, a las 11h, ha tenido lugar un Pleno Extraordinario en el Ayuntamiento de la Bisbal del Pened\u00e8s.<\/span><\/p>\n<p style=\"text-align: justify;\"><span style=\"color: #000000;\">En este pleno, se ha excusado la ausencia de la concejala no adscrita Maguy Antol\u00edn.<\/span><\/p>\n<p style=\"text-align: justify;\"><span style=\"color: #000000;\"><strong>1.- Expediente 123\/2019. Modificaci\u00f3n de cr\u00e9dito IP-2019.<\/strong><\/span><\/p>\n<p style=\"text-align: justify;\"><span style=\"color: #000000;\"><strong>Se aprueba por unanimidad.<\/strong> Votos a favor: PDeCAT (5) y ERC (5).<\/span><\/p>\n<p style=\"text-align: justify;\"><span style=\"color: #000000;\">Este punto inclu\u00eda dos propuestas:<\/span><\/p>\n<p style=\"text-align: justify; padding-left: 30px;\"><span style=\"color: #000000;\"><span style=\"text-decoration: underline;\"><strong>Primera:<\/strong><\/span> se propon\u00eda la modificaci\u00f3n del n\u00famero de 10 partidas del presupuesto y la modificaci\u00f3n del importe de una de las partidas. Para hacerlo se deben dar de baja diez partidas y volverlas a dar de alta.<\/span><\/p>\n<p style=\"text-align: justify; padding-left: 30px;\"><span style=\"color: #000000;\"><strong><u>Segunda:<\/u><\/strong> aprobar el cambio de descripci\u00f3n de dos aplicaciones presupuestarias, con tal que estas se adecuen a la denominaci\u00f3n fiscal del beneficiario de la subvenci\u00f3n estipulada de manera nominativa al presupuesto prorrogado del ejercicio 2019.<\/span><\/p>\n<p style=\"text-align: justify;\"><span style=\"color: #000000;\"><strong>2.- Expediente 42\/2019. Aprobaci\u00f3n del calendario fiscal 2019.<\/strong><\/span><\/p>\n<p style=\"text-align: justify;\"><span style=\"color: #000000;\"><strong>Se aprueba por unanimidad<\/strong>. Votos a favor: PDeCAT (5) y ERC (5).<\/span><\/p>\n<p style=\"text-align: justify;\"><span style=\"color: #000000;\">Se aprueba el calendario fiscal del Ayuntamiento correspondiente al ejercicio 2019, que es el siguiente:<\/span><\/p>\n<table>\n<tbody>\n<tr>\n<td><span style=\"color: #000000;\">Concepte<\/span><\/td>\n<td><span style=\"color: #000000;\">Per\u00edode<\/span><\/td>\n<td><span style=\"color: #000000;\">Per\u00edode de pagament proposat<\/span><\/td>\n<\/tr>\n<tr>\n<td><span style=\"color: #000000;\">Taxa conserv.cementiri\u00a0\u00a0\u00a0\u00a0\u00a0\u00a0\u00a0\u00a0\u00a0\u00a0\u00a0\u00a0\u00a0 \u00a0\u00a0\u00a0\u00a0\u00a0\u00a0\u00a0\u00a0<\/span><\/td>\n<td><span style=\"color: #000000;\">1<\/span><\/td>\n<td><span style=\"color: #000000;\">30\/01\/2019-31\/03\/2019<\/span><\/td>\n<\/tr>\n<tr>\n<td><span style=\"color: #000000;\">Taxa escombraries\u00a0\u00a0\u00a0\u00a0\u00a0\u00a0\u00a0\u00a0\u00a0\u00a0\u00a0\u00a0\u00a0\u00a0\u00a0\u00a0\u00a0\u00a0\u00a0\u00a0\u00a0\u00a0\u00a0\u00a0\u00a0\u00a0 \u00a0\u00a0<\/span><\/td>\n<td><span style=\"color: #000000;\">1<\/span><\/td>\n<td><span style=\"color: #000000;\">29\/03\/2019-29\/05\/2019<\/span><\/td>\n<\/tr>\n<tr>\n<td><span style=\"color: #000000;\">Imp. Vehicles Trac. Mec<\/span><\/td>\n<td><span style=\"color: #000000;\">1<\/span><\/td>\n<td><span style=\"color: #000000;\">29\/03\/2019-29\/05\/2019<\/span><\/td>\n<\/tr>\n<tr>\n<td><span style=\"color: #000000;\">IBI Urbana<\/span><\/td>\n<td><span style=\"color: #000000;\">1<\/span><\/td>\n<td><span style=\"color: #000000;\">26\/04\/2019-28\/06\/2019<\/span><\/td>\n<\/tr>\n<tr>\n<td><span style=\"color: #000000;\">IBI Caract.Especials\u00a0\u00a0\u00a0\u00a0\u00a0\u00a0\u00a0\u00a0\u00a0\u00a0\u00a0\u00a0\u00a0\u00a0\u00a0\u00a0\u00a0\u00a0\u00a0\u00a0\u00a0\u00a0\u00a0\u00a0<\/span><\/td>\n<td><span style=\"color: #000000;\">1<\/span><\/td>\n<td><span style=\"color: #000000;\">06\/04\/2019-28\/06\/2019<\/span><\/td>\n<\/tr>\n<tr>\n<td><span style=\"color: #000000;\">IBI Urbana<\/span><\/td>\n<td><span style=\"color: #000000;\">2<\/span><\/td>\n<td><span style=\"color: #000000;\">28\/06\/2019-30\/08\/2019<\/span><\/td>\n<\/tr>\n<tr>\n<td><span style=\"color: #000000;\">IBI R\u00fastica\u00a0\u00a0\u00a0\u00a0\u00a0\u00a0\u00a0\u00a0\u00a0\u00a0\u00a0\u00a0\u00a0\u00a0\u00a0\u00a0\u00a0\u00a0\u00a0\u00a0\u00a0\u00a0\u00a0\u00a0\u00a0\u00a0\u00a0\u00a0\u00a0\u00a0\u00a0\u00a0\u00a0\u00a0\u00a0\u00a0 \u00a0<\/span><\/td>\n<td><span style=\"color: #000000;\">1<\/span><\/td>\n<td><span style=\"color: #000000;\">28\/06\/2019-30\/08\/2019<\/span><\/td>\n<\/tr>\n<tr>\n<td><span style=\"color: #000000;\">Ocupaci\u00f3Dom.P\u00fablic\u00a0\u00a0\u00a0\u00a0\u00a0\u00a0\u00a0\u00a0\u00a0\u00a0\u00a0\u00a0\u00a0\u00a0\u00a0\u00a0\u00a0\u00a0 \u00a0\u00a0\u00a0\u00a0\u00a0<\/span><\/td>\n<td><span style=\"color: #000000;\">1<\/span><\/td>\n<td><span style=\"color: #000000;\">28\/06\/2019-30\/08\/2019<\/span><\/td>\n<\/tr>\n<tr>\n<td><span style=\"color: #000000;\">IAE<\/span><\/td>\n<td><span style=\"color: #000000;\">1<\/span><\/td>\n<td><span style=\"color: #000000;\">30\/07\/2019-30\/09\/2019<\/span><\/td>\n<\/tr>\n<tr>\n<td><span style=\"color: #000000;\">TaxaEscombraries<\/span><\/td>\n<td><span style=\"color: #000000;\">2<\/span><\/td>\n<td><span style=\"color: #000000;\">30\/07\/2019-30\/09\/2019<\/span><\/td>\n<\/tr>\n<\/tbody>\n<\/table>\n<p style=\"text-align: justify;\"><span style=\"color: #000000;\"><strong>3.- Expediente 130\/2019. Bases reguladoras generales del concurso literario de Sant Jordi.<\/strong><\/span><\/p>\n<p style=\"text-align: justify;\"><span style=\"color: #000000;\"><strong>Se aprueba por unanimidad.<\/strong> Votos a favor: PDeCAT (5) y ERC (5).<\/span><\/p>\n<p style=\"text-align: justify;\"><span style=\"color: #000000;\">Hace 10 a\u00f1os que la Associaci\u00f3 AdB empez\u00f3 a organizar el concurso literario. Desde el a\u00f1o 2016 es el Ayuntamiento quien lo organiza con motivo de la diada de Sant Jordi. Cada \u00f1o se hace un acto de entrega de premios el 23 de abril con el objetivo de promover la creaci\u00f3n literaria y celebrar la festividad de Sant Jordi. En este Pleno, se aprueban las bases reguladoras generales del concurso literario para poder continuar con esta celebraci\u00f3n.<\/span><\/p>\n<p style=\"text-align: justify;\"><span style=\"color: #000000;\"><strong>4.- Expediente 161\/2019. Cumplimiento de la sentencia n\u00fam. 275\/17.<\/strong><\/span><\/p>\n<p style=\"text-align: justify;\"><span style=\"color: #000000;\"><strong>Se aprueba por unanimidad.<\/strong> Votos a favor: PDeCAT (5) y ERC (5).<\/span><\/p>\n<p style=\"text-align: justify;\"><span style=\"color: #000000;\">El a\u00f1o 2013 una trabajadora del Ayuntamiento interpuso un recurso contencioso despu\u00e9s que en abril del 2013 el Ayuntamiento acordase declarar finalizada su relaci\u00f3n funcionarial interina como t\u00e9cnica jur\u00eddica de urbanismo, plaza que ocupaba despu\u00e9s de haber participado en una convocatoria de ocupaci\u00f3n p\u00fablica.<\/span><\/p>\n<p style=\"text-align: justify;\"><span style=\"color: #000000;\">El Juzgado del Contencioso \u2013 Administrativo n\u00famero 1 de Tarragona resolvi\u00f3 a favor de la trabajadora, de manera firme, a finales del 2017 con el texto que se cita a continuaci\u00f3n:<\/span><\/p>\n<p style=\"text-align: justify; padding-left: 30px;\"><span style=\"color: #000000;\">\u00a0\u201cSe condena al Ayuntamiento de la Bisbal del Pened\u00e8s a abonar a la recurrente las sumas correspondientes a los salarios dejados de percibir desde el d\u00eda 25 de abril del 2013 hasta el 30 de octubre del 2013, minorados en las sumas percibidas en concepto de desocupaci\u00f3n durante el periodo, todas ellas consideradas brutas; igualmente, se condena al Ayuntamiento demandado a abonar a la recurrente el importe de las pagas extraordinarias reclamadas de diciembre del 2012 y junio y diciembre del 2013. Todo lo anterior con las minoraciones debidas por cuotas de Seguridad Social e IRPF, debiendo el Ayuntamiento proceder a las regularizaciones oportunas, y adem\u00e1s meritando en las sumas finales el inter\u00e9s legal del dinero desde que deb\u00edan ser abonadas hasta su efectivo ingreso\u201d.<\/span><\/p>\n<p style=\"text-align: justify;\"><span style=\"color: #000000;\">En la actualidad no se conoce el importe exacto total que el Ayuntamiento deber\u00e1 abonar. Cuando se cuente con el c\u00e1lculo de la cantidad exacta la Junta de Gobierno deber\u00e1 aprobar el pago, ya que es de obligado cumplimiento, en tratarse de una sentencia judicial.<\/span><\/p>\n<p style=\"text-align: center;\"><iframe loading=\"lazy\" src=\"https:\/\/www.youtube.com\/embed\/jSpIoNGAjjw\" width=\"560\" height=\"315\" frameborder=\"0\" allowfullscreen=\"allowfullscreen\"><\/iframe><\/p>\n","protected":false},"excerpt":{"rendered":"<p>Aquest dijous 7 de febrer, a les 11h, ha tingut lloc un Ple Extraordinari a l\u2019Ajuntament de la Bisbal del Pened\u00e8s. En aquest ple, s\u2019ha excusat l\u2019abs\u00e8ncia de la regidora &hellip; <a href=\"https:\/\/bisbalpenedes.com\/web\/2019\/02\/07\/aquest-dijous-7-de-febrer-ha-tingut-lloc-un-ple-extraordinari\/\" class=\"more-link\">Read More<\/a><\/p>\n","protected":false},"author":4,"featured_media":8767,"comment_status":"closed","ping_status":"closed","sticky":false,"template":"","format":"standard","meta":[],"categories":[2250],"tags":[1130,1633,1897,139,423,64,2818],"_links":{"self":[{"href":"https:\/\/bisbalpenedes.com\/web\/wp-json\/wp\/v2\/posts\/8766"}],"collection":[{"href":"https:\/\/bisbalpenedes.com\/web\/wp-json\/wp\/v2\/posts"}],"about":[{"href":"https:\/\/bisbalpenedes.com\/web\/wp-json\/wp\/v2\/types\/post"}],"author":[{"embeddable":true,"href":"https:\/\/bisbalpenedes.com\/web\/wp-json\/wp\/v2\/users\/4"}],"replies":[{"embeddable":true,"href":"https:\/\/bisbalpenedes.com\/web\/wp-json\/wp\/v2\/comments?post=8766"}],"version-history":[{"count":4,"href":"https:\/\/bisbalpenedes.com\/web\/wp-json\/wp\/v2\/posts\/8766\/revisions"}],"predecessor-version":[{"id":9849,"href":"https:\/\/bisbalpenedes.com\/web\/wp-json\/wp\/v2\/posts\/8766\/revisions\/9849"}],"wp:featuredmedia":[{"embeddable":true,"href":"https:\/\/bisbalpenedes.com\/web\/wp-json\/wp\/v2\/media\/8767"}],"wp:attachment":[{"href":"https:\/\/bisbalpenedes.com\/web\/wp-json\/wp\/v2\/media?parent=8766"}],"wp:term":[{"taxonomy":"category","embeddable":true,"href":"https:\/\/bisbalpenedes.com\/web\/wp-json\/wp\/v2\/categories?post=8766"},{"taxonomy":"post_tag","embeddable":true,"href":"https:\/\/bisbalpenedes.com\/web\/wp-json\/wp\/v2\/tags?post=8766"}],"curies":[{"name":"wp","href":"https:\/\/api.w.org\/{rel}","templated":true}]}}