{"id":8754,"date":"2019-02-07T17:37:26","date_gmt":"2019-02-07T16:37:26","guid":{"rendered":"http:\/\/bisbalpenedes.com\/web\/?p=8754"},"modified":"2019-02-08T10:42:18","modified_gmt":"2019-02-08T09:42:18","slug":"aquest-dissabte-sestrena-el-curtmetratge-match-que-va-ser-enregistrat-a-la-bisbal","status":"publish","type":"post","link":"https:\/\/bisbalpenedes.com\/web\/2019\/02\/07\/aquest-dissabte-sestrena-el-curtmetratge-match-que-va-ser-enregistrat-a-la-bisbal\/","title":{"rendered":"Aquest dissabte s&#8217;estrena un curtmetratge de Zolen Films que va ser enregistrat a la Bisbal"},"content":{"rendered":"<p style=\"text-align: justify;\"><a href=\"http:\/\/bisbalpenedes.com\/web\/wp-content\/uploads\/2019\/02\/zolen-films.jpg\"><img loading=\"lazy\" class=\"aligncenter size-medium wp-image-8761\" src=\"http:\/\/bisbalpenedes.com\/web\/wp-content\/uploads\/2019\/02\/zolen-films-200x300.jpg\" alt=\"zolen films\" width=\"200\" height=\"300\" srcset=\"https:\/\/bisbalpenedes.com\/web\/wp-content\/uploads\/2019\/02\/zolen-films-200x300.jpg 200w, https:\/\/bisbalpenedes.com\/web\/wp-content\/uploads\/2019\/02\/zolen-films-600x900.jpg 600w, https:\/\/bisbalpenedes.com\/web\/wp-content\/uploads\/2019\/02\/zolen-films-768x1152.jpg 768w, https:\/\/bisbalpenedes.com\/web\/wp-content\/uploads\/2019\/02\/zolen-films-683x1024.jpg 683w, https:\/\/bisbalpenedes.com\/web\/wp-content\/uploads\/2019\/02\/zolen-films.jpg 1000w\" sizes=\"(max-width: 200px) 100vw, 200px\" \/><\/a><\/p>\n<p style=\"text-align: justify;\"><span style=\"color: #000000;\">Zolen Films i Dilaina Studio de Calafell estrenaran el curtmetratge &#8216;Match!&#8217;, dirigit pel bisbalenc Toni Villaz\u00e1n, aquest dissabte a les 20h, en directe,\u00a0a trav\u00e9s del seu canal de <a style=\"color: #000000;\" href=\"https:\/\/youtu.be\/4Ouspw7kD4o\" target=\"_blank\">Youtube.<\/a><\/span><\/p>\n<p style=\"text-align: justify;\"><span style=\"color: #000000;\">&#8216;Match!&#8217; \u00e9s una producci\u00f3 de 17 minuts que, segons Villaz\u00e1n, gira entorn d&#8217;una cita en una app per lligar i fer contactes i &#8220;el que penses que pot ser una nit de disbauxa es converteix en una cosa violenta&#8221;. L&#8217;escenari on es va enregistrar el curt \u00e9s el soterrani del Poliesportiu Municipal i la gravaci\u00f3 es va dur a terme entre els mesos d&#8217;agost i setembre de 2017.\u00a0Una de les caracter\u00edstiques principals d\u2019aquesta producci\u00f3 \u00e9s que est\u00e0 gravada en pla seq\u00fc\u00e8ncia, una modalitat d\u2019enregistrament que dota de realisme les escenes i que aconsegueix la continu\u00eftat de l\u2019acci\u00f3 fent un seguiment d\u2019aquesta amb la c\u00e0mera i no pas amb el muntatge i l\u2019edici\u00f3 posterior. El gui\u00f3 del curtmetratge \u00e9s d&#8217;Eva de Salas i entre el repartiment hi trobem els actors Christian Caner, Gemma Castell, Claudia de la Torre, Luka Soaeres i Isaac Hermo (veu). Val a dir que el curtmetratge que aquest dissabte s&#8217;estrenar\u00e0 per internet\u00a0<\/span><span style=\"color: #000000;\">va ser projectat en la darrera edici\u00f3 del Festival de Cinema Fant\u00e0stic de Catalunya (Sitges 2018) l&#8217;octubre passat i ha format part de la selecci\u00f3 oficial de diversos festivals internacionals, entre els quals s&#8217;hi compten festivals de l&#8217;\u00cdndia i M\u00e8xic.<\/span><\/p>\n<p style=\"text-align: justify;\"><span style=\"color: #000000;\">L\u2019equip de Zolen Films va engegar l\u2019any 2011 i, fins a la data, ha enregistrat 3 llargmetratges i 5 curtmetratges propis, tot i que tamb\u00e9 ha col\u00b7laborat en altres projectes. \u00a0Recentment ha rebut dos premis: el curtmetratge\u00a0<a style=\"color: #000000;\" href=\"https:\/\/www.youtube.com\/watch?v=_JCqBSjctZg\">\u201cCaf\u00e9 solo\u201d<\/a>\u00a0va rebre el premi a millor direcci\u00f3 i va estar nominat al millor curtmetratge al Festival Internacional de Bogot\u00e1 (2018) i, d\u2019altra banda, la producci\u00f3\u00a0<a style=\"color: #000000;\" href=\"https:\/\/www.youtube.com\/watch?v=KFnZfCeKKVo&amp;feature=youtu.be\">\u2018Una mirada de Pau\u2019<\/a>, que Zolen Films va realitzar amb els alumnes i els mestres de l\u2019Escola \u00c0ngel Guimer\u00e0 del Vendrell, va guanyar el Premi a Millor Curtmetratge de Centres Educatius del Festival Internacional de Cinema en Catal\u00e0 (2018) i est\u00e0 seleccionat per a la 7\u00aa Mostra Internacional de Cinema Educatiu.<\/span><\/p>\n<hr \/>\n<p style=\"text-align: justify;\"><a href=\"http:\/\/bisbalpenedes.com\/web\/wp-content\/uploads\/2019\/02\/zolen-films.jpg\"><img loading=\"lazy\" class=\"aligncenter size-medium wp-image-8761\" src=\"http:\/\/bisbalpenedes.com\/web\/wp-content\/uploads\/2019\/02\/zolen-films-200x300.jpg\" alt=\"zolen films\" width=\"200\" height=\"300\" srcset=\"https:\/\/bisbalpenedes.com\/web\/wp-content\/uploads\/2019\/02\/zolen-films-200x300.jpg 200w, https:\/\/bisbalpenedes.com\/web\/wp-content\/uploads\/2019\/02\/zolen-films-600x900.jpg 600w, https:\/\/bisbalpenedes.com\/web\/wp-content\/uploads\/2019\/02\/zolen-films-768x1152.jpg 768w, https:\/\/bisbalpenedes.com\/web\/wp-content\/uploads\/2019\/02\/zolen-films-683x1024.jpg 683w, https:\/\/bisbalpenedes.com\/web\/wp-content\/uploads\/2019\/02\/zolen-films.jpg 1000w\" sizes=\"(max-width: 200px) 100vw, 200px\" \/><\/a><\/p>\n<p style=\"text-align: justify;\"><span style=\"color: #000000;\"><strong>CASTELLANO |<\/strong> Zolen Films y Dilaina Studio de Calafell estrenar\u00e1n el cortometraje &#8216;Match!&#8217;, dirigido por el bisbalenc Toni Villaz\u00e1n, este s\u00e1bado a las 20h, en directo, a trav\u00e9s de su canal de\u00a0<a style=\"color: #000000;\" href=\"https:\/\/youtu.be\/4Ouspw7kD4o\" target=\"_blank\">Youtube.<\/a><\/span><\/p>\n<p style=\"text-align: justify;\"><span style=\"color: #000000;\">&#8216;Match!&#8217; es una producci\u00f3n de 17 minutos que, seg\u00fan Villaz\u00e1n, gira alrededor de una cita en una app para ligar y hacer contactos y &#8220;lo que piensas que puede ser una noche de desenfreno se convierte en una cosa violenta&#8221;. El escenario donde se grab\u00f3 el corto es el subterr\u00e1neo del Polideportivo Municipal y la grabaci\u00f3n se llev\u00f3 a cabo entre los meses de agosto y septiembre del 2017. Una de las caracter\u00edsticas principales de esta producci\u00f3n es que est\u00e1 grabada en plano secuencia, una modalidad de grabaci\u00f3n que dota de realismo las escenas y que consigue la continuidad de la acci\u00f3n haciendo un seguimiento de esta con la c\u00e1mara y no a trav\u00e9s del montaje y la edici\u00f3n posterior. El gui\u00f3n del cortometraje es de Eva de Salas y entre el reparto encontramos a los actores Christian Caner, Gemma Castell, Claudia de la Torre, Luka Soaeres e Isaac Hermo (voz). Cabe decir que el cortometraje que este s\u00e1bado se estrenar\u00e1 por internet fue proyectado en la \u00faltima edici\u00f3n del Festival de Cinema Fant\u00e0stic de Catalunya (Sitges 2018) el pasado mes de octubre y ha formado parte de la selecci\u00f3n oficial de varios festivales internacionales, entre los cuales, festivales de la India y M\u00e9xico.<\/span><\/p>\n<p style=\"text-align: justify;\"><span style=\"color: #000000;\">El equipo de Zolen Films empez\u00f3 el a\u00f1o 2011 y, hasta la fecha, ha grabado 3 largometrajes y 5 cortometrajes propios, aunque tambi\u00e9n ha colaborado en otros proyectos. Recientemente ha recibido dos premios: el cortometraje\u00a0<a style=\"color: #000000;\" href=\"https:\/\/www.youtube.com\/watch?v=_JCqBSjctZg\">\u201cCaf\u00e9 solo\u201d<\/a>\u00a0recibi\u00f3 el premio a mejor direcci\u00f3n y estuvo nominado a mejor cortometraje en el Festival Internacional de Bogot\u00e1 (2018) y, por otro lado, la producci\u00f3n\u00a0<a style=\"color: #000000;\" href=\"https:\/\/www.youtube.com\/watch?v=KFnZfCeKKVo&amp;feature=youtu.be\">\u2018Una mirada de Pau\u2019<\/a>, que Zolen Films realiz\u00f3 con alumnos y maestros de la Escola \u00c0ngel Guimer\u00e0 del Vendrell, gan\u00f3 el Premio a Mejor Cortometraje de Centros Educativos del Festival Internacional de Cinema en Catal\u00e0 (2018) y ha sido seleccionado para la 7\u00aa Mostra Internacional de Cinema Educatiu.<\/span><\/p>\n<p>&nbsp;<\/p>\n","protected":false},"excerpt":{"rendered":"<p>Zolen Films i Dilaina Studio de Calafell estrenaran el curtmetratge &#8216;Match!&#8217;, dirigit pel bisbalenc Toni Villaz\u00e1n, aquest dissabte a les 20h, en directe,\u00a0a trav\u00e9s del seu canal de Youtube. &#8216;Match!&#8217; &hellip; <a href=\"https:\/\/bisbalpenedes.com\/web\/2019\/02\/07\/aquest-dissabte-sestrena-el-curtmetratge-match-que-va-ser-enregistrat-a-la-bisbal\/\" class=\"more-link\">Read More<\/a><\/p>\n","protected":false},"author":4,"featured_media":7118,"comment_status":"closed","ping_status":"closed","sticky":false,"template":"","format":"standard","meta":[],"categories":[2370,8],"tags":[2367,2368,2365],"_links":{"self":[{"href":"https:\/\/bisbalpenedes.com\/web\/wp-json\/wp\/v2\/posts\/8754"}],"collection":[{"href":"https:\/\/bisbalpenedes.com\/web\/wp-json\/wp\/v2\/posts"}],"about":[{"href":"https:\/\/bisbalpenedes.com\/web\/wp-json\/wp\/v2\/types\/post"}],"author":[{"embeddable":true,"href":"https:\/\/bisbalpenedes.com\/web\/wp-json\/wp\/v2\/users\/4"}],"replies":[{"embeddable":true,"href":"https:\/\/bisbalpenedes.com\/web\/wp-json\/wp\/v2\/comments?post=8754"}],"version-history":[{"count":9,"href":"https:\/\/bisbalpenedes.com\/web\/wp-json\/wp\/v2\/posts\/8754\/revisions"}],"predecessor-version":[{"id":8771,"href":"https:\/\/bisbalpenedes.com\/web\/wp-json\/wp\/v2\/posts\/8754\/revisions\/8771"}],"wp:featuredmedia":[{"embeddable":true,"href":"https:\/\/bisbalpenedes.com\/web\/wp-json\/wp\/v2\/media\/7118"}],"wp:attachment":[{"href":"https:\/\/bisbalpenedes.com\/web\/wp-json\/wp\/v2\/media?parent=8754"}],"wp:term":[{"taxonomy":"category","embeddable":true,"href":"https:\/\/bisbalpenedes.com\/web\/wp-json\/wp\/v2\/categories?post=8754"},{"taxonomy":"post_tag","embeddable":true,"href":"https:\/\/bisbalpenedes.com\/web\/wp-json\/wp\/v2\/tags?post=8754"}],"curies":[{"name":"wp","href":"https:\/\/api.w.org\/{rel}","templated":true}]}}