{"id":8742,"date":"2019-02-10T18:31:06","date_gmt":"2019-02-10T17:31:06","guid":{"rendered":"http:\/\/bisbalpenedes.com\/web\/?p=8742"},"modified":"2019-02-10T18:48:12","modified_gmt":"2019-02-10T17:48:12","slug":"lajuntament-de-la-bisbal-ha-estat-present-en-la-convocatoria-dalcaldes-per-la-democracia-i-la-justicia-de-lacm","status":"publish","type":"post","link":"https:\/\/bisbalpenedes.com\/web\/2019\/02\/10\/lajuntament-de-la-bisbal-ha-estat-present-en-la-convocatoria-dalcaldes-per-la-democracia-i-la-justicia-de-lacm\/","title":{"rendered":"L&#8217;Ajuntament de la Bisbal ha estat present en la convocat\u00f2ria d&#8217;alcaldes per &#8216;la democr\u00e0cia i la just\u00edcia&#8221; de l&#8217;ACM"},"content":{"rendered":"<p style=\"text-align: justify;\"><a href=\"http:\/\/bisbalpenedes.com\/web\/wp-content\/uploads\/2019\/02\/190210-alcaldes-bp-acm.jpg\"><img loading=\"lazy\" class=\"aligncenter size-large wp-image-8784\" src=\"http:\/\/bisbalpenedes.com\/web\/wp-content\/uploads\/2019\/02\/190210-alcaldes-bp-acm-1024x768.jpg\" alt=\"190210 alcaldes bp acm\" width=\"630\" height=\"473\" srcset=\"https:\/\/bisbalpenedes.com\/web\/wp-content\/uploads\/2019\/02\/190210-alcaldes-bp-acm.jpg 1024w, https:\/\/bisbalpenedes.com\/web\/wp-content\/uploads\/2019\/02\/190210-alcaldes-bp-acm-600x450.jpg 600w, https:\/\/bisbalpenedes.com\/web\/wp-content\/uploads\/2019\/02\/190210-alcaldes-bp-acm-300x225.jpg 300w, https:\/\/bisbalpenedes.com\/web\/wp-content\/uploads\/2019\/02\/190210-alcaldes-bp-acm-768x576.jpg 768w\" sizes=\"(max-width: 630px) 100vw, 630px\" \/><\/a><\/p>\n<p style=\"text-align: justify;\"><span style=\"color: #000000;\">La primera tinent d\u2019alcaldia de l\u2019Ajuntament de la Bisbal del Pened\u00e8s, Judit Vidal, ha assistit avui a la convocat\u00f2ria d\u2019alcaldes que ha fet l\u2019<a href=\"http:\/\/www.acm.cat\/actualitat\/acm-reuneix-alcaldes-alcaldesses-diferents-sensibilitats-politiques-que-clamen-llibertat-presos\" target=\"_blank\">Associaci\u00f3 Catalana de Municipis i Comarques<\/a> per \u201cla democr\u00e0cia i la\u00a0just\u00edcia\u201d amb la finalitat de demanar \u201crespecte als drets i les llibertats fonamentals i exigir un judici just i imparcial per als representants pol\u00edtics i socials processats per l\u20191-O\u201d.<\/span><\/p>\n<p style=\"text-align: justify;\"><span style=\"color: #000000;\">A l\u2019acte, que ha tingut lloc al Sal\u00f3 de Cent de l\u2019Ajuntament de Barcelona, s\u2019hi han convocat autoritats municipals de tot Catalunya, indistintament de la seva adscripci\u00f3 pol\u00edtica, per transmetre \u201cun missatge d\u2019unitat a favor de la democr\u00e0cia i el respecte als drets humans\u201d.<\/span><\/p>\n<p style=\"text-align: justify;\"><a href=\"http:\/\/bisbalpenedes.com\/web\/wp-content\/uploads\/2019\/02\/acte-10-de-febrer-acm.jpg\"><img loading=\"lazy\" class=\"aligncenter size-medium wp-image-8744\" src=\"http:\/\/bisbalpenedes.com\/web\/wp-content\/uploads\/2019\/02\/acte-10-de-febrer-acm-300x200.jpg\" alt=\"acte 10 de febrer acm\" width=\"300\" height=\"200\" srcset=\"https:\/\/bisbalpenedes.com\/web\/wp-content\/uploads\/2019\/02\/acte-10-de-febrer-acm-300x200.jpg 300w, https:\/\/bisbalpenedes.com\/web\/wp-content\/uploads\/2019\/02\/acte-10-de-febrer-acm-600x400.jpg 600w, https:\/\/bisbalpenedes.com\/web\/wp-content\/uploads\/2019\/02\/acte-10-de-febrer-acm.jpg 680w\" sizes=\"(max-width: 300px) 100vw, 300px\" \/><\/a><\/p>\n<hr \/>\n<p style=\"text-align: justify;\"><a href=\"http:\/\/bisbalpenedes.com\/web\/wp-content\/uploads\/2019\/02\/190210-alcaldes-bp-acm.jpg\"><img loading=\"lazy\" class=\"aligncenter size-large wp-image-8784\" src=\"http:\/\/bisbalpenedes.com\/web\/wp-content\/uploads\/2019\/02\/190210-alcaldes-bp-acm-1024x768.jpg\" alt=\"190210 alcaldes bp acm\" width=\"630\" height=\"473\" srcset=\"https:\/\/bisbalpenedes.com\/web\/wp-content\/uploads\/2019\/02\/190210-alcaldes-bp-acm.jpg 1024w, https:\/\/bisbalpenedes.com\/web\/wp-content\/uploads\/2019\/02\/190210-alcaldes-bp-acm-600x450.jpg 600w, https:\/\/bisbalpenedes.com\/web\/wp-content\/uploads\/2019\/02\/190210-alcaldes-bp-acm-300x225.jpg 300w, https:\/\/bisbalpenedes.com\/web\/wp-content\/uploads\/2019\/02\/190210-alcaldes-bp-acm-768x576.jpg 768w\" sizes=\"(max-width: 630px) 100vw, 630px\" \/><\/a><\/p>\n<p style=\"text-align: justify;\"><span style=\"color: #000000;\"><strong>CASTELLANO |<\/strong> La primera teniente de alcald\u00eda del Ayuntamiento de la Bisbal del Pened\u00e8s, Judit Vidal, ha asistido hoy a la convocatoria de alcaldes que ha hecho la <a href=\"http:\/\/www.acm.cat\/actualitat\/acm-reuneix-alcaldes-alcaldesses-diferents-sensibilitats-politiques-que-clamen-llibertat-presos\" target=\"_blank\">Associaci\u00f3 Catalana de Municipis i Comarques<\/a> por \u201cla democracia y la justicia\u201d con la finalidad de pedir \u201crespeto a los derechos y las libertades fundamentales y exigir un juicio justo e imparcial para los representantes pol\u00edticos y sociales procesados por el 1-O\u201d.<\/span><\/p>\n<p style=\"text-align: justify;\"><span style=\"color: #000000;\">Al acto, que ha tenido lugar en el Sal\u00f3 de Cent del Ayuntamiento de Barcelona, se han convocado las autoridades municipales de toda Catalunya, indistintamente de su adscripci\u00f3n pol\u00edtica, para transmitir \u201cun mensaje de unidad a favor de la democracia y el respeto a los derechos humanos\u201d.<\/span><\/p>\n<p style=\"text-align: justify;\"><a href=\"http:\/\/bisbalpenedes.com\/web\/wp-content\/uploads\/2019\/02\/acte-10-de-febrer-acm.jpg\"><img loading=\"lazy\" class=\"aligncenter size-medium wp-image-8744\" src=\"http:\/\/bisbalpenedes.com\/web\/wp-content\/uploads\/2019\/02\/acte-10-de-febrer-acm-300x200.jpg\" alt=\"acte 10 de febrer acm\" width=\"300\" height=\"200\" srcset=\"https:\/\/bisbalpenedes.com\/web\/wp-content\/uploads\/2019\/02\/acte-10-de-febrer-acm-300x200.jpg 300w, https:\/\/bisbalpenedes.com\/web\/wp-content\/uploads\/2019\/02\/acte-10-de-febrer-acm-600x400.jpg 600w, https:\/\/bisbalpenedes.com\/web\/wp-content\/uploads\/2019\/02\/acte-10-de-febrer-acm.jpg 680w\" sizes=\"(max-width: 300px) 100vw, 300px\" \/><\/a><\/p>\n","protected":false},"excerpt":{"rendered":"<p>La primera tinent d\u2019alcaldia de l\u2019Ajuntament de la Bisbal del Pened\u00e8s, Judit Vidal, ha assistit avui a la convocat\u00f2ria d\u2019alcaldes que ha fet l\u2019Associaci\u00f3 Catalana de Municipis i Comarques per &hellip; <a href=\"https:\/\/bisbalpenedes.com\/web\/2019\/02\/10\/lajuntament-de-la-bisbal-ha-estat-present-en-la-convocatoria-dalcaldes-per-la-democracia-i-la-justicia-de-lacm\/\" class=\"more-link\">Read More<\/a><\/p>\n","protected":false},"author":4,"featured_media":8784,"comment_status":"closed","ping_status":"closed","sticky":false,"template":"","format":"standard","meta":[],"categories":[2057],"tags":[874,1511,876,383,2816,1561],"_links":{"self":[{"href":"https:\/\/bisbalpenedes.com\/web\/wp-json\/wp\/v2\/posts\/8742"}],"collection":[{"href":"https:\/\/bisbalpenedes.com\/web\/wp-json\/wp\/v2\/posts"}],"about":[{"href":"https:\/\/bisbalpenedes.com\/web\/wp-json\/wp\/v2\/types\/post"}],"author":[{"embeddable":true,"href":"https:\/\/bisbalpenedes.com\/web\/wp-json\/wp\/v2\/users\/4"}],"replies":[{"embeddable":true,"href":"https:\/\/bisbalpenedes.com\/web\/wp-json\/wp\/v2\/comments?post=8742"}],"version-history":[{"count":3,"href":"https:\/\/bisbalpenedes.com\/web\/wp-json\/wp\/v2\/posts\/8742\/revisions"}],"predecessor-version":[{"id":8785,"href":"https:\/\/bisbalpenedes.com\/web\/wp-json\/wp\/v2\/posts\/8742\/revisions\/8785"}],"wp:featuredmedia":[{"embeddable":true,"href":"https:\/\/bisbalpenedes.com\/web\/wp-json\/wp\/v2\/media\/8784"}],"wp:attachment":[{"href":"https:\/\/bisbalpenedes.com\/web\/wp-json\/wp\/v2\/media?parent=8742"}],"wp:term":[{"taxonomy":"category","embeddable":true,"href":"https:\/\/bisbalpenedes.com\/web\/wp-json\/wp\/v2\/categories?post=8742"},{"taxonomy":"post_tag","embeddable":true,"href":"https:\/\/bisbalpenedes.com\/web\/wp-json\/wp\/v2\/tags?post=8742"}],"curies":[{"name":"wp","href":"https:\/\/api.w.org\/{rel}","templated":true}]}}