{"id":8736,"date":"2019-02-06T13:31:22","date_gmt":"2019-02-06T12:31:22","guid":{"rendered":"http:\/\/bisbalpenedes.com\/web\/?p=8736"},"modified":"2019-02-06T13:35:48","modified_gmt":"2019-02-06T12:35:48","slug":"el-proper-dilluns-11-de-febrer-tindra-lloc-la-xerrada-i-despres-de-leso-que-a-linstitut-coster-de-la-torre","status":"publish","type":"post","link":"https:\/\/bisbalpenedes.com\/web\/2019\/02\/06\/el-proper-dilluns-11-de-febrer-tindra-lloc-la-xerrada-i-despres-de-leso-que-a-linstitut-coster-de-la-torre\/","title":{"rendered":"El proper dilluns 11 de febrer tindr\u00e0 lloc la xerrada &#8216;I despr\u00e9s de l&#8217;ESO qu\u00e8? a l&#8217;Institut Coster de la Torre"},"content":{"rendered":"<p><a href=\"http:\/\/bisbalpenedes.com\/web\/wp-content\/uploads\/2019\/02\/i-despres-de-leso.jpg\"><img loading=\"lazy\" class=\"aligncenter size-medium wp-image-8737\" src=\"http:\/\/bisbalpenedes.com\/web\/wp-content\/uploads\/2019\/02\/i-despres-de-leso-300x213.jpg\" alt=\"i despres de leso\" width=\"300\" height=\"213\" srcset=\"https:\/\/bisbalpenedes.com\/web\/wp-content\/uploads\/2019\/02\/i-despres-de-leso-300x213.jpg 300w, https:\/\/bisbalpenedes.com\/web\/wp-content\/uploads\/2019\/02\/i-despres-de-leso-600x426.jpg 600w, https:\/\/bisbalpenedes.com\/web\/wp-content\/uploads\/2019\/02\/i-despres-de-leso-768x545.jpg 768w, https:\/\/bisbalpenedes.com\/web\/wp-content\/uploads\/2019\/02\/i-despres-de-leso-1024x727.jpg 1024w, https:\/\/bisbalpenedes.com\/web\/wp-content\/uploads\/2019\/02\/i-despres-de-leso.jpg 1165w\" sizes=\"(max-width: 300px) 100vw, 300px\" \/><\/a><\/p>\n<p><span style=\"color: #000000;\">L&#8217;Institut Coster de la Torre acollir\u00e0 el proper dilluns 11 de febrer, a les 18.30h, la xerrada &#8220;I despr\u00e9s de l&#8217;ESO qu\u00e8?&#8221;, en el marc del cicle de xerrades d&#8217;orientaci\u00f3 acad\u00e8mica i professional per a pares i alumnes de 3r i 4t d&#8217;ESO de Jove Baix Pened\u00e8s. La finalitat de la trobada \u00e9s dotar els joves i les seves fam\u00edlies d&#8217;eines i elements de reflexi\u00f3 en un moment important com \u00e9s el punt de partida de la carrera acad\u00e8mica o professional. El dia de la\u00a0xerrada s&#8217;informar\u00e0 sobre els elements que cal tenir en compte per fer una bona elecci\u00f3 d&#8217;estudis, d&#8217;habilitats per con\u00e8ixer-se a un mateix, l&#8217;oferta i les alternatives a la formaci\u00f3 posterior als estudis d&#8217;ESO.<\/span><\/p>\n<p><span style=\"color: #000000;\">Per a m\u00e9s informaci\u00f3 podeu accedir a:\u00a0<a style=\"color: #000000;\" href=\"http:\/\/www.oficinajove.cat\/ca\/noticies\/cicle-de-xerrades-d-orientacio-academica-i-professional\" target=\"_blank\">http:\/\/www.oficinajove.cat\/ca\/noticies\/cicle-de-xerrades-d-orientacio-academica-i-professional<\/a><\/span><\/p>\n<hr \/>\n<p><span style=\"color: #000000;\"><strong>CASTELLANO |<\/strong> El Institut Coster de la Torre acoger\u00e1 el pr\u00f3ximo lunes 11 de febrero, a las 18.30h, la charla &#8220;\u00bfY despu\u00e9s de la ESO qu\u00e9?&#8221;, en el marco del ciclo de charlas de orientaci\u00f3n acad\u00e9mica y profesional para padres y alumnos de 3\u00ba y 4\u00ba de ESO de Jove Baix Pened\u00e8s. La finalidad del encuentro es dotar a los j\u00f3venes y a sus familias de herramientas y elementos de reflexi\u00f3n en un momento importante como es el punto de partida de la carrera acad\u00e9mica o profesional. El d\u00eda de la charla se informar\u00e1 sobre los elementos que hay que tener en cuenta para hacer una buena elecci\u00f3n de estudios, habilidades para conocerse a uno mismo, la oferta y las alternativas a la formaci\u00f3n posterior a los estudios de ESO.<\/span><\/p>\n<p><span style=\"color: #000000;\">Para m\u00e1s informaci\u00f3n pod\u00e9is acceder a:\u00a0<a style=\"color: #000000;\" href=\"http:\/\/www.oficinajove.cat\/ca\/noticies\/cicle-de-xerrades-d-orientacio-academica-i-professional\" target=\"_blank\">http:\/\/www.oficinajove.cat\/ca\/noticies\/cicle-de-xerrades-d-orientacio-academica-i-professional<\/a><\/span><\/p>\n<p>&nbsp;<\/p>\n","protected":false},"excerpt":{"rendered":"<p>L&#8217;Institut Coster de la Torre acollir\u00e0 el proper dilluns 11 de febrer, a les 18.30h, la xerrada &#8220;I despr\u00e9s de l&#8217;ESO qu\u00e8?&#8221;, en el marc del cicle de xerrades d&#8217;orientaci\u00f3 &hellip; <a href=\"https:\/\/bisbalpenedes.com\/web\/2019\/02\/06\/el-proper-dilluns-11-de-febrer-tindra-lloc-la-xerrada-i-despres-de-leso-que-a-linstitut-coster-de-la-torre\/\" class=\"more-link\">Read More<\/a><\/p>\n","protected":false},"author":4,"featured_media":8737,"comment_status":"closed","ping_status":"closed","sticky":false,"template":"","format":"standard","meta":[],"categories":[2397,1486],"tags":[1837,2815,1475,1057,45],"_links":{"self":[{"href":"https:\/\/bisbalpenedes.com\/web\/wp-json\/wp\/v2\/posts\/8736"}],"collection":[{"href":"https:\/\/bisbalpenedes.com\/web\/wp-json\/wp\/v2\/posts"}],"about":[{"href":"https:\/\/bisbalpenedes.com\/web\/wp-json\/wp\/v2\/types\/post"}],"author":[{"embeddable":true,"href":"https:\/\/bisbalpenedes.com\/web\/wp-json\/wp\/v2\/users\/4"}],"replies":[{"embeddable":true,"href":"https:\/\/bisbalpenedes.com\/web\/wp-json\/wp\/v2\/comments?post=8736"}],"version-history":[{"count":4,"href":"https:\/\/bisbalpenedes.com\/web\/wp-json\/wp\/v2\/posts\/8736\/revisions"}],"predecessor-version":[{"id":8741,"href":"https:\/\/bisbalpenedes.com\/web\/wp-json\/wp\/v2\/posts\/8736\/revisions\/8741"}],"wp:featuredmedia":[{"embeddable":true,"href":"https:\/\/bisbalpenedes.com\/web\/wp-json\/wp\/v2\/media\/8737"}],"wp:attachment":[{"href":"https:\/\/bisbalpenedes.com\/web\/wp-json\/wp\/v2\/media?parent=8736"}],"wp:term":[{"taxonomy":"category","embeddable":true,"href":"https:\/\/bisbalpenedes.com\/web\/wp-json\/wp\/v2\/categories?post=8736"},{"taxonomy":"post_tag","embeddable":true,"href":"https:\/\/bisbalpenedes.com\/web\/wp-json\/wp\/v2\/tags?post=8736"}],"curies":[{"name":"wp","href":"https:\/\/api.w.org\/{rel}","templated":true}]}}