{"id":8733,"date":"2019-02-06T11:27:22","date_gmt":"2019-02-06T10:27:22","guid":{"rendered":"http:\/\/bisbalpenedes.com\/web\/?p=8733"},"modified":"2019-02-06T11:27:55","modified_gmt":"2019-02-06T10:27:55","slug":"el-diumenge-24-de-febrer-18h-podreu-veure-petra-al-cmc-en-el-marc-del-cicle-gaudi","status":"publish","type":"post","link":"https:\/\/bisbalpenedes.com\/web\/2019\/02\/06\/el-diumenge-24-de-febrer-18h-podreu-veure-petra-al-cmc-en-el-marc-del-cicle-gaudi\/","title":{"rendered":"El diumenge 24 de febrer 18h podreu veure \u2018Petra\u2019 al CMC en el marc del Cicle Gaud\u00ed"},"content":{"rendered":"<p><a href=\"http:\/\/bisbalpenedes.com\/web\/wp-content\/uploads\/2019\/02\/visual_A3_PETRA_LA_BISBAL_PENEDES.jpg\"><img loading=\"lazy\" class=\"aligncenter size-medium wp-image-8734\" src=\"http:\/\/bisbalpenedes.com\/web\/wp-content\/uploads\/2019\/02\/visual_A3_PETRA_LA_BISBAL_PENEDES-213x300.jpg\" alt=\"visual_A3_PETRA_LA_BISBAL_PENEDES\" width=\"213\" height=\"300\" srcset=\"https:\/\/bisbalpenedes.com\/web\/wp-content\/uploads\/2019\/02\/visual_A3_PETRA_LA_BISBAL_PENEDES-213x300.jpg 213w, https:\/\/bisbalpenedes.com\/web\/wp-content\/uploads\/2019\/02\/visual_A3_PETRA_LA_BISBAL_PENEDES-600x843.jpg 600w, https:\/\/bisbalpenedes.com\/web\/wp-content\/uploads\/2019\/02\/visual_A3_PETRA_LA_BISBAL_PENEDES-768x1080.jpg 768w, https:\/\/bisbalpenedes.com\/web\/wp-content\/uploads\/2019\/02\/visual_A3_PETRA_LA_BISBAL_PENEDES-728x1024.jpg 728w, https:\/\/bisbalpenedes.com\/web\/wp-content\/uploads\/2019\/02\/visual_A3_PETRA_LA_BISBAL_PENEDES.jpg 1146w\" sizes=\"(max-width: 213px) 100vw, 213px\" \/><\/a><\/p>\n<p style=\"text-align: justify;\"><span style=\"color: #000000;\">El diumenge 24 de febrer, a les 18h, projectarem &#8216;Petra&#8217; a l&#8217;Auditori Salb\u00e0 del CMC en el marc del Cicle Gaud\u00ed.<\/span><\/p>\n<div class=\"wpb_text_column wpb_content_element \" style=\"text-align: justify;\">\n<div class=\"wpb_wrapper\">\n<h4><span style=\"text-decoration: underline;\"><span style=\"color: #000000; text-decoration: underline;\">FITXA\u00a0T\u00c8CNICA<\/span><\/span><\/h4>\n<\/div>\n<\/div>\n<div class=\"wpb_text_column wpb_content_element \" style=\"text-align: justify;\">\n<div class=\"wpb_wrapper\">\n<p><span style=\"color: #000000;\"><i class=\"qode_icon_font_awesome fa fa-chevron-right qode_icon_element\"><\/i>\u00a0Direcci\u00f3:\u00a0<strong>Jaime Rosales<\/strong><\/span><\/p>\n<p><span style=\"color: #000000;\"><i class=\"qode_icon_font_awesome fa fa-chevron-right qode_icon_element\"><\/i>\u00a0Gui\u00f3:\u00a0<strong>Jaime Rosales, Michel Gaztambide i Clara Roquet<\/strong><\/span><\/p>\n<p><span style=\"color: #000000;\"><i class=\"qode_icon_font_awesome fa fa-chevron-right qode_icon_element\"><\/i>\u00a0M\u00fasica:\u00a0<strong>Kristian Selin Eidnes Andersen<\/strong><\/span><\/p>\n<p><span style=\"color: #000000;\"><i class=\"qode_icon_font_awesome fa fa-chevron-right qode_icon_element\"><\/i>\u00a0Estrena:\u00a0<strong>Octubre de 2018<\/strong><\/span><\/p>\n<p><span style=\"color: #000000;\"><i class=\"qode_icon_font_awesome fa fa-chevron-right qode_icon_element\"><\/i>\u00a0Durada:\u00a0<strong>88\u00a0min.<\/strong><\/span><\/p>\n<p><span style=\"color: #000000;\"><i class=\"qode_icon_font_awesome fa fa-chevron-right qode_icon_element\"><\/i>\u00a0G\u00e8nere:\u00a0<strong>Drama, Suspens<\/strong><\/span><\/p>\n<p><span style=\"color: #000000;\"><i class=\"qode_icon_font_awesome fa fa-chevron-right qode_icon_element\"><\/i>\u00a0Versi\u00f3:\u00a0<strong>Original en catal\u00e0 i castell\u00e0<\/strong><\/span><\/p>\n<p><span style=\"color: #000000;\"><i class=\"qode_icon_font_awesome fa fa-chevron-right qode_icon_element\"><\/i>Int\u00e8rprets:<\/span><br \/>\n<span style=\"color: #000000;\"> <strong>B\u00e1rbara Lennie, Alex Brendem\u00fchl, Joan Botey, Marisa Paredes, Oriol Pla<\/strong><\/span><\/p>\n<\/div>\n<\/div>\n<p style=\"text-align: justify;\"><span style=\"text-decoration: underline;\"><span style=\"color: #000000; text-decoration: underline;\"><strong>SINOPSI<\/strong><\/span><\/span><\/p>\n<p style=\"text-align: justify;\"><span style=\"color: #000000;\">Petra \u00e9s una jove artista rebel que, malgrat els advertiments de la seva mare, busca la trobada amb el seu pare, la identitat del qual li ha estat sempre amagada. Jaume \u00e9s un c\u00e8lebre artista pl\u00e0stic que maltracta a tot aquell que t\u00e9 al seu al voltant. Lucas \u00e9s un fot\u00f2graf humanista que no aconsegueix desprendre\u2019s de l\u2019ombra del seu pare. La hist\u00f2ria d\u2019aquests tres personatges es va entreteixint en una espiral de maldat, secrets familiars, mort i viol\u00e8ncia. Malgrat els intents de Petra i Lucas per contenir la f\u00faria, la ranc\u00fania i l\u2019odi de Jaume, el dest\u00ed imposar\u00e0 la seva l\u00f2gica cruel.<\/span><\/p>\n<p style=\"text-align: justify;\"><span style=\"color: #000000;\"><strong>Nom\u00e9s al final, una revelaci\u00f3 inesperada permetr\u00e0 que Lucas i Petra trobin junts un cam\u00ed cap a la redempci\u00f3.<\/strong><\/span><\/p>\n<p><iframe loading=\"lazy\" src=\"https:\/\/www.youtube.com\/embed\/km4uNn77tqs\" width=\"560\" height=\"315\" frameborder=\"0\" allowfullscreen=\"allowfullscreen\"><\/iframe><\/p>\n<p><span style=\"color: #000000;\">El preu general de l\u2019entrada \u00e9s de 4,5\u20ac i s\u2019ofereix un preu redu\u00eft de 3\u20ac presentant el carnet de la Biblioteca Municipal de La Bisbal.<\/span><\/p>\n<p><span style=\"color: #000000;\">Quant a la recaptaci\u00f3, aquesta es destinar\u00e0 a l\u2019entitat del poble que s\u2019encarregui de gestionar la taquilla en cadascuna de les projeccions, en aquest cas\u00a0l\u2019Associaci\u00f3 de dones La Roca Foradada.<\/span><\/p>\n<p><span style=\"color: #000000;\">Per a m\u00e9s informaci\u00f3 podeu anar a l\u2019enlla\u00e7:\u00a0<a style=\"color: #000000;\" href=\"https:\/\/www.ciclegaudi.cat\/\" target=\"_blank\">https:\/\/www.ciclegaudi.cat\/<\/a><\/span><\/p>\n<hr \/>\n<p style=\"text-align: justify;\"><a href=\"http:\/\/bisbalpenedes.com\/web\/wp-content\/uploads\/2019\/02\/visual_A3_PETRA_LA_BISBAL_PENEDES.jpg\"><img loading=\"lazy\" class=\"aligncenter size-medium wp-image-8734\" src=\"http:\/\/bisbalpenedes.com\/web\/wp-content\/uploads\/2019\/02\/visual_A3_PETRA_LA_BISBAL_PENEDES-213x300.jpg\" alt=\"visual_A3_PETRA_LA_BISBAL_PENEDES\" width=\"213\" height=\"300\" srcset=\"https:\/\/bisbalpenedes.com\/web\/wp-content\/uploads\/2019\/02\/visual_A3_PETRA_LA_BISBAL_PENEDES-213x300.jpg 213w, https:\/\/bisbalpenedes.com\/web\/wp-content\/uploads\/2019\/02\/visual_A3_PETRA_LA_BISBAL_PENEDES-600x843.jpg 600w, https:\/\/bisbalpenedes.com\/web\/wp-content\/uploads\/2019\/02\/visual_A3_PETRA_LA_BISBAL_PENEDES-768x1080.jpg 768w, https:\/\/bisbalpenedes.com\/web\/wp-content\/uploads\/2019\/02\/visual_A3_PETRA_LA_BISBAL_PENEDES-728x1024.jpg 728w, https:\/\/bisbalpenedes.com\/web\/wp-content\/uploads\/2019\/02\/visual_A3_PETRA_LA_BISBAL_PENEDES.jpg 1146w\" sizes=\"(max-width: 213px) 100vw, 213px\" \/><\/a><\/p>\n<p style=\"text-align: justify;\"><span style=\"color: #000000;\"><strong>CASTELLANO |<\/strong> El domingo 24 de febrero, a las 18h, proyectaremos &#8216;Petra&#8217; en el Auditori Salb\u00e0 del CMC en el marco del Cicle Gaud\u00ed.<\/span><\/p>\n<div class=\"wpb_text_column wpb_content_element \" style=\"text-align: justify;\">\n<div class=\"wpb_wrapper\">\n<h4><span style=\"text-decoration: underline;\"><span style=\"color: #000000; text-decoration: underline;\">FITXA\u00a0T\u00c8CNICA<\/span><\/span><\/h4>\n<\/div>\n<\/div>\n<div class=\"wpb_text_column wpb_content_element \" style=\"text-align: justify;\">\n<div class=\"wpb_wrapper\">\n<p><span style=\"color: #000000;\">Direcci\u00f3n:\u00a0<strong>Jaime Rosales<\/strong><\/span><\/p>\n<p><span style=\"color: #000000;\">Gui\u00f3n:\u00a0<strong>Jaime Rosales, Michel Gaztambide y Clara Roquet<\/strong><\/span><\/p>\n<p><span style=\"color: #000000;\">M\u00fasica:\u00a0<strong>Kristian Selin Eidnes Andersen<\/strong><\/span><\/p>\n<p><span style=\"color: #000000;\">Estreno:\u00a0<strong>Octubre del 2018<\/strong><\/span><\/p>\n<p><span style=\"color: #000000;\">Duraci\u00f3n:\u00a0<strong>88\u00a0min.<\/strong><\/span><\/p>\n<p><span style=\"color: #000000;\">G\u00e9nero:\u00a0<strong>Drama, Suspens<\/strong><\/span><\/p>\n<p><span style=\"color: #000000;\">Versi\u00f3n:\u00a0<strong>Original en catal\u00e1n y castellano<\/strong><\/span><\/p>\n<p><span style=\"color: #000000;\">Int\u00e9rpretes:<\/span><br \/>\n<span style=\"color: #000000;\"> <strong>B\u00e1rbara Lennie, Alex Brendem\u00fchl, Joan Botey, Marisa Paredes, Oriol Pla<\/strong><\/span><\/p>\n<\/div>\n<\/div>\n<p style=\"text-align: justify;\"><span style=\"text-decoration: underline;\"><span style=\"color: #000000; text-decoration: underline;\"><strong>SINOPSIS<\/strong><\/span><\/span><\/p>\n<p style=\"text-align: justify;\"><span style=\"color: #000000;\">Petra es una joven artista rebelde que, a\u00fan con las advertencias de su madre, busca un encuentro con su padre, la identidad del cual le ha sido siempre escondida. Jaume es un c\u00e9lebre artista pl\u00e1stico que maltrata a todo aquel que tiene a su alrededor. Lucas es un fot\u00f3grafo humanista que no consigue desprenderse de la sombra de su padre. La historia de estos tres personajes se va entretejiendo en un espiral de maldad, secretos familiares, muerte y violencia. Aun con los intentos de Petra y Lucas por contener la furia, el rencor y el odio de Jaime, el destino impondr\u00e1 su l\u00f3gica cruel.<\/span><\/p>\n<p><iframe loading=\"lazy\" src=\"https:\/\/www.youtube.com\/embed\/km4uNn77tqs\" width=\"560\" height=\"315\" frameborder=\"0\" allowfullscreen=\"allowfullscreen\"><\/iframe><\/p>\n<p><span style=\"color: #000000;\">El precio general de la entrada es de 4,5\u20ac y se ofrece un precio reducido de 3\u20ac presentando el carn\u00e9 de la Biblioteca Municipal de la Bisbal.<\/span><\/p>\n<p><span style=\"color: #000000;\">En cuanto a la recaudaci\u00f3n, esta se destinar\u00e1 a la entidad del municipio que se encargue de gestionar la taquilla en cada una de las proyecciones, en este caso la Associaci\u00f3\u00a0de dones La Roca Foradada.<\/span><\/p>\n<p><span style=\"color: #000000;\">Para m\u00e1s informaci\u00f3n pod\u00e9is ir al enlace:\u00a0<a style=\"color: #000000;\" href=\"https:\/\/www.ciclegaudi.cat\/\" target=\"_blank\">https:\/\/www.ciclegaudi.cat\/<\/a><\/span><\/p>\n","protected":false},"excerpt":{"rendered":"<p>El diumenge 24 de febrer, a les 18h, projectarem &#8216;Petra&#8217; a l&#8217;Auditori Salb\u00e0 del CMC en el marc del Cicle Gaud\u00ed. FITXA\u00a0T\u00c8CNICA \u00a0Direcci\u00f3:\u00a0Jaime Rosales \u00a0Gui\u00f3:\u00a0Jaime Rosales, Michel Gaztambide i Clara &hellip; <a href=\"https:\/\/bisbalpenedes.com\/web\/2019\/02\/06\/el-diumenge-24-de-febrer-18h-podreu-veure-petra-al-cmc-en-el-marc-del-cicle-gaudi\/\" class=\"more-link\">Read More<\/a><\/p>\n","protected":false},"author":4,"featured_media":8734,"comment_status":"closed","ping_status":"closed","sticky":false,"template":"","format":"standard","meta":[],"categories":[13,8],"tags":[755,308,307,2814,2813],"_links":{"self":[{"href":"https:\/\/bisbalpenedes.com\/web\/wp-json\/wp\/v2\/posts\/8733"}],"collection":[{"href":"https:\/\/bisbalpenedes.com\/web\/wp-json\/wp\/v2\/posts"}],"about":[{"href":"https:\/\/bisbalpenedes.com\/web\/wp-json\/wp\/v2\/types\/post"}],"author":[{"embeddable":true,"href":"https:\/\/bisbalpenedes.com\/web\/wp-json\/wp\/v2\/users\/4"}],"replies":[{"embeddable":true,"href":"https:\/\/bisbalpenedes.com\/web\/wp-json\/wp\/v2\/comments?post=8733"}],"version-history":[{"count":1,"href":"https:\/\/bisbalpenedes.com\/web\/wp-json\/wp\/v2\/posts\/8733\/revisions"}],"predecessor-version":[{"id":8735,"href":"https:\/\/bisbalpenedes.com\/web\/wp-json\/wp\/v2\/posts\/8733\/revisions\/8735"}],"wp:featuredmedia":[{"embeddable":true,"href":"https:\/\/bisbalpenedes.com\/web\/wp-json\/wp\/v2\/media\/8734"}],"wp:attachment":[{"href":"https:\/\/bisbalpenedes.com\/web\/wp-json\/wp\/v2\/media?parent=8733"}],"wp:term":[{"taxonomy":"category","embeddable":true,"href":"https:\/\/bisbalpenedes.com\/web\/wp-json\/wp\/v2\/categories?post=8733"},{"taxonomy":"post_tag","embeddable":true,"href":"https:\/\/bisbalpenedes.com\/web\/wp-json\/wp\/v2\/tags?post=8733"}],"curies":[{"name":"wp","href":"https:\/\/api.w.org\/{rel}","templated":true}]}}