{"id":8727,"date":"2019-02-06T10:31:44","date_gmt":"2019-02-06T09:31:44","guid":{"rendered":"http:\/\/bisbalpenedes.com\/web\/?p=8727"},"modified":"2019-02-06T10:48:04","modified_gmt":"2019-02-06T09:48:04","slug":"la-brigada-municipal-incorpora-quatre-nous-treballadors-en-el-marc-del-programa-trefo-2018-2019","status":"publish","type":"post","link":"https:\/\/bisbalpenedes.com\/web\/2019\/02\/06\/la-brigada-municipal-incorpora-quatre-nous-treballadors-en-el-marc-del-programa-trefo-2018-2019\/","title":{"rendered":"La brigada municipal incorpora quatre nous treballadors en el marc del programa TREFO 2018-2019"},"content":{"rendered":"<figure id=\"attachment_8728\" aria-describedby=\"caption-attachment-8728\" style=\"width: 630px\" class=\"wp-caption aligncenter\"><a href=\"http:\/\/bisbalpenedes.com\/web\/wp-content\/uploads\/2019\/02\/trefo-1.jpg\"><img loading=\"lazy\" class=\"wp-image-8728 size-large\" src=\"http:\/\/bisbalpenedes.com\/web\/wp-content\/uploads\/2019\/02\/trefo-1-1024x768.jpg\" alt=\"trefo 2018 - comencen al gener 2019\" width=\"630\" height=\"473\" srcset=\"https:\/\/bisbalpenedes.com\/web\/wp-content\/uploads\/2019\/02\/trefo-1-1024x768.jpg 1024w, https:\/\/bisbalpenedes.com\/web\/wp-content\/uploads\/2019\/02\/trefo-1-600x450.jpg 600w, https:\/\/bisbalpenedes.com\/web\/wp-content\/uploads\/2019\/02\/trefo-1-300x225.jpg 300w, https:\/\/bisbalpenedes.com\/web\/wp-content\/uploads\/2019\/02\/trefo-1-768x576.jpg 768w\" sizes=\"(max-width: 630px) 100vw, 630px\" \/><\/a><figcaption id=\"caption-attachment-8728\" class=\"wp-caption-text\">La Regidora de Territori, Leo Uceda, amb els quatre treballadors que s&#8217;han incorporat a la brigada municipal<\/figcaption><\/figure>\n<p style=\"text-align: justify;\"><span style=\"color: #000000;\">Les Regidories de Territori i Ocupaci\u00f3 informen que el dijous, dia 31 de gener de 2019, es van incorporar quatre treballadors nous a la brigada municipal. Aquestes quatre persones treballaran com a peons de la brigada municipal de la Bisbal del Pened\u00e8s, tres amb un contracte de sis mesos i una amb un contracte d\u2019un any, en el marc del programa Treball i Formaci\u00f3 (TREFO).<\/span><\/p>\n<p style=\"text-align: justify;\"><span style=\"color: #000000;\">El programa TREFO subvenciona la contractaci\u00f3 de persones en atur que no perceben prestacions o subsidis de desocupaci\u00f3 i persones en atur i benefici\u00e0ries de la Renda M\u00ednima d\u2019Inserci\u00f3. La contractaci\u00f3 es fa a trav\u00e9s del Consell Comarcal del Baix Pened\u00e8s i est\u00e0 inclosa en el marc del programa Treball i Formaci\u00f3 de l\u2019any 2018 cofinan\u00e7at pel Fons Social Europeu \u201cEl Fons Social Europeu inverteix en el teu futur\u201d, pel Servei P\u00fablic d\u2019Ocupaci\u00f3 de Catalunya i pel Servicio P\u00fablico de Empleo Estatal.<\/span><\/p>\n<hr \/>\n<p style=\"text-align: justify;\"><span style=\"color: #000000;\"><strong>CASTELLANO |<\/strong>\u00a0Las Concejal\u00edas de Territorio y Ocupaci\u00f3n informan que el jueves, d\u00eda 31 de enero del 2019, se incorporaron cuatro trabajadores nuevos a la brigada municipal. Estas cuatro personas trabajar\u00e1n como peones en la brigada municipal de la Bisbal del Pened\u00e8s, tres con un contrato de seis meses y una con un contrato de un a\u00f1o, en el marco del programa &#8216;Treball i Formaci\u00f3&#8217; (TREFO).<\/span><\/p>\n<p style=\"text-align: justify;\"><span style=\"color: #000000;\">El programa TREFO subvenciona la contrataci\u00f3n de personas en paro que no perciben prestaciones o subsidios de desocupaci\u00f3n y personas en paro y beneficiarias de la Renta M\u00ednima de Inserci\u00f3n. La contrataci\u00f3n se hace a trav\u00e9s del Consell Comarcal del Baix Pened\u00e8s y est\u00e1 incluida en el marco del programa &#8216;Treball i Formaci\u00f3&#8217; del a\u00f1o 2018, cofinanciada por el Fondo Social Europeo &#8220;El Fondo Social Europeo invierte en tu futuro&#8221;, por el Servei P\u00fablic de Ocupaci\u00f3 de Catalunya y por el Servicio P\u00fablico de Empleo Estatal.<\/span><\/p>\n","protected":false},"excerpt":{"rendered":"<p>Les Regidories de Territori i Ocupaci\u00f3 informen que el dijous, dia 31 de gener de 2019, es van incorporar quatre treballadors nous a la brigada municipal. Aquestes quatre persones treballaran &hellip; <a href=\"https:\/\/bisbalpenedes.com\/web\/2019\/02\/06\/la-brigada-municipal-incorpora-quatre-nous-treballadors-en-el-marc-del-programa-trefo-2018-2019\/\" class=\"more-link\">Read More<\/a><\/p>\n","protected":false},"author":4,"featured_media":8728,"comment_status":"closed","ping_status":"closed","sticky":false,"template":"","format":"standard","meta":[],"categories":[9,1377],"tags":[2462,1056,10,2812,2742,213],"_links":{"self":[{"href":"https:\/\/bisbalpenedes.com\/web\/wp-json\/wp\/v2\/posts\/8727"}],"collection":[{"href":"https:\/\/bisbalpenedes.com\/web\/wp-json\/wp\/v2\/posts"}],"about":[{"href":"https:\/\/bisbalpenedes.com\/web\/wp-json\/wp\/v2\/types\/post"}],"author":[{"embeddable":true,"href":"https:\/\/bisbalpenedes.com\/web\/wp-json\/wp\/v2\/users\/4"}],"replies":[{"embeddable":true,"href":"https:\/\/bisbalpenedes.com\/web\/wp-json\/wp\/v2\/comments?post=8727"}],"version-history":[{"count":4,"href":"https:\/\/bisbalpenedes.com\/web\/wp-json\/wp\/v2\/posts\/8727\/revisions"}],"predecessor-version":[{"id":8732,"href":"https:\/\/bisbalpenedes.com\/web\/wp-json\/wp\/v2\/posts\/8727\/revisions\/8732"}],"wp:featuredmedia":[{"embeddable":true,"href":"https:\/\/bisbalpenedes.com\/web\/wp-json\/wp\/v2\/media\/8728"}],"wp:attachment":[{"href":"https:\/\/bisbalpenedes.com\/web\/wp-json\/wp\/v2\/media?parent=8727"}],"wp:term":[{"taxonomy":"category","embeddable":true,"href":"https:\/\/bisbalpenedes.com\/web\/wp-json\/wp\/v2\/categories?post=8727"},{"taxonomy":"post_tag","embeddable":true,"href":"https:\/\/bisbalpenedes.com\/web\/wp-json\/wp\/v2\/tags?post=8727"}],"curies":[{"name":"wp","href":"https:\/\/api.w.org\/{rel}","templated":true}]}}