{"id":8719,"date":"2019-02-05T10:41:11","date_gmt":"2019-02-05T09:41:11","guid":{"rendered":"http:\/\/bisbalpenedes.com\/web\/?p=8719"},"modified":"2019-02-05T10:44:04","modified_gmt":"2019-02-05T09:44:04","slug":"aquest-dilluns-4-de-febrer-lajuntament-de-la-bisbal-ha-donat-la-benvinguda-als-nous-empadronats","status":"publish","type":"post","link":"https:\/\/bisbalpenedes.com\/web\/2019\/02\/05\/aquest-dilluns-4-de-febrer-lajuntament-de-la-bisbal-ha-donat-la-benvinguda-als-nous-empadronats\/","title":{"rendered":"Aquest dilluns 4 de febrer l\u2019Ajuntament de la Bisbal ha donat la benvinguda als nous empadronats"},"content":{"rendered":"<p><a href=\"http:\/\/bisbalpenedes.com\/web\/wp-content\/uploads\/2019\/02\/Photo-04-02-2019-19-17-39.jpg\"><img loading=\"lazy\" class=\"aligncenter size-large wp-image-8720\" src=\"http:\/\/bisbalpenedes.com\/web\/wp-content\/uploads\/2019\/02\/Photo-04-02-2019-19-17-39-1024x768.jpg\" alt=\"nouvinguts febrer 2019\" width=\"630\" height=\"473\" srcset=\"https:\/\/bisbalpenedes.com\/web\/wp-content\/uploads\/2019\/02\/Photo-04-02-2019-19-17-39-1024x768.jpg 1024w, https:\/\/bisbalpenedes.com\/web\/wp-content\/uploads\/2019\/02\/Photo-04-02-2019-19-17-39-600x450.jpg 600w, https:\/\/bisbalpenedes.com\/web\/wp-content\/uploads\/2019\/02\/Photo-04-02-2019-19-17-39-300x225.jpg 300w, https:\/\/bisbalpenedes.com\/web\/wp-content\/uploads\/2019\/02\/Photo-04-02-2019-19-17-39-768x576.jpg 768w\" sizes=\"(max-width: 630px) 100vw, 630px\" \/><\/a><\/p>\n<p style=\"text-align: justify;\"><span style=\"color: #000000;\">Aquest dilluns\u00a04 de febrer\u00a0l\u2019Ajuntament de la Bisbal ha fet una rebuda als nouvinguts al municipi. L\u2019acte, que s\u2019ha dut a terme a l\u2019Auditori Salb\u00e0 del CMC, tenia com a objectiu fer un apropament de l\u2019Ajuntament als ve\u00efns que s\u2019han empadronat al municipi en els darrers mesos i facilitar-los informaci\u00f3 d\u2019utilitat relacionada amb la vila de la Bisbal. Aix\u00ed, s\u2019ha confeccionat una revista adre\u00e7ada als nous empadronats amb informaci\u00f3 sobre el consistori, els serveis p\u00fablics que s\u2019ofereixen al municipi, les festes que s\u2019hi celebren, les entitats que hi ha a la vila, els ajuts i subvencions que ofereix l\u2019Ajuntament i diversos tel\u00e8fons d\u2019inter\u00e8s. A m\u00e9s, dins de la carpeta\u00a0que s\u2019ha entregat, s\u2019hi han adjuntat un mapa del municipi, els horaris del bus, el darrer n\u00famero de la revista municipal Torre de Guaita, els d\u00edptics de diverses campanyes i activitats que organitza l\u2019Ajuntament i el calendari de pagament d\u2019impostos i tributs. En aquesta ocasi\u00f3, l\u2019Ajuntament\u00a0ha obsequiat els nous empadronats amb una bossa de tela serigrafiada amb dos s\u00edmbols de la Bisbal: l\u2019escut i el campanar.<\/span><\/p>\n<p style=\"text-align: justify;\"><span style=\"color: #000000;\">Despr\u00e9s de l\u2019acte, els assistents han pogut brindar amb una copa de cava i gaudir d\u2019un petit aperitiu, uns moments que\u00a0han servit perqu\u00e8 els nous ve\u00efns s&#8217;hagin pogut con\u00e8ixer una mica millor.<\/span><\/p>\n<hr \/>\n<p style=\"text-align: justify;\"><span style=\"color: #000000;\"><strong>CASTELLANO |<\/strong>\u00a0Este lunes\u00a04 de febrero el Ayuntamiento de la Bisbal ha recibido a los reci\u00e9n llegados al municipio. El acto, que se ha desarrollado en el Auditorio Salb\u00e0 del CMC, ten\u00eda como objetivo hacer un acercamiento del Ayuntamiento a los vecinos que se han empadronado en el municipio en los \u00faltimos meses y facilitarles informaci\u00f3n de utilidad relacionada con el pueblo de la Bisbal. As\u00ed, se ha confeccionado una revista dirigida a los nuevos empadronados con informaci\u00f3n sobre el consistorio, los servicios p\u00fablicos que se ofrecen en el municipio, las fiestas que se celebran, las entidades que hay en el pueblo, las ayudas y subvenciones que ofrece el Ayuntamiento y varios tel\u00e9fonos de inter\u00e9s. Adem\u00e1s, dentro de la carpeta que se ha entregado, tambi\u00e9n se ha adjuntado un mapa del municipio, los horarios del bus, el \u00faltimo n\u00famero de la revista municipal Torre de Guaita, los d\u00edpticos de varias campa\u00f1as y actividades que organiza el ayuntamiento y el calendario de pago de impuestos y tributos. En esta ocasi\u00f3n, el Ayuntamiento ha obsequiado a los nuevos empadronados con una bolsa de tela serigrafiada con dos s\u00edmbolos de la Bisbal: el escudo del municipio y el campanario.<\/span><\/p>\n<p style=\"text-align: justify;\"><span style=\"color: #000000;\">Despu\u00e9s del acto, los asistentes han podido brindar con una copa de cava y disfrutar de un peque\u00f1o aperitivo, unos momentos que han servido para que los nuevos vecinos hayan podido conocerse un poco mejor.<\/span><\/p>\n","protected":false},"excerpt":{"rendered":"<p>Aquest dilluns\u00a04 de febrer\u00a0l\u2019Ajuntament de la Bisbal ha fet una rebuda als nouvinguts al municipi. L\u2019acte, que s\u2019ha dut a terme a l\u2019Auditori Salb\u00e0 del CMC, tenia com a objectiu &hellip; <a href=\"https:\/\/bisbalpenedes.com\/web\/2019\/02\/05\/aquest-dilluns-4-de-febrer-lajuntament-de-la-bisbal-ha-donat-la-benvinguda-als-nous-empadronats\/\" class=\"more-link\">Read More<\/a><\/p>\n","protected":false},"author":4,"featured_media":8720,"comment_status":"closed","ping_status":"closed","sticky":false,"template":"","format":"standard","meta":[],"categories":[2402],"tags":[2524,1445,415,2525],"_links":{"self":[{"href":"https:\/\/bisbalpenedes.com\/web\/wp-json\/wp\/v2\/posts\/8719"}],"collection":[{"href":"https:\/\/bisbalpenedes.com\/web\/wp-json\/wp\/v2\/posts"}],"about":[{"href":"https:\/\/bisbalpenedes.com\/web\/wp-json\/wp\/v2\/types\/post"}],"author":[{"embeddable":true,"href":"https:\/\/bisbalpenedes.com\/web\/wp-json\/wp\/v2\/users\/4"}],"replies":[{"embeddable":true,"href":"https:\/\/bisbalpenedes.com\/web\/wp-json\/wp\/v2\/comments?post=8719"}],"version-history":[{"count":4,"href":"https:\/\/bisbalpenedes.com\/web\/wp-json\/wp\/v2\/posts\/8719\/revisions"}],"predecessor-version":[{"id":8724,"href":"https:\/\/bisbalpenedes.com\/web\/wp-json\/wp\/v2\/posts\/8719\/revisions\/8724"}],"wp:featuredmedia":[{"embeddable":true,"href":"https:\/\/bisbalpenedes.com\/web\/wp-json\/wp\/v2\/media\/8720"}],"wp:attachment":[{"href":"https:\/\/bisbalpenedes.com\/web\/wp-json\/wp\/v2\/media?parent=8719"}],"wp:term":[{"taxonomy":"category","embeddable":true,"href":"https:\/\/bisbalpenedes.com\/web\/wp-json\/wp\/v2\/categories?post=8719"},{"taxonomy":"post_tag","embeddable":true,"href":"https:\/\/bisbalpenedes.com\/web\/wp-json\/wp\/v2\/tags?post=8719"}],"curies":[{"name":"wp","href":"https:\/\/api.w.org\/{rel}","templated":true}]}}